{"id":37741,"date":"2025-07-27T08:27:47","date_gmt":"2025-07-27T12:27:47","guid":{"rendered":"https:\/\/noticiasveraces.com\/?p=37741"},"modified":"2025-07-27T08:27:47","modified_gmt":"2025-07-27T12:27:47","slug":"los-incendios-forestales-de-turquia-amenazan-la-cuarta-ciudad-mas-grande-forzando-1-700-evacuaciones","status":"publish","type":"post","link":"https:\/\/noticiasveraces.com\/?p=37741","title":{"rendered":"Los incendios forestales de Turqu\u00eda amenazan la cuarta ciudad m\u00e1s grande, forzando 1.700 evacuaciones"},"content":{"rendered":"<p> \n<\/p>\n<div>\n<div id=\"beyondwords-wrapper\" class=\"beyondwords-wrapper\">\n<p><span class=\"label-bg\">NUEVO<\/span>\u00a1Ahora puedes escuchar art\u00edculos de Fox News!\n  <\/p>\n<\/div>\n<p class=\"speakable\">Los incendios forestales que han acosado a Turqu\u00eda durante semanas ahora amenazan la cuarta ciudad m\u00e1s grande del pa\u00eds el domingo, obligando a 1.700 evacuaciones y dejando a otro bombero muerto.<\/p>\n<p class=\"speakable\">Los incendios rodean la ciudad de Bursa en el noroeste de Turqu\u00eda, y el gobierno dijo que ha evacuado a 1.765 personas y despleg\u00f3 aproximadamente 1.900 bomberos para combatir el incendio. Hasta ahora, la conflagraci\u00f3n ha quemado m\u00e1s de 7,000 acres y reclam\u00f3 la vida de al menos un bombero, que tuvo un ataque card\u00edaco en la escena.<\/p>\n<p>El ministro forestal, Ibrahim Yumakli, dijo que los equipos de bomberos en todo el pa\u00eds enfrentaron 84 incendios separados el s\u00e1bado. El noroeste del pa\u00eds estaba bajo la mayor amenaza, incluido Karabuk, donde los incendios forestales se han quemado desde el martes, dijo.<\/p>\n<p>La Direcci\u00f3n General de Meteorolog\u00eda dijo que Turqu\u00eda registr\u00f3 su temperatura m\u00e1s alta de 122.9 grados Fahrenheit en la provincia del sudeste de Sirnak el viernes. <\/p>\n<p><strong><u>La campa\u00f1a de socorro de Fox Corporation recauda $ 6.5 millones para ayudar a las comunidades de Texas golpeadas por inundaciones devastadoras<\/u><\/strong><\/p>\n<div class=\"image-ct inline\">\n<div class=\"m\"><picture><source media=\"(max-width: 767px)\" srcset=\"https:\/\/a57.foxnews.com\/static.foxnews.com\/foxnews.com\/content\/uploads\/2025\/07\/343\/192\/turkey-fire.jpg?ve=1&amp;tl=1, https:\/\/a57.foxnews.com\/static.foxnews.com\/foxnews.com\/content\/uploads\/2025\/07\/686\/384\/turkey-fire.jpg?ve=1&amp;tl=1 2x\" height=\"192\" width=\"343\"><source media=\"(min-width: 768px) and (max-width: 1023px)\" srcset=\"https:\/\/a57.foxnews.com\/static.foxnews.com\/foxnews.com\/content\/uploads\/2025\/07\/672\/378\/turkey-fire.jpg?ve=1&amp;tl=1, https:\/\/a57.foxnews.com\/static.foxnews.com\/foxnews.com\/content\/uploads\/2025\/07\/1344\/756\/turkey-fire.jpg?ve=1&amp;tl=1 2x\" height=\"378\" width=\"672\"><source media=\"(min-width: 1024px) and (max-width: 1279px)\" srcset=\"https:\/\/a57.foxnews.com\/static.foxnews.com\/foxnews.com\/content\/uploads\/2025\/07\/931\/523\/turkey-fire.jpg?ve=1&amp;tl=1, https:\/\/a57.foxnews.com\/static.foxnews.com\/foxnews.com\/content\/uploads\/2025\/07\/1862\/1046\/turkey-fire.jpg?ve=1&amp;tl=1 2x\" height=\"523\" width=\"931\"><source media=\"(min-width: 1280px)\" srcset=\"https:\/\/a57.foxnews.com\/static.foxnews.com\/foxnews.com\/content\/uploads\/2025\/07\/720\/405\/turkey-fire.jpg?ve=1&amp;tl=1, https:\/\/a57.foxnews.com\/static.foxnews.com\/foxnews.com\/content\/uploads\/2025\/07\/1440\/810\/turkey-fire.jpg?ve=1&amp;tl=1 2x\" height=\"405\" width=\"720\"><img loading=\"lazy\" decoding=\"async\" src=\"https:\/\/a57.foxnews.com\/static.foxnews.com\/foxnews.com\/content\/uploads\/2025\/07\/1200\/675\/turkey-fire.jpg?ve=1&amp;tl=1\" alt=\"incendio de pavo\" width=\"1200\" height=\"675\"\/><\/source><\/source><\/source><\/source><\/picture><\/div>\n<div class=\"info\">\n<div class=\"caption\">\n<p><span>Un incendio forestal se enfurece en un \u00e1rea boscosa cerca de la aldea de Cavuslar, en el distrito de Karabuk, noroeste de Turqu\u00eda, el mi\u00e9rcoles 23 de julio de 2025.<\/span> <span>(Associated Press)<\/span><\/p>\n<\/div>\n<\/div>\n<\/div>\n<p>Catorce personas han muerto en las \u00faltimas semanas, incluidos 10 voluntarios de rescate y trabajadores forestales asesinados el mi\u00e9rcoles en un incendio en Eskisehir en el oeste de Turqu\u00eda.<\/p>\n<p>El ministro de Justicia, Yilmaz TUNC, dijo el s\u00e1bado por la noche que los fiscales hab\u00edan investigado incendios en 33 provincias desde el 26 de junio, y que se hab\u00edan tomado medidas legales contra 97 sospechosos.<\/p>\n<p><strong><u>La polic\u00eda de Los \u00c1ngeles espera reunir a los propietarios de armas de fuego con armas despu\u00e9s de devastando incendio de Palisades<\/u><\/strong><\/p>\n<div class=\"image-ct inline\">\n<div class=\"m\"><picture><source media=\"(max-width: 767px)\" srcset=\"https:\/\/a57.foxnews.com\/static.foxnews.com\/foxnews.com\/content\/uploads\/2025\/07\/343\/192\/turkey-funeral-2.jpg?ve=1&amp;tl=1, https:\/\/a57.foxnews.com\/static.foxnews.com\/foxnews.com\/content\/uploads\/2025\/07\/686\/384\/turkey-funeral-2.jpg?ve=1&amp;tl=1 2x\" height=\"192\" width=\"343\"><source media=\"(min-width: 768px) and (max-width: 1023px)\" srcset=\"https:\/\/a57.foxnews.com\/static.foxnews.com\/foxnews.com\/content\/uploads\/2025\/07\/672\/378\/turkey-funeral-2.jpg?ve=1&amp;tl=1, https:\/\/a57.foxnews.com\/static.foxnews.com\/foxnews.com\/content\/uploads\/2025\/07\/1344\/756\/turkey-funeral-2.jpg?ve=1&amp;tl=1 2x\" height=\"378\" width=\"672\"><source media=\"(min-width: 1024px) and (max-width: 1279px)\" srcset=\"https:\/\/a57.foxnews.com\/static.foxnews.com\/foxnews.com\/content\/uploads\/2025\/07\/931\/523\/turkey-funeral-2.jpg?ve=1&amp;tl=1, https:\/\/a57.foxnews.com\/static.foxnews.com\/foxnews.com\/content\/uploads\/2025\/07\/1862\/1046\/turkey-funeral-2.jpg?ve=1&amp;tl=1 2x\" height=\"523\" width=\"931\"><source media=\"(min-width: 1280px)\" srcset=\"https:\/\/a57.foxnews.com\/static.foxnews.com\/foxnews.com\/content\/uploads\/2025\/07\/720\/405\/turkey-funeral-2.jpg?ve=1&amp;tl=1, https:\/\/a57.foxnews.com\/static.foxnews.com\/foxnews.com\/content\/uploads\/2025\/07\/1440\/810\/turkey-funeral-2.jpg?ve=1&amp;tl=1 2x\" height=\"405\" width=\"720\"><img loading=\"lazy\" decoding=\"async\" src=\"https:\/\/a57.foxnews.com\/static.foxnews.com\/foxnews.com\/content\/uploads\/2025\/07\/1200\/675\/turkey-funeral-2.jpg?ve=1&amp;tl=1\" alt=\"Funeral de Turqu\u00eda\" width=\"1200\" height=\"675\"\/><\/source><\/source><\/source><\/source><\/picture><\/div>\n<div class=\"info\">\n<div class=\"caption\">\n<p><span>Los familiares y amigos lloran durante el funeral de cinco voluntarios de rescate asesinados mientras luchaban contra un incendio forestal en la provincia del noroeste de Eskisehir, en Ankara, Turqu\u00eda, jueves 24 de julio de 2025.<\/span> <span>(Associated Press)<\/span><\/p>\n<\/div>\n<\/div>\n<\/div>\n<p>Los incendios han amenazado con cruzar las fronteras en los pa\u00edses vecinos de Turqu\u00eda de Grecia y Bulgaria.<\/p>\n<p>El jefe del Servicio Nacional de Bomberos de Bulgaria, Alexander Djartov, dijo que han solicitado la ayuda de socios de la Uni\u00f3n Europea para combatir los incendios. Dijo que se esperaban aviones de la Rep\u00fablica Checa, Eslovaquia, Francia, Hungr\u00eda y Suecia m\u00e1s tarde el domingo.<\/p>\n<div class=\"image-ct inline\">\n<div class=\"m\"><picture><source media=\"(max-width: 767px)\" srcset=\"https:\/\/a57.foxnews.com\/static.foxnews.com\/foxnews.com\/content\/uploads\/2025\/07\/343\/192\/turkey-funeral.jpg?ve=1&amp;tl=1, https:\/\/a57.foxnews.com\/static.foxnews.com\/foxnews.com\/content\/uploads\/2025\/07\/686\/384\/turkey-funeral.jpg?ve=1&amp;tl=1 2x\" height=\"192\" width=\"343\"><source media=\"(min-width: 768px) and (max-width: 1023px)\" srcset=\"https:\/\/a57.foxnews.com\/static.foxnews.com\/foxnews.com\/content\/uploads\/2025\/07\/672\/378\/turkey-funeral.jpg?ve=1&amp;tl=1, https:\/\/a57.foxnews.com\/static.foxnews.com\/foxnews.com\/content\/uploads\/2025\/07\/1344\/756\/turkey-funeral.jpg?ve=1&amp;tl=1 2x\" height=\"378\" width=\"672\"><source media=\"(min-width: 1024px) and (max-width: 1279px)\" srcset=\"https:\/\/a57.foxnews.com\/static.foxnews.com\/foxnews.com\/content\/uploads\/2025\/07\/931\/523\/turkey-funeral.jpg?ve=1&amp;tl=1, https:\/\/a57.foxnews.com\/static.foxnews.com\/foxnews.com\/content\/uploads\/2025\/07\/1862\/1046\/turkey-funeral.jpg?ve=1&amp;tl=1 2x\" height=\"523\" width=\"931\"><source media=\"(min-width: 1280px)\" srcset=\"https:\/\/a57.foxnews.com\/static.foxnews.com\/foxnews.com\/content\/uploads\/2025\/07\/720\/405\/turkey-funeral.jpg?ve=1&amp;tl=1, https:\/\/a57.foxnews.com\/static.foxnews.com\/foxnews.com\/content\/uploads\/2025\/07\/1440\/810\/turkey-funeral.jpg?ve=1&amp;tl=1 2x\" height=\"405\" width=\"720\"><img loading=\"lazy\" decoding=\"async\" src=\"https:\/\/a57.foxnews.com\/static.foxnews.com\/foxnews.com\/content\/uploads\/2025\/07\/1200\/675\/turkey-funeral.jpg?ve=1&amp;tl=1\" alt=\"Funeral de Turqu\u00eda\" width=\"1200\" height=\"675\"\/><\/source><\/source><\/source><\/source><\/picture><\/div>\n<div class=\"info\">\n<div class=\"caption\">\n<p><span>Los soldados turcos llevan los ata\u00fades de cinco voluntarios de rescate asesinados mientras luchan contra un incendio forestal en la provincia del noroeste de Eskisehir, en Ankara, Turqu\u00eda, jueves 24 de julio de 2025.<\/span> <span>(Associated Press)<\/span><\/p>\n<\/div>\n<\/div>\n<\/div>\n<p> <strong><u>Haga clic aqu\u00ed para obtener la aplicaci\u00f3n Fox News<\/u><\/strong><\/p>\n<p>Turqu\u00eda dice que ha usado los militares para reforzar a los bomberos asediados en muchas \u00e1reas.<\/p>\n<p><i>Associated Press contribuy\u00f3 a este informe.<\/i><\/p>\n<p> <!----> <\/p>\n<div class=\"article-meta\">\n<div class=\"author-bio\">\n<p>Anders Hagstrom es un reportero de Fox News Digital que cubre la pol\u00edtica nacional y los principales eventos de noticias de \u00faltima hora. Env\u00ede consejos a Anders.hagstrom@fox.com, o en Twitter: @hagstrom_anders.<\/p>\n<\/div>\n<\/div>\n<\/div>\n\n","protected":false},"excerpt":{"rendered":"<p>NUEVO\u00a1Ahora puedes escuchar art\u00edculos de Fox News! Los incendios forestales que han acosado a Turqu\u00eda durante semanas ahora amenazan la cuarta ciudad m\u00e1s grande del pa\u00eds el domingo, obligando a 1.700 evacuaciones y dejando a otro bombero muerto. Los incendios rodean la ciudad de Bursa en el noroeste de Turqu\u00eda, y el gobierno dijo que &hellip;<\/p>\n","protected":false},"author":1,"featured_media":37743,"comment_status":"open","ping_status":"open","sticky":false,"template":"","format":"standard","meta":{"fifu_image_url":"https:\/\/static.foxnews.com\/foxnews.com\/content\/uploads\/2025\/07\/turkey-fire.jpg","fifu_image_alt":"","footnotes":""},"categories":[13],"tags":[],"class_list":["post-37741","post","type-post","status-publish","format-standard","has-post-thumbnail","","category-mundo"],"_links":{"self":[{"href":"https:\/\/noticiasveraces.com\/index.php?rest_route=\/wp\/v2\/posts\/37741","targetHints":{"allow":["GET"]}}],"collection":[{"href":"https:\/\/noticiasveraces.com\/index.php?rest_route=\/wp\/v2\/posts"}],"about":[{"href":"https:\/\/noticiasveraces.com\/index.php?rest_route=\/wp\/v2\/types\/post"}],"author":[{"embeddable":true,"href":"https:\/\/noticiasveraces.com\/index.php?rest_route=\/wp\/v2\/users\/1"}],"replies":[{"embeddable":true,"href":"https:\/\/noticiasveraces.com\/index.php?rest_route=%2Fwp%2Fv2%2Fcomments&post=37741"}],"version-history":[{"count":0,"href":"https:\/\/noticiasveraces.com\/index.php?rest_route=\/wp\/v2\/posts\/37741\/revisions"}],"wp:featuredmedia":[{"embeddable":true,"href":"https:\/\/noticiasveraces.com\/index.php?rest_route=\/wp\/v2\/media\/37743"}],"wp:attachment":[{"href":"https:\/\/noticiasveraces.com\/index.php?rest_route=%2Fwp%2Fv2%2Fmedia&parent=37741"}],"wp:term":[{"taxonomy":"category","embeddable":true,"href":"https:\/\/noticiasveraces.com\/index.php?rest_route=%2Fwp%2Fv2%2Fcategories&post=37741"},{"taxonomy":"post_tag","embeddable":true,"href":"https:\/\/noticiasveraces.com\/index.php?rest_route=%2Fwp%2Fv2%2Ftags&post=37741"}],"curies":[{"name":"wp","href":"https:\/\/api.w.org\/{rel}","templated":true}]}}