{"id":37738,"date":"2025-07-27T07:26:23","date_gmt":"2025-07-27T11:26:23","guid":{"rendered":"https:\/\/noticiasveraces.com\/?p=37738"},"modified":"2025-07-27T07:26:23","modified_gmt":"2025-07-27T11:26:23","slug":"la-estrategia-de-sanciones-de-rusia-de-trump-funcionara-puede-llevar-anos-para-terminar-la-guerra-experto","status":"publish","type":"post","link":"https:\/\/noticiasveraces.com\/?p=37738","title":{"rendered":"La estrategia de sanciones de Rusia de Trump funcionar\u00e1, puede llevar &#8216;a\u00f1os&#8217; para terminar la guerra: experto"},"content":{"rendered":"<p> \n<\/p>\n<div>\n<div id=\"beyondwords-wrapper\" class=\"beyondwords-wrapper\">\n<p><span class=\"label-bg\">NUEVO<\/span>\u00a1Ahora puedes escuchar art\u00edculos de Fox News!\n  <\/p>\n<\/div>\n<p class=\"speakable\">El enfoque del presidente Donald Trump con el presidente ruso Vladimir Putin gir\u00f3 dr\u00e1sticamente este mes cuando, por primera vez desde que regres\u00f3 a la Casa Blanca, no solo confirm\u00f3 su apoyo a Ucrania en un acuerdo de armas de la OTAN, sino que emiti\u00f3 un ultim\u00e1tum al jefe del Kremlin.<\/p>\n<p class=\"speakable\">La advertencia lleg\u00f3 en un mensaje claro: entrar en un acuerdo de paz con Ucrania o enfrentar fuertes sanciones internacionales sobre su principal producto, las ventas de petr\u00f3leo.<\/p>\n<p>Si bien la medida ha sido defendida por algunos, otros han sido cuestionado por otros que debaten si ser\u00e1 suficiente para disuadir las ambiciones de guerra de Putin en Ucrania. Un experto en seguridad est\u00e1 argumentando que el plan funcionar\u00e1, pero podr\u00eda llevar a\u00f1os ser efectivo.<\/p>\n<div class=\"image-ct inline\">\n<div class=\"m\"><picture><source media=\"(max-width: 767px)\" srcset=\"https:\/\/a57.foxnews.com\/static.foxnews.com\/foxnews.com\/content\/uploads\/2018\/09\/343\/192\/9baf6b25-trump-putin.jpg?ve=1&amp;tl=1, https:\/\/a57.foxnews.com\/static.foxnews.com\/foxnews.com\/content\/uploads\/2018\/09\/686\/384\/9baf6b25-trump-putin.jpg?ve=1&amp;tl=1 2x\" height=\"192\" width=\"343\"><source media=\"(min-width: 768px) and (max-width: 1023px)\" srcset=\"https:\/\/a57.foxnews.com\/static.foxnews.com\/foxnews.com\/content\/uploads\/2018\/09\/672\/378\/9baf6b25-trump-putin.jpg?ve=1&amp;tl=1, https:\/\/a57.foxnews.com\/static.foxnews.com\/foxnews.com\/content\/uploads\/2018\/09\/1344\/756\/9baf6b25-trump-putin.jpg?ve=1&amp;tl=1 2x\" height=\"378\" width=\"672\"><source media=\"(min-width: 1024px) and (max-width: 1279px)\" srcset=\"https:\/\/a57.foxnews.com\/static.foxnews.com\/foxnews.com\/content\/uploads\/2018\/09\/931\/523\/9baf6b25-trump-putin.jpg?ve=1&amp;tl=1, https:\/\/a57.foxnews.com\/static.foxnews.com\/foxnews.com\/content\/uploads\/2018\/09\/1862\/1046\/9baf6b25-trump-putin.jpg?ve=1&amp;tl=1 2x\" height=\"523\" width=\"931\"><source media=\"(min-width: 1280px)\" srcset=\"https:\/\/a57.foxnews.com\/static.foxnews.com\/foxnews.com\/content\/uploads\/2018\/09\/720\/405\/9baf6b25-trump-putin.jpg?ve=1&amp;tl=1, https:\/\/a57.foxnews.com\/static.foxnews.com\/foxnews.com\/content\/uploads\/2018\/09\/1440\/810\/9baf6b25-trump-putin.jpg?ve=1&amp;tl=1 2x\" height=\"405\" width=\"720\"><img loading=\"lazy\" decoding=\"async\" src=\"https:\/\/a57.foxnews.com\/static.foxnews.com\/foxnews.com\/content\/uploads\/2018\/09\/1200\/675\/9baf6b25-trump-putin.jpg?ve=1&amp;tl=1\" alt=\"El presidente de los Estados Unidos, Donald Trump, y el presidente de Rusia, Vladimir Putin, hablan durante la sesi\u00f3n de fotos familiares en la Cumbre APEC en Danang, Vietnam, 11 de noviembre de 2017. Reuters\/Jorge Silva - RC1B1EDB0E40\" width=\"1200\" height=\"675\"\/><\/source><\/source><\/source><\/source><\/picture><\/div>\n<div class=\"info\">\n<div class=\"caption\">\n<p><span>El presidente Trump habla con el presidente ruso Vladimir Putin durante su primer mandato. <\/span> <span>(Reuters\/Jorge Silva)<\/span><\/p>\n<\/div>\n<\/div>\n<\/div>\n<p><strong>El jefe de la OTAN elogia las ventas de armas de Trump a los aliados como un movimiento \u00absignificativo\u00bb que podr\u00eda obligar a Putin a negociar<\/strong><\/p>\n<p>\u00abCreo que ser\u00e1 efectivo, y \u00e9l se apegar\u00e1 a esa estrategia. Continuar\u00e1 empujando a Putin a regresar a la mesa de negociaci\u00f3n y negociar de buena fe, no llegar a la mesa de negociaci\u00f3n, hacer promesas que los rusos no planean mantener\u00bb, Fred Fleitz, quien se desempe\u00f1\u00f3 como asistente de subdirector de Trump y Jefe de Estado Mayor del Consejo de Seguridad Nacional durante el primer mandato del Presidente, dijo Fox News Digital.<\/p>\n<p>\u00abEso es algo que Trump no va a tolerar\u00bb, agreg\u00f3 Fleitz. \u00abVeremos que estos son solo los primeros seis meses de la presidencia de Trump. Esto puede tardar un par de a\u00f1os en resolverse\u00bb.<\/p>\n<p>Pero Trump hizo campa\u00f1a para terminar con las guerras en Ucrania y Gaza, lo que ha demostrado ser m\u00e1s complicado de lo que sugiri\u00f3 de la campa\u00f1a. Y no todos en el Partido Republicano han respaldado su enfoque cuando se trata de Europa, incluido un firme partidario de Trump, la representante Marjorie Taylor Greene.<\/p>\n<p>\u00abNo queremos dar ni vender armas a Ucrania o participar en ninguna guerra extranjera o continuar con el flujo interminable de ayuda extranjera\u00bb, dijo Greene en X. \u00abQueremos resolver nuestros propios problemas que afectan a nuestra propia gente\u00bb. <\/p>\n<p>Fleitz se\u00f1al\u00f3 la decisi\u00f3n de Trump de atacar directamente a Ir\u00e1n y argument\u00f3 que reflejaba la capacidad de Trump de ser \u00e1gil como l\u00edder. <\/p>\n<p>\u00abMir\u00f3 la inteligencia y se dio cuenta de que se estaba acercando demasiado, y decidi\u00f3 ajustar su pol\u00edtica, que fue la primera diplomacia\u00bb, dijo Fleitz.<\/p>\n<p>\u00abPero Trump tambi\u00e9n especific\u00f3 algo muy importante. Le dijo a sus partidarios: &#8216;Se me ocurri\u00f3 un concepto del enfoque estadounidense para la seguridad nacional de los Estados Unidos, y decido qu\u00e9 hay en \u00e9l\u00bb, agreg\u00f3 Fleitz. \u00abTiene la propiedad de este enfoque, y se ajustar\u00e1 si es necesario\u00bb.<\/p>\n<div class=\"image-ct inline\">\n<div class=\"m\"><picture><source media=\"(max-width: 767px)\" srcset=\"https:\/\/a57.foxnews.com\/static.foxnews.com\/foxnews.com\/content\/uploads\/2025\/06\/343\/192\/mark-rutte-donald-trump-2025.jpg?ve=1&amp;tl=1, https:\/\/a57.foxnews.com\/static.foxnews.com\/foxnews.com\/content\/uploads\/2025\/06\/686\/384\/mark-rutte-donald-trump-2025.jpg?ve=1&amp;tl=1 2x\" height=\"192\" width=\"343\"><source media=\"(min-width: 768px) and (max-width: 1023px)\" srcset=\"https:\/\/a57.foxnews.com\/static.foxnews.com\/foxnews.com\/content\/uploads\/2025\/06\/672\/378\/mark-rutte-donald-trump-2025.jpg?ve=1&amp;tl=1, https:\/\/a57.foxnews.com\/static.foxnews.com\/foxnews.com\/content\/uploads\/2025\/06\/1344\/756\/mark-rutte-donald-trump-2025.jpg?ve=1&amp;tl=1 2x\" height=\"378\" width=\"672\"><source media=\"(min-width: 1024px) and (max-width: 1279px)\" srcset=\"https:\/\/a57.foxnews.com\/static.foxnews.com\/foxnews.com\/content\/uploads\/2025\/06\/931\/523\/mark-rutte-donald-trump-2025.jpg?ve=1&amp;tl=1, https:\/\/a57.foxnews.com\/static.foxnews.com\/foxnews.com\/content\/uploads\/2025\/06\/1862\/1046\/mark-rutte-donald-trump-2025.jpg?ve=1&amp;tl=1 2x\" height=\"523\" width=\"931\"><source media=\"(min-width: 1280px)\" srcset=\"https:\/\/a57.foxnews.com\/static.foxnews.com\/foxnews.com\/content\/uploads\/2025\/06\/720\/405\/mark-rutte-donald-trump-2025.jpg?ve=1&amp;tl=1, https:\/\/a57.foxnews.com\/static.foxnews.com\/foxnews.com\/content\/uploads\/2025\/06\/1440\/810\/mark-rutte-donald-trump-2025.jpg?ve=1&amp;tl=1 2x\" height=\"405\" width=\"720\"><img loading=\"lazy\" decoding=\"async\" src=\"https:\/\/a57.foxnews.com\/static.foxnews.com\/foxnews.com\/content\/uploads\/2025\/06\/1200\/675\/mark-rutte-donald-trump-2025.jpg?ve=1&amp;tl=1\" alt=\"El presidente Donald Trump se sienta con el secretario general de la OTAN Mark Rutte\" width=\"1200\" height=\"675\"\/><\/source><\/source><\/source><\/source><\/picture><\/div>\n<div class=\"info\">\n<div class=\"caption\">\n<p><span>El presidente Donald Trump se re\u00fane con el secretario general de la OTAN Mark Rutte en la Cumbre de la OTAN en La Haya, Pa\u00edses Bajos, el 25 de junio de 2025. <\/span> <span>(Reuters\/Brian Snyder)<\/span><\/p>\n<\/div>\n<\/div>\n<\/div>\n<p><strong>Trump dice que nos enviar\u00e1 misiles patriotas a Ucrania, agrega que Putin &#8216;habla bien y luego bombea a todos&#8217;<\/strong><\/p>\n<p>Aunque Trump hab\u00eda dejado en claro por la campa\u00f1a que quer\u00eda ver a Europa asumir un papel principal en la guerra en Ucrania, la semana pasada contrarrest\u00f3 un importante tema de conversaci\u00f3n de algunos dentro de su partido, incluido el vicepresidente JD Vance.<\/p>\n<p>Vance ha argumentado en contra de armar Ucrania y dijo en un art\u00edculo de opini\u00f3n el a\u00f1o pasado \u00ab,[It] No es solo cuesti\u00f3n de d\u00f3lares. Fundamentalmente, nos faltan la capacidad de fabricar la cantidad de armas que Ucrania necesita para suministrar para ganar la guerra \u00ab.<\/p>\n<p>Trump acord\u00f3 vender las principales armas de los Estados Unidos que luego se suministrar\u00e1n a Ucrania.<\/p>\n<p>\u00abQueremos defender a nuestro pa\u00eds. Pero, en \u00faltima instancia, tener una Europa fuerte es algo muy bueno\u00bb, dijo Trump, sentado junto al secretario general de la OTAN, Mark Rutte.<\/p>\n<p>Los expertos en seguridad han argumentado en gran medida que el futuro de la capacidad de negociaci\u00f3n de Ucrania y, en \u00faltima instancia, el final de la guerra, se desarrollar\u00e1 en el campo de batalla. <\/p>\n<p>El jueves, John Hardie, subdirector del programa de Rusia de FDD, dijo a los legisladores estadounidenses de la Comisi\u00f3n Helsinki, tambi\u00e9n conocida como Comisi\u00f3n de Seguridad y Cooperaci\u00f3n en Europa, en una sesi\u00f3n informativa de defensa de que Ucrania necesita ser suministrada con capacidades de ataque de largo alcance que pueden afectar las plantas de misiles y drones rusos clave.<\/p>\n<div class=\"image-ct inline\">\n<div class=\"m\"><picture><source media=\"(max-width: 767px)\" srcset=\"https:\/\/a57.foxnews.com\/static.foxnews.com\/foxnews.com\/content\/uploads\/2025\/07\/343\/192\/ukraine-weapons.jpg?ve=1&amp;tl=1, https:\/\/a57.foxnews.com\/static.foxnews.com\/foxnews.com\/content\/uploads\/2025\/07\/686\/384\/ukraine-weapons.jpg?ve=1&amp;tl=1 2x\" height=\"192\" width=\"343\"><source media=\"(min-width: 768px) and (max-width: 1023px)\" srcset=\"https:\/\/a57.foxnews.com\/static.foxnews.com\/foxnews.com\/content\/uploads\/2025\/07\/672\/378\/ukraine-weapons.jpg?ve=1&amp;tl=1, https:\/\/a57.foxnews.com\/static.foxnews.com\/foxnews.com\/content\/uploads\/2025\/07\/1344\/756\/ukraine-weapons.jpg?ve=1&amp;tl=1 2x\" height=\"378\" width=\"672\"><source media=\"(min-width: 1024px) and (max-width: 1279px)\" srcset=\"https:\/\/a57.foxnews.com\/static.foxnews.com\/foxnews.com\/content\/uploads\/2025\/07\/931\/523\/ukraine-weapons.jpg?ve=1&amp;tl=1, https:\/\/a57.foxnews.com\/static.foxnews.com\/foxnews.com\/content\/uploads\/2025\/07\/1862\/1046\/ukraine-weapons.jpg?ve=1&amp;tl=1 2x\" height=\"523\" width=\"931\"><source media=\"(min-width: 1280px)\" srcset=\"https:\/\/a57.foxnews.com\/static.foxnews.com\/foxnews.com\/content\/uploads\/2025\/07\/720\/405\/ukraine-weapons.jpg?ve=1&amp;tl=1, https:\/\/a57.foxnews.com\/static.foxnews.com\/foxnews.com\/content\/uploads\/2025\/07\/1440\/810\/ukraine-weapons.jpg?ve=1&amp;tl=1 2x\" height=\"405\" width=\"720\"><img loading=\"lazy\" decoding=\"async\" src=\"https:\/\/a57.foxnews.com\/static.foxnews.com\/foxnews.com\/content\/uploads\/2025\/07\/1200\/675\/ukraine-weapons.jpg?ve=1&amp;tl=1\" alt=\"Sistema de misiles de defensa a\u00e9rea de Patriot\" width=\"1200\" height=\"675\"\/><\/source><\/source><\/source><\/source><\/picture><\/div>\n<div class=\"info\">\n<div class=\"caption\">\n<p><span>Los soldados ucranianos y alemanes entrenan en el sistema de misiles de defensa a\u00e9rea Patriot en un \u00e1rea de entrenamiento militar en Alemania en junio de 2024.<\/span> <span>(Jens B\u00fcttner\/Picture Alliance a trav\u00e9s de Getty Images)<\/span><\/p>\n<\/div>\n<\/div>\n<\/div>\n<p><strong>&#8216;Trump ha cambiado el juego&#8217;: la OTAN entra en una nueva era valiente bajo presi\u00f3n de nosotros, Rusia<\/strong><\/p>\n<p>\u00abUcrania no deber\u00eda estar restringida simplemente a derribar &#8216;flechas'\u00bb, dijo Hardie. \u00abUn enfoque \u00f3ptimo combinar\u00e1 tanto la ofensiva como la defensa. Ucrania necesita poder golpear al &#8216;arquero&#8217; y las f\u00e1bricas que hacen las &#8216;flechas&#8217;.<\/p>\n<p>\u00abPutin continuar\u00e1 su guerra no provocada siempre que crea que es sostenible y ofrece un camino para lograr sus objetivos\u00bb, argument\u00f3 Hardie. \u00abAl apuntalar la defensa de Ucrania de sus cielos y permitiendo a Ucrania infligir costos crecientes en la m\u00e1quina de guerra de Rusia, as\u00ed como presionar a la econom\u00eda rusa y agotar el potencial ofensivo de Rusia en el terreno, podemos cambiar ese c\u00e1lculo\u00bb.<\/p>\n<p>Pero Fleitz, quien se desempe\u00f1a como vicepresidente del Centro de Seguridad Americana del America First Policy Institute, dijo que cree que esta guerra solo llegar\u00e1 a su fin cuando se asegure un acuerdo de armisticio. <\/p>\n<p>\u00abCreo que probablemente habr\u00e1 un armisticio donde ambas partes aceptar\u00e1n suspender la lucha\u00bb, dijo Fleitz. \u00abAlg\u00fan d\u00eda, encontraremos una l\u00ednea donde ambas naciones aceptar\u00e1n dejar de pelear\u00bb.<\/p>\n<p>En \u00faltima instancia, \u00e9l cree que esto suceder\u00e1 por Ucrania acordando no unirse a la OTAN durante un cierto per\u00edodo de tiempo, aunque con la comprensi\u00f3n de Mosc\u00fa de que Kyiv estar\u00e1 fuertemente armado por los aliados occidentales. <\/p>\n<div class=\"image-ct inline\">\n<div class=\"m\"><picture><source media=\"(max-width: 767px)\" srcset=\"https:\/\/a57.foxnews.com\/static.foxnews.com\/foxnews.com\/content\/uploads\/2025\/04\/343\/192\/ukraine.jpg?ve=1&amp;tl=1, https:\/\/a57.foxnews.com\/static.foxnews.com\/foxnews.com\/content\/uploads\/2025\/04\/686\/384\/ukraine.jpg?ve=1&amp;tl=1 2x\" height=\"192\" width=\"343\"><source media=\"(min-width: 768px) and (max-width: 1023px)\" srcset=\"https:\/\/a57.foxnews.com\/static.foxnews.com\/foxnews.com\/content\/uploads\/2025\/04\/672\/378\/ukraine.jpg?ve=1&amp;tl=1, https:\/\/a57.foxnews.com\/static.foxnews.com\/foxnews.com\/content\/uploads\/2025\/04\/1344\/756\/ukraine.jpg?ve=1&amp;tl=1 2x\" height=\"378\" width=\"672\"><source media=\"(min-width: 1024px) and (max-width: 1279px)\" srcset=\"https:\/\/a57.foxnews.com\/static.foxnews.com\/foxnews.com\/content\/uploads\/2025\/04\/931\/523\/ukraine.jpg?ve=1&amp;tl=1, https:\/\/a57.foxnews.com\/static.foxnews.com\/foxnews.com\/content\/uploads\/2025\/04\/1862\/1046\/ukraine.jpg?ve=1&amp;tl=1 2x\" height=\"523\" width=\"931\"><source media=\"(min-width: 1280px)\" srcset=\"https:\/\/a57.foxnews.com\/static.foxnews.com\/foxnews.com\/content\/uploads\/2025\/04\/720\/405\/ukraine.jpg?ve=1&amp;tl=1, https:\/\/a57.foxnews.com\/static.foxnews.com\/foxnews.com\/content\/uploads\/2025\/04\/1440\/810\/ukraine.jpg?ve=1&amp;tl=1 2x\" height=\"405\" width=\"720\"><img loading=\"lazy\" decoding=\"async\" src=\"https:\/\/a57.foxnews.com\/static.foxnews.com\/foxnews.com\/content\/uploads\/2025\/04\/1200\/675\/ukraine.jpg?ve=1&amp;tl=1\" alt=\"Presidente de Trump y Ucrania en una reuni\u00f3n\" width=\"1200\" height=\"675\"\/><\/source><\/source><\/source><\/source><\/picture><\/div>\n<div class=\"info\">\n<div class=\"caption\">\n<p><span>En esta foto proporcionada por la oficina de prensa presidencial de Ucrania, el presidente de Ucrania, Volodymyr Zelenskyy, derecha, y el presidente Donald Trump, hablan mientras asisten al funeral del Papa Francisco en el Vaticano el 26 de abril de 2025.<\/span> <span>(Oficina de prensa presidencial ucraniana a trav\u00e9s de AP)<\/span><\/p>\n<\/div>\n<\/div>\n<\/div>\n<p><strong>Haga clic aqu\u00ed para obtener la aplicaci\u00f3n Fox News<\/strong><\/p>\n<p>\u00abCreo que hay una manera de hacer esto en la que Rusia no estar\u00eda preocupada por la creciente influencia de Europa occidental en Ucrania, y Ucrania no estar\u00eda preocupado de que Rusia invadir\u00e1 una vez que se declare un alto el fuego o el armisticio\u00bb, agreg\u00f3. \u00abTal vez este es un sue\u00f1o imposible, pero creo que esa es la forma m\u00e1s realista de detener la lucha.<\/p>\n<p>\u00abSabemos que por los conflictos de la historia como este llevan tiempo; la paz lleva tiempo\u00bb, dijo Fleitz. \u00abCreo que con el tiempo, Trump tendr\u00e1 un efecto en Putin\u00bb.<\/p>\n<p> <!----> <\/p>\n<div class=\"article-meta\">\n<div class=\"author-bio\">\n<p>Caitlin McFall es reportero de Fox News Digital Cubting Politics, US y World News.<\/p>\n<\/div>\n<\/div>\n<\/div>\n\n","protected":false},"excerpt":{"rendered":"<p>NUEVO\u00a1Ahora puedes escuchar art\u00edculos de Fox News! El enfoque del presidente Donald Trump con el presidente ruso Vladimir Putin gir\u00f3 dr\u00e1sticamente este mes cuando, por primera vez desde que regres\u00f3 a la Casa Blanca, no solo confirm\u00f3 su apoyo a Ucrania en un acuerdo de armas de la OTAN, sino que emiti\u00f3 un ultim\u00e1tum al &hellip;<\/p>\n","protected":false},"author":1,"featured_media":37740,"comment_status":"open","ping_status":"open","sticky":false,"template":"","format":"standard","meta":{"fifu_image_url":"https:\/\/static.foxnews.com\/foxnews.com\/content\/uploads\/2025\/02\/zelensly-trump-putin.jpg","fifu_image_alt":"","footnotes":""},"categories":[13],"tags":[],"class_list":["post-37738","post","type-post","status-publish","format-standard","has-post-thumbnail","","category-mundo"],"_links":{"self":[{"href":"https:\/\/noticiasveraces.com\/index.php?rest_route=\/wp\/v2\/posts\/37738","targetHints":{"allow":["GET"]}}],"collection":[{"href":"https:\/\/noticiasveraces.com\/index.php?rest_route=\/wp\/v2\/posts"}],"about":[{"href":"https:\/\/noticiasveraces.com\/index.php?rest_route=\/wp\/v2\/types\/post"}],"author":[{"embeddable":true,"href":"https:\/\/noticiasveraces.com\/index.php?rest_route=\/wp\/v2\/users\/1"}],"replies":[{"embeddable":true,"href":"https:\/\/noticiasveraces.com\/index.php?rest_route=%2Fwp%2Fv2%2Fcomments&post=37738"}],"version-history":[{"count":0,"href":"https:\/\/noticiasveraces.com\/index.php?rest_route=\/wp\/v2\/posts\/37738\/revisions"}],"wp:featuredmedia":[{"embeddable":true,"href":"https:\/\/noticiasveraces.com\/index.php?rest_route=\/wp\/v2\/media\/37740"}],"wp:attachment":[{"href":"https:\/\/noticiasveraces.com\/index.php?rest_route=%2Fwp%2Fv2%2Fmedia&parent=37738"}],"wp:term":[{"taxonomy":"category","embeddable":true,"href":"https:\/\/noticiasveraces.com\/index.php?rest_route=%2Fwp%2Fv2%2Fcategories&post=37738"},{"taxonomy":"post_tag","embeddable":true,"href":"https:\/\/noticiasveraces.com\/index.php?rest_route=%2Fwp%2Fv2%2Ftags&post=37738"}],"curies":[{"name":"wp","href":"https:\/\/api.w.org\/{rel}","templated":true}]}}