{"id":37729,"date":"2025-07-27T05:24:27","date_gmt":"2025-07-27T09:24:27","guid":{"rendered":"https:\/\/noticiasveraces.com\/?p=37729"},"modified":"2025-07-27T05:24:27","modified_gmt":"2025-07-27T09:24:27","slug":"paramilitares-forman-gobierno-paralelo-al-de-jartum-dw-27-07-2025","status":"publish","type":"post","link":"https:\/\/noticiasveraces.com\/?p=37729","title":{"rendered":"paramilitares forman Gobierno paralelo al de Jartum \u2013 DW \u2013 27\/07\/2025"},"content":{"rendered":"<p> \n<\/p>\n<div>\n<p>Una alianza de grupos opositores sudaneses liderada por los paramilitares de las Fuerzas de Apoyo R\u00e1pido (FAR) anunci\u00f3 la formaci\u00f3n de un Consejo Presidencial y Gobierno paralelo en Sud\u00e1n, una medida vista como un paso hacia una mayor fragmentaci\u00f3n en un pa\u00eds en guerra desde hace m\u00e1s de dos a\u00f1os.<\/p>\n<p>Seg\u00fan un comunicado difundido en redes sociales, la llamada Alianza Fundacional de Sud\u00e1n, compuesta por las FAR y otros grupos pol\u00edticos y militares afines, se aclara que esas decisiones fueron tomadas durante una serie de reuniones de representantes de los grupos de dicha coalici\u00f3n en la ciudad de Nyala, capital de Darfur del Sur, controlada por los paramilitares.<\/p>\n<p>\u00abSe decidi\u00f3 la formaci\u00f3n de un Consejo Presidencial compuesto por 15 miembros entre ellos los gobernadores de los estados\u00bb de Sud\u00e1n, dijo el comunicado, firmado por el portavoz de la citada alianza, Alaedin Naqd. En la misma nota se indic\u00f3 que ese consejo ser\u00e1 presidido por el l\u00edder de las FAR Mohamed Hamdan Dagalo -alias Hemedti-, mientras que el vicepresidente ser\u00e1 el l\u00edder del Movimiento de Liberaci\u00f3n del Pueblo de Sud\u00e1n-Norte (SPLM-N), Abdelaziz al Hilu, aliado de los paramilitares desde principios de a\u00f1o.<\/p>\n<h2>Rechazo desde Jartum<\/h2>\n<p>El Ej\u00e9rcito sudan\u00e9s, liderado por el hombre fuerte de Sud\u00e1n, Abdelfatah al Burhan, conden\u00f3 este domingo (27.07.2025) desde la capital de Jartum\u00a0los anuncios de la alianza opositora, y confi\u00f3 en que Sud\u00e1n \u00abpermanecer\u00e1 unido, por mucho que se ampl\u00ede el c\u00edrculo de conspiraci\u00f3n en su contra\u00bb.<\/p>\n<p>\u00abEs una vergonzosa representaci\u00f3n de una mezcla distorsionada de ignorantes y criminales de guerra. Es un intento pat\u00e9tico de legitimar su proyecto criminal y promover la agenda de sus patrocinadores extranjeros\u00bb, dijo el portavoz militar Nabil Abdala.<\/p>\n<p>La alianza opositora hab\u00eda anunciado a principios de julio la formaci\u00f3n de su \u00f3rgano de direcci\u00f3n, compuesto por 31 miembros y liderado tambi\u00e9n por Hemedti, antiguo aliado de Al Burhan pero que se convirtieron en enemigos justo antes del inicio de la guerra en abril de 2023 en el contexto de su lucha por el poder.<\/p>\n<p>(Efe, AFP\/MN)<\/p>\n<\/p>\n<\/div>\n\n","protected":false},"excerpt":{"rendered":"<p>Una alianza de grupos opositores sudaneses liderada por los paramilitares de las Fuerzas de Apoyo R\u00e1pido (FAR) anunci\u00f3 la formaci\u00f3n de un Consejo Presidencial y Gobierno paralelo en Sud\u00e1n, una medida vista como un paso hacia una mayor fragmentaci\u00f3n en un pa\u00eds en guerra desde hace m\u00e1s de dos a\u00f1os. Seg\u00fan un comunicado difundido en &hellip;<\/p>\n","protected":false},"author":1,"featured_media":37730,"comment_status":"open","ping_status":"open","sticky":false,"template":"","format":"standard","meta":{"fifu_image_url":"https:\/\/static.dw.com\/image\/71666525_6.jpg","fifu_image_alt":"","footnotes":""},"categories":[13],"tags":[],"class_list":["post-37729","post","type-post","status-publish","format-standard","has-post-thumbnail","","category-mundo"],"_links":{"self":[{"href":"https:\/\/noticiasveraces.com\/index.php?rest_route=\/wp\/v2\/posts\/37729","targetHints":{"allow":["GET"]}}],"collection":[{"href":"https:\/\/noticiasveraces.com\/index.php?rest_route=\/wp\/v2\/posts"}],"about":[{"href":"https:\/\/noticiasveraces.com\/index.php?rest_route=\/wp\/v2\/types\/post"}],"author":[{"embeddable":true,"href":"https:\/\/noticiasveraces.com\/index.php?rest_route=\/wp\/v2\/users\/1"}],"replies":[{"embeddable":true,"href":"https:\/\/noticiasveraces.com\/index.php?rest_route=%2Fwp%2Fv2%2Fcomments&post=37729"}],"version-history":[{"count":0,"href":"https:\/\/noticiasveraces.com\/index.php?rest_route=\/wp\/v2\/posts\/37729\/revisions"}],"wp:featuredmedia":[{"embeddable":true,"href":"https:\/\/noticiasveraces.com\/index.php?rest_route=\/wp\/v2\/media\/37730"}],"wp:attachment":[{"href":"https:\/\/noticiasveraces.com\/index.php?rest_route=%2Fwp%2Fv2%2Fmedia&parent=37729"}],"wp:term":[{"taxonomy":"category","embeddable":true,"href":"https:\/\/noticiasveraces.com\/index.php?rest_route=%2Fwp%2Fv2%2Fcategories&post=37729"},{"taxonomy":"post_tag","embeddable":true,"href":"https:\/\/noticiasveraces.com\/index.php?rest_route=%2Fwp%2Fv2%2Ftags&post=37729"}],"curies":[{"name":"wp","href":"https:\/\/api.w.org\/{rel}","templated":true}]}}