{"id":37725,"date":"2025-07-27T05:11:26","date_gmt":"2025-07-27T09:11:26","guid":{"rendered":"https:\/\/noticiasveraces.com\/?p=37725"},"modified":"2025-07-27T05:11:26","modified_gmt":"2025-07-27T09:11:26","slug":"el-calor-transforma-las-ciudades-llega-el-momento-de-despavimentar-clima-y-medio-ambiente","status":"publish","type":"post","link":"https:\/\/noticiasveraces.com\/?p=37725","title":{"rendered":"El calor transforma las ciudades: llega el momento de despavimentar | Clima y Medio Ambiente"},"content":{"rendered":"<p> \n<\/p>\n<div data-dtm-region=\"articulo_cuerpo\">\n<p class=\"\">Durante d\u00e9cadas, las ciudades han domesticado la naturaleza a trav\u00e9s de pavimento y asfalto, dejando un espacio reducido a \u00e1rboles, plantas y biodiversidad. La emergencia clim\u00e1tica obliga a replantear esta relaci\u00f3n y apostar por las infraestructuras verdes urbanas: elementos naturales interconectados que ayudan a mitigar las temperaturas extremas. Para impulsarlos, los expertos apuestan por reverdecer las urbes siguiendo la regla del 3-30-300, sustituir pavimento y asfalto por suelos porosos que retengan agua, usar los solares vac\u00edos para plantar \u00e1rboles, impulsar los refugios clim\u00e1ticos y apostar por tejados verdes en los edificios p\u00fablicos. <\/p>\n<p class=\"\">\u201cCuando hablamos de ecosistemas, solemos pensar en bosques o selvas\u201d, se arranca Miguel D\u00edaz Carro, responsable de Biodiversidad de la ONG Amigas de la Tierra. \u201cLas infraestructuras verdes trasladan esa idea a la ciudad, donde no puede haber un bosque, pero s\u00ed elementos que configuran ese ecosistema, que puede incluir desde parques y jardines a huertos comunitarios u otros espacios naturales que permitan la conectividad de flora y fauna en la ciudad\u201d, a\u00f1ade.<\/p>\n<figure class=\"a_m a_m-h \"><span class=\"_db a_m_w _pr lb_btn\"><img alt=\"Esto es una plaza, espacio comunitario y renaturalizado en Lavapi\u00e9s (Madrid). \" decoding=\"auto\" class=\"_re lazyload a_m-h\" height=\"276\" srcset=\"https:\/\/imagenes.elpais.com\/resizer\/v2\/M6C7FUWILJBQ5PNSSFJEN76WPA.JPG?auth=6321d43727dccb7872816c18802133fb88c82cdd11ebe90f67467c7689742e73&amp;width=414 414w,https:\/\/imagenes.elpais.com\/resizer\/v2\/M6C7FUWILJBQ5PNSSFJEN76WPA.JPG?auth=6321d43727dccb7872816c18802133fb88c82cdd11ebe90f67467c7689742e73&amp;width=828 640w,https:\/\/imagenes.elpais.com\/resizer\/v2\/M6C7FUWILJBQ5PNSSFJEN76WPA.JPG?auth=6321d43727dccb7872816c18802133fb88c82cdd11ebe90f67467c7689742e73&amp;width=980 1000w,https:\/\/imagenes.elpais.com\/resizer\/v2\/M6C7FUWILJBQ5PNSSFJEN76WPA.JPG?auth=6321d43727dccb7872816c18802133fb88c82cdd11ebe90f67467c7689742e73&amp;width=1960 1960w\" width=\"414\" sizes=\"auto, (min-width:1199px) 1155px,(min-width:1001px) calc(100vw - 44px),(min-width:768px) 767px, 100vw\" src=\"https:\/\/imagenes.elpais.com\/resizer\/v2\/M6C7FUWILJBQ5PNSSFJEN76WPA.JPG?auth=6321d43727dccb7872816c18802133fb88c82cdd11ebe90f67467c7689742e73&amp;width=414\" loading=\"lazy\"\/><svg aria-hidden=\"true\" class=\"icon_multimedia_ampliar | _pa a_m_i a_m_i-a _dn\" viewbox=\"0 0 40 40\"><use xlink:href=\"#svg-ampliar\"\/><\/svg><\/span><figcaption class=\"a_m_p\" aria-hidden=\"true\"><span>Esto es una plaza, espacio comunitario y renaturalizado en Lavapi\u00e9s (Madrid). <\/span><span class=\"a_m_m\">Juan Barbosa<\/span><\/figcaption><\/figure>\n<p class=\"\">Juan Ortiz, director de la Fundaci\u00f3n de Ecolog\u00eda y Desarrollo (Ecodes), explica: \u201cSe llaman infraestructuras verdes por esa vinculaci\u00f3n con las infraestructuras urbanas, pero realmente son estrategias para romper la brecha entre la naturaleza y el espacio urbano, es decir, para renaturalizar las urbes\u201d. Joan Pino, director del Centro de Investigaci\u00f3n Ecol\u00f3gica y Aplicaciones Forestales (Creaf), tercia: \u201cTodos esos espacios verdes naturales aportan servicios ambientales, impulsan la biodiversidad y regulan el clima a escala local, reduciendo la temperatura\u201d. <\/p>\n<p class=\"\">\u00bfC\u00f3mo hacerlo? Pino retoma: \u201cGran parte de los beneficios de esa infraestructura verde se pueden sintetizar en la regla 3-30-300: que cada persona pueda ver tres \u00e1rboles desde su ventana, haya un 30% de superficie verde en la ciudad, y cada habitante est\u00e9 a menos de 300 metros de un parque. La evidencia cient\u00edfica dice que esto garantiza una cierta salud f\u00edsica y mental de los ciudadanos, pero en la mayor\u00eda de las urbes estamos muy lejos de esas cifras\u201d. Seg\u00fan el Creaf, ese 30% de cobertura verde puede disminuir la temperatura de 1 a 3 grados en toda la urbe. <\/p>\n<figure class=\"a_m a_m-h \"><span class=\"_db a_m_w _pr lb_btn\"><img alt=\"El nuevo eje verde de la calle Consell de Cent, en Barcelona, en espacio antes ocupado por los coches. \" decoding=\"auto\" class=\"_re lazyload a_m-h\" height=\"276\" srcset=\"https:\/\/imagenes.elpais.com\/resizer\/v2\/3WCNAO2565G25G6IOJXU345VEY.jpg?auth=06c719e2fa783833d5f41ba5eacb71eeccfc071f11f5cb266f9d0633c6553856&amp;width=414 414w,https:\/\/imagenes.elpais.com\/resizer\/v2\/3WCNAO2565G25G6IOJXU345VEY.jpg?auth=06c719e2fa783833d5f41ba5eacb71eeccfc071f11f5cb266f9d0633c6553856&amp;width=828 640w,https:\/\/imagenes.elpais.com\/resizer\/v2\/3WCNAO2565G25G6IOJXU345VEY.jpg?auth=06c719e2fa783833d5f41ba5eacb71eeccfc071f11f5cb266f9d0633c6553856&amp;width=980 1000w,https:\/\/imagenes.elpais.com\/resizer\/v2\/3WCNAO2565G25G6IOJXU345VEY.jpg?auth=06c719e2fa783833d5f41ba5eacb71eeccfc071f11f5cb266f9d0633c6553856&amp;width=1960 1960w\" width=\"414\" sizes=\"auto, (min-width:1199px) 1155px,(min-width:1001px) calc(100vw - 44px),(min-width:768px) 767px, 100vw\" src=\"https:\/\/imagenes.elpais.com\/resizer\/v2\/3WCNAO2565G25G6IOJXU345VEY.jpg?auth=06c719e2fa783833d5f41ba5eacb71eeccfc071f11f5cb266f9d0633c6553856&amp;width=414\" loading=\"lazy\"\/><svg aria-hidden=\"true\" class=\"icon_multimedia_ampliar | _pa a_m_i a_m_i-a _dn\" viewbox=\"0 0 40 40\"><use xlink:href=\"#svg-ampliar\"\/><\/svg><\/span><figcaption class=\"a_m_p\" aria-hidden=\"true\"><span>El nuevo eje verde de la calle Consell de Cent, en Barcelona, en espacio antes ocupado por los coches. <\/span><span class=\"a_m_m\">Gianluca Battista<\/span><\/figcaption><\/figure>\n<p class=\"\">Para cumplirlo, hacen falta muchos m\u00e1s \u00e1rboles por todo el casco urbano. \u201cLos m\u00e1s necesarios son \u00e1rboles de gran porte y cobertura foliar grande, como el platanero, que dan mucha sombra y reducen la temperatura gracias a la evapotranspiraci\u00f3n. Pero necesitan m\u00e1s agua que otros en un contexto de sequ\u00eda. En las calles estrechas podemos poner arbustos o \u00e1rboles peque\u00f1os\u201d, apunta Mariona Ferrandiz, experta en infraestructura verde del Creaf. Pino a\u00f1ade: \u201cNuestras ciudades se van tropicalizando, tendremos que plantar especies africanas o asi\u00e1ticas, m\u00e1s adaptadas, como pueden ser acacias, jacarandas o tipuanas, aunque eso puede tener a su vez un efecto sobre la biodiversidad aut\u00f3ctona\u201d.<\/p>\n<p class=\"\">Un ejemplo son las nuevas infraestructuras verdes de la capital catalana. \u201cBarcelona empez\u00f3 a quitar espacio al coche para hacer supermanzanas, pero luego lo ha llevado m\u00e1s all\u00e1 y est\u00e1 haciendo ejes verdes en los que renaturaliza ese espacio, con mucho arbolado de todo tipo y zonas estanciales donde hay mesas y asientos para poder pasar el rato sin tener que consumir\u201d, explica Nerea Mor\u00e1n, profesora de Urbanismo en la Escuela de Arquitectura de la Polit\u00e9cnica de Madrid. <\/p>\n<figure class=\"a_m a_m-h \"><span class=\"_db a_m_w _pr lb_btn\"><img alt=\"El nuevo bosque urbano de la plaza de Catalu\u00f1a de Par\u00eds, en espacio antes ocupado por los coches. \" decoding=\"auto\" class=\"_re lazyload a_m-h\" height=\"311\" srcset=\"https:\/\/imagenes.elpais.com\/resizer\/v2\/7YRQR43IHBF3TNGQFU3SB4X4GA.jpg?auth=3245a63145eeb04f387bedf77c2a0cc1f518348700806940073e44e0ac46aacd&amp;width=414 414w,https:\/\/imagenes.elpais.com\/resizer\/v2\/7YRQR43IHBF3TNGQFU3SB4X4GA.jpg?auth=3245a63145eeb04f387bedf77c2a0cc1f518348700806940073e44e0ac46aacd&amp;width=828 640w,https:\/\/imagenes.elpais.com\/resizer\/v2\/7YRQR43IHBF3TNGQFU3SB4X4GA.jpg?auth=3245a63145eeb04f387bedf77c2a0cc1f518348700806940073e44e0ac46aacd&amp;width=980 1000w,https:\/\/imagenes.elpais.com\/resizer\/v2\/7YRQR43IHBF3TNGQFU3SB4X4GA.jpg?auth=3245a63145eeb04f387bedf77c2a0cc1f518348700806940073e44e0ac46aacd&amp;width=1960 1960w\" width=\"414\" sizes=\"auto, (min-width:1199px) 1155px,(min-width:1001px) calc(100vw - 44px),(min-width:768px) 767px, 100vw\" src=\"https:\/\/imagenes.elpais.com\/resizer\/v2\/7YRQR43IHBF3TNGQFU3SB4X4GA.jpg?auth=3245a63145eeb04f387bedf77c2a0cc1f518348700806940073e44e0ac46aacd&amp;width=414\" loading=\"lazy\"\/><svg aria-hidden=\"true\" class=\"icon_multimedia_ampliar | _pa a_m_i a_m_i-a _dn\" viewbox=\"0 0 40 40\"><use xlink:href=\"#svg-ampliar\"\/><\/svg><\/span><figcaption class=\"a_m_p\" aria-hidden=\"true\"><span>El nuevo bosque urbano de la plaza de Catalu\u00f1a de Par\u00eds, en espacio antes ocupado por los coches. <\/span><span class=\"a_m_m\">Wikipedia<\/span><\/figcaption><\/figure>\n<p class=\"\">Otro est\u00e1 en Par\u00eds. \u201cEl Ayuntamiento hizo un estudio para ver c\u00f3mo adaptar la ciudad a las altas temperaturas y en 2023 aprob\u00f3 un plan para recuperar el 40% del espacio p\u00fablico en su cobertura natural, incluyendo despavimentar, crear permeabilidad natural y replantar arbolado\u201d, resume Ortiz. Por ejemplo, la plaza de Catalu\u00f1a parisina ha pasado de ser una rotonda dura de asfalto y hormig\u00f3n a una zona de tierra con c\u00e9sped, arbustos y casi 500 \u00e1rboles. <\/p>\n<p class=\"\">Lise L\u00f3pez, licenciada en arquitectura y urbanismo en Par\u00eds \u2014ahora trabaja en la fundaci\u00f3n Nesi\u2014, a\u00f1ade: \u201cLa capital francesa tiene otro plan para abrir los patios de las escuelas fuera del horario escolar, lo que permite reforzar el tejido social y crear refugios clim\u00e1ticos. Algunos de ellos han sido renaturalizados, convirti\u00e9ndose en islas de frescor y espacios comunitarios verdes\u201d. Hay un ejemplo similar en Madrid: el colegio Navas de Tolosa, en Villaverde, ha derribado el muro de su patio para unirse al bosque colindante con sombras y juegos de agua.<\/p>\n<p class=\"\">Los refugios clim\u00e1ticos son instalaciones p\u00fablicas como bibliotecas, equipamientos sociales u otros, de acceso gratuito, que tienen una temperatura refrigerada y permiten soportar mejor la temperatura. De nuevo, Barcelona es la urbe que tiene la red m\u00e1s estructurada e informa sobre ella a los ciudadanos. Las piscinas de acceso p\u00fablico y los parques frondosos tambi\u00e9n son refugios clim\u00e1ticos. \u201cLo ideal es que los parques tengan \u00e1rboles de envergadura, pero tambi\u00e9n fuentes, bancos para descansar, y fuentes o espacios de agua para refrescarse\u201d, dice Mor\u00e1n. <\/p>\n<figure class=\"a_m a_m-h \"><span class=\"_db a_m_w _pr lb_btn\"><img alt=\"El tejado verde de la biblioteca Zona Norte de Torre Bar\u00f3, que durante el verano suele secarse, este viernes. \" decoding=\"auto\" class=\"_re lazyload a_m-h\" height=\"276\" srcset=\"https:\/\/imagenes.elpais.com\/resizer\/v2\/I3RM4BXSAFEOLNETL63MXY237I.jpg?auth=0e6599640167e6bb5780c8677cba0bcf89a4b8ec7dc3c70a55f52e9924a6e980&amp;width=414 414w,https:\/\/imagenes.elpais.com\/resizer\/v2\/I3RM4BXSAFEOLNETL63MXY237I.jpg?auth=0e6599640167e6bb5780c8677cba0bcf89a4b8ec7dc3c70a55f52e9924a6e980&amp;width=828 640w,https:\/\/imagenes.elpais.com\/resizer\/v2\/I3RM4BXSAFEOLNETL63MXY237I.jpg?auth=0e6599640167e6bb5780c8677cba0bcf89a4b8ec7dc3c70a55f52e9924a6e980&amp;width=980 1000w,https:\/\/imagenes.elpais.com\/resizer\/v2\/I3RM4BXSAFEOLNETL63MXY237I.jpg?auth=0e6599640167e6bb5780c8677cba0bcf89a4b8ec7dc3c70a55f52e9924a6e980&amp;width=1960 1960w\" width=\"414\" sizes=\"auto, (min-width:1199px) 1155px,(min-width:1001px) calc(100vw - 44px),(min-width:768px) 767px, 100vw\" src=\"https:\/\/imagenes.elpais.com\/resizer\/v2\/I3RM4BXSAFEOLNETL63MXY237I.jpg?auth=0e6599640167e6bb5780c8677cba0bcf89a4b8ec7dc3c70a55f52e9924a6e980&amp;width=414\" loading=\"lazy\"\/><svg aria-hidden=\"true\" class=\"icon_multimedia_ampliar | _pa a_m_i a_m_i-a _dn\" viewbox=\"0 0 40 40\"><use xlink:href=\"#svg-ampliar\"\/><\/svg><\/span><figcaption class=\"a_m_p\" aria-hidden=\"true\"><span>El tejado verde de la biblioteca Zona Norte de Torre Bar\u00f3, que durante el verano suele secarse, este viernes. <\/span><span class=\"a_m_m\">Albert Garcia<\/span><\/figcaption><\/figure>\n<p class=\"\">Amigas de la Tierra propone llenar las urbes de refugios clim\u00e1ticos comunitarios. \u201cLugares donde no solo puedas resguardarte del calor, sino quedar con amigos y pasar el d\u00eda sin tener que consumir. Para eso es fundamental dise\u00f1arlos contando con los vecinos\u201d, comenta D\u00edaz Carro. Y a\u00f1ade: \u201cEl centro de las ciudades compactas suele tener pocos \u00e1rboles, pero hay muchos solares vac\u00edos: se podr\u00eda hacer una moratoria de construcci\u00f3n en esos lugares y aprovechar todos esos solares para convertirlos en zonas verdes\u201d. <\/p>\n<p class=\"\">Es lo que hicieron en 2008 en Lavapi\u00e9s \u2014en el centro de Madrid\u2014 con un solar que llevaba tres d\u00e9cadas abandonado. Los vecinos consiguieron que el Ayuntamiento les permitiera transformar el terreno yermo en un jard\u00edn compartido, con naturaleza exuberante, huerto ecol\u00f3gico y espacio p\u00fablico comunitario y de encuentro, denominado Esta es una plaza. <\/p>\n<figure class=\"a_m a_m-h \"><span class=\"_db a_m_w _pr lb_btn\"><img alt=\"Esto es una plaza, espacio comunitario y renaturalizado en Lavapi\u00e9s (Madrid). \" decoding=\"auto\" class=\"_re lazyload a_m-h\" height=\"276\" srcset=\"https:\/\/imagenes.elpais.com\/resizer\/v2\/MDSCNSEODBFFFNQLX3E7X2QUZM.JPG?auth=fe2cba61cd3e1b244c2033ce62a038dcfb97d02e463e635d5c2eb954dc2dd41e&amp;width=414 414w,https:\/\/imagenes.elpais.com\/resizer\/v2\/MDSCNSEODBFFFNQLX3E7X2QUZM.JPG?auth=fe2cba61cd3e1b244c2033ce62a038dcfb97d02e463e635d5c2eb954dc2dd41e&amp;width=828 640w,https:\/\/imagenes.elpais.com\/resizer\/v2\/MDSCNSEODBFFFNQLX3E7X2QUZM.JPG?auth=fe2cba61cd3e1b244c2033ce62a038dcfb97d02e463e635d5c2eb954dc2dd41e&amp;width=980 1000w,https:\/\/imagenes.elpais.com\/resizer\/v2\/MDSCNSEODBFFFNQLX3E7X2QUZM.JPG?auth=fe2cba61cd3e1b244c2033ce62a038dcfb97d02e463e635d5c2eb954dc2dd41e&amp;width=1960 1960w\" width=\"414\" sizes=\"auto, (min-width:1199px) 1155px,(min-width:1001px) calc(100vw - 44px),(min-width:768px) 767px, 100vw\" src=\"https:\/\/imagenes.elpais.com\/resizer\/v2\/MDSCNSEODBFFFNQLX3E7X2QUZM.JPG?auth=fe2cba61cd3e1b244c2033ce62a038dcfb97d02e463e635d5c2eb954dc2dd41e&amp;width=414\" loading=\"lazy\"\/><svg aria-hidden=\"true\" class=\"icon_multimedia_ampliar | _pa a_m_i a_m_i-a _dn\" viewbox=\"0 0 40 40\"><use xlink:href=\"#svg-ampliar\"\/><\/svg><\/span><figcaption class=\"a_m_p\" aria-hidden=\"true\"><span>Esto es una plaza, espacio comunitario y renaturalizado en Lavapi\u00e9s (Madrid). <\/span><span class=\"a_m_m\">Juan Barbosa<\/span><\/figcaption><\/figure>\n<p class=\"\">Los expertos piden aumentar las renaturalizaciones. \u201cVitoria siempre ha sido la ciudad de referencia, con su anillo verde que rodea todo el casco urbano. Zaragoza est\u00e1 apostando por procesos de revegetaci\u00f3n a trav\u00e9s de las infraestructuras h\u00eddricas a partir de los r\u00edos Ebro y Huerva, que potencian los corredores verdes. Madrid plantea un bosque metropolitano, aunque por la dimensi\u00f3n de la urbe queda m\u00e1s lejos del casco urbano\u201d, resume Ortiz, de Ecodes. <\/p>\n<figure class=\"a_m a_m-h \"><span class=\"_db a_m_w _pr lb_btn\"><img alt=\"\u00c1rboles que forman parte del anillo verde de Vitoria vistos desde Olarizu, el 25 de julio.&#10;&#10;\" decoding=\"auto\" class=\"_re lazyload a_m-h\" height=\"277\" srcset=\"https:\/\/imagenes.elpais.com\/resizer\/v2\/HHHAWYAYNJCCZBTSF6CX5M7FFY.jpg?auth=9937b18a8d4726ea4c7f076c98117707220a039c8972e945f05a22b6241d7eb3&amp;width=414 414w,https:\/\/imagenes.elpais.com\/resizer\/v2\/HHHAWYAYNJCCZBTSF6CX5M7FFY.jpg?auth=9937b18a8d4726ea4c7f076c98117707220a039c8972e945f05a22b6241d7eb3&amp;width=828 640w,https:\/\/imagenes.elpais.com\/resizer\/v2\/HHHAWYAYNJCCZBTSF6CX5M7FFY.jpg?auth=9937b18a8d4726ea4c7f076c98117707220a039c8972e945f05a22b6241d7eb3&amp;width=980 1000w,https:\/\/imagenes.elpais.com\/resizer\/v2\/HHHAWYAYNJCCZBTSF6CX5M7FFY.jpg?auth=9937b18a8d4726ea4c7f076c98117707220a039c8972e945f05a22b6241d7eb3&amp;width=1960 1960w\" width=\"414\" sizes=\"auto, (min-width:1199px) 1155px,(min-width:1001px) calc(100vw - 44px),(min-width:768px) 767px, 100vw\" src=\"https:\/\/imagenes.elpais.com\/resizer\/v2\/HHHAWYAYNJCCZBTSF6CX5M7FFY.jpg?auth=9937b18a8d4726ea4c7f076c98117707220a039c8972e945f05a22b6241d7eb3&amp;width=414\" loading=\"lazy\"\/><svg aria-hidden=\"true\" class=\"icon_multimedia_ampliar | _pa a_m_i a_m_i-a _dn\" viewbox=\"0 0 40 40\"><use xlink:href=\"#svg-ampliar\"\/><\/svg><\/span><figcaption class=\"a_m_p\" aria-hidden=\"true\"><span>\u00c1rboles que forman parte del anillo verde de Vitoria vistos desde Olarizu, el 25 de julio.<\/p>\n<p><\/span><span class=\"a_m_m\">FERNANDO DOMINGO-ALDAMA<\/span><\/figcaption><\/figure>\n<p class=\"\">Los parques urbanos tambi\u00e9n deben ser m\u00e1s salvajes. \u201cHace falta que combinen \u00e1rboles, arbustos, hierbas, flores salvajes\u2026 con eso vamos a favorecer a los polinizadores y a los p\u00e1jaros que se pueden comer las plagas de insectos\u201d, se\u00f1ala Ferrandiz. Con esto, \u201ctendremos una infraestructura verde urbana naturalizada, lo que la har\u00e1 m\u00e1s resiliente al estr\u00e9s de la ciudad. Y hay que aprovechar todos los espacios muertos de la urbe, como las medianeras de las avenidas, para reverdecer\u201d. <\/p>\n<h3 class=\"\">Quitar cemento y asfalto <\/h3>\n<p class=\"\">Una clave es la vegetaci\u00f3n, pero otra a la que se suele hacer menos caso es el suelo: \u201cHay que despavimentar todo lo que se pueda, quitar cemento y asfalto para lograr suelos porosos, porque eso implica que el agua de lluvia se infiltre y los \u00e1rboles puedan usarla durante m\u00e1s tiempo\u201d, dice Ferrandiz (Creaf). Ortiz retoma: \u201cPara eso hay que cambiar el modelo de movilidad, es decir, quitar espacio al coche, tanto para circular como de aparcamiento. Con eso se puede transformar ese espacio en parterres que combinan arbolado y arbustos e impulsan la permeabilidad del terreno\u201d. <\/p>\n<p class=\"\">Pino va m\u00e1s all\u00e1: \u201cHist\u00f3ricamente, los suelos urbanos se han rellenado de lo primero que hab\u00eda, cascotes, restos de obras\u2026 Hay que empezar a sustituirlos por tecnosuelos, un suelo artificial que imita la estructura natural, con tierra, minerales\u2026 Por ejemplo, se puede a\u00f1adir compost creado de plantas depuradoras o de los residuos org\u00e1nicos urbanos. Esto adem\u00e1s hace que secuestre carbono y mejore el estado de la vegetaci\u00f3n\u201d. <\/p>\n<p class=\"\">M\u00e1s complicado es hacerlo en plazas en cuyo subsuelo hay aparcamientos o estaciones de transporte p\u00fablico. \u201cEn esos lugares se pueden potenciar la hierba y los arbustos, o arbolado con ra\u00edces que crezcan a nivel horizontal, o grandes maceteros\u201d, dice Ferrandiz. Es lo que se hizo en Madrid R\u00edo, un parque levantado sobre l\u00e1minas de hormig\u00f3n, o en la High Lane de Nueva York, que reverdece una v\u00eda ferroviaria elevada en desuso, y se proyecta en Madrid Nuevo Norte. <\/p>\n<p class=\"\">En cambio, nada de eso se hizo en la Puerta del Sol de Madrid, reformada hace dos a\u00f1os y en la que el Ayuntamiento se ha visto obligado a gastar un mill\u00f3n y medio para instalar toldos ante las grandes temperaturas que alcanza en verano. \u201cLos toldos dan sombra pero no evapotranspiraci\u00f3n, por lo que funcionan peor que los \u00e1rboles\u201d, dice la experta en ecolog\u00eda. <\/p>\n<figure class=\"a_m a_m-h \"><span class=\"_db a_m_w _pr lb_btn\"><img alt=\"Las burbujas blancas y naranjas de la Polinatura proporcionan sombra y crean flujo de aire.\" decoding=\"auto\" class=\"_re lazyload a_m-h\" height=\"276\" srcset=\"https:\/\/imagenes.elpais.com\/resizer\/v2\/JPKUEFVZCBACZP674UEIYAXUUY.jpg?auth=0bea7b15c290195d638a8df6d462a77cb0c03301fe633e1bcd0f1446c73fff7e&amp;width=414 414w,https:\/\/imagenes.elpais.com\/resizer\/v2\/JPKUEFVZCBACZP674UEIYAXUUY.jpg?auth=0bea7b15c290195d638a8df6d462a77cb0c03301fe633e1bcd0f1446c73fff7e&amp;width=828 640w,https:\/\/imagenes.elpais.com\/resizer\/v2\/JPKUEFVZCBACZP674UEIYAXUUY.jpg?auth=0bea7b15c290195d638a8df6d462a77cb0c03301fe633e1bcd0f1446c73fff7e&amp;width=980 1000w,https:\/\/imagenes.elpais.com\/resizer\/v2\/JPKUEFVZCBACZP674UEIYAXUUY.jpg?auth=0bea7b15c290195d638a8df6d462a77cb0c03301fe633e1bcd0f1446c73fff7e&amp;width=1960 1960w\" width=\"414\" sizes=\"auto, (min-width:1199px) 1155px,(min-width:1001px) calc(100vw - 44px),(min-width:768px) 767px, 100vw\" src=\"https:\/\/imagenes.elpais.com\/resizer\/v2\/JPKUEFVZCBACZP674UEIYAXUUY.jpg?auth=0bea7b15c290195d638a8df6d462a77cb0c03301fe633e1bcd0f1446c73fff7e&amp;width=414\" loading=\"lazy\"\/><svg aria-hidden=\"true\" class=\"icon_multimedia_ampliar | _pa a_m_i a_m_i-a _dn\" viewbox=\"0 0 40 40\"><use xlink:href=\"#svg-ampliar\"\/><\/svg><\/span><figcaption class=\"a_m_p\" aria-hidden=\"true\"><span>Polinature, un elemento urbano para rebajar el calor y atraer polinizadores. Imagen cedida por Belinda Tato.<\/span><span class=\"a_m_m\">Emilio P. doiztua<\/span><\/figcaption><\/figure>\n<p class=\"\">Belinda Tato, profesora de Arquitectura del Paisaje en Universidad de Harvard, comenta: \u201cEl problema con las plazas duras es que los pavimentos se calientan mucho y el agua de lluvia se pierde. A largo plazo habr\u00eda que intentar que sean m\u00e1s porosos, retengan agua y alberguen \u00e1rboles que den sombra, pero para eso suelen hacer falta a\u00f1os y no siempre es posible\u201d. Por eso, propone \u201crefugios clim\u00e1ticos baratos y sencillos para refrescar estos entornos\u201d. <\/p>\n<p class=\"\">Uno es Polinature, una estructura hexagonal autosuficiente con plantas y ventiladores que crearon el a\u00f1o pasado en Harvard; ahora est\u00e1n montando Plantable \u2014mezcla de planta y mesa, en ingl\u00e9s\u2014, una mesa de 15 metros que incorpora vegetaci\u00f3n para reverdecer el Chinatown de Boston. Ambos se pueden replicar de forma barata y sencilla en cualquier parte. \u201cEste tipo de infraestructuras pueden generar una sombra r\u00e1pido para hacer m\u00e1s habitables estos espacios duros, pero no sustituyen las infraestructuras verdes: hay que plantar m\u00e1s \u00e1rboles\u201d, resume Tato. <\/p>\n<figure class=\"a_m a_m-h \"><span class=\"_db a_m_w _pr lb_btn\"><img alt=\"El Bosque Vertical de Mil\u00e1n. \" decoding=\"auto\" class=\"_re lazyload a_m-h\" height=\"276\" srcset=\"https:\/\/imagenes.elpais.com\/resizer\/v2\/MDAWF23HP5CB7JJF6YUCXAVNHY.jpg?auth=493cbf9986138d69577f0bfa8c58b1ca68a23ecf59b18d81d459d2b254a49466&amp;width=414 414w,https:\/\/imagenes.elpais.com\/resizer\/v2\/MDAWF23HP5CB7JJF6YUCXAVNHY.jpg?auth=493cbf9986138d69577f0bfa8c58b1ca68a23ecf59b18d81d459d2b254a49466&amp;width=828 640w,https:\/\/imagenes.elpais.com\/resizer\/v2\/MDAWF23HP5CB7JJF6YUCXAVNHY.jpg?auth=493cbf9986138d69577f0bfa8c58b1ca68a23ecf59b18d81d459d2b254a49466&amp;width=980 1000w,https:\/\/imagenes.elpais.com\/resizer\/v2\/MDAWF23HP5CB7JJF6YUCXAVNHY.jpg?auth=493cbf9986138d69577f0bfa8c58b1ca68a23ecf59b18d81d459d2b254a49466&amp;width=1960 1960w\" width=\"414\" sizes=\"auto, (min-width:1199px) 1155px,(min-width:1001px) calc(100vw - 44px),(min-width:768px) 767px, 100vw\" src=\"https:\/\/imagenes.elpais.com\/resizer\/v2\/MDAWF23HP5CB7JJF6YUCXAVNHY.jpg?auth=493cbf9986138d69577f0bfa8c58b1ca68a23ecf59b18d81d459d2b254a49466&amp;width=414\" loading=\"lazy\"\/><svg aria-hidden=\"true\" class=\"icon_multimedia_ampliar | _pa a_m_i a_m_i-a _dn\" viewbox=\"0 0 40 40\"><use xlink:href=\"#svg-ampliar\"\/><\/svg><\/span><figcaption class=\"a_m_p\" aria-hidden=\"true\"><span>El Bosque Vertical de Mil\u00e1n. <\/span><span class=\"a_m_m\">Emanuele Cremaschi (Getty Images)<\/span><\/figcaption><\/figure>\n<p class=\"\">Otro espacio que se puede aprovechar son los edificios. \u201cHay que apostar por los tejados verdes, con praderas y hierbas o con plantas suculentas \u2014que necesitan menos agua\u2014, porque ayudan a rebajar la temperatura y a la eficiencia energ\u00e9tica. Se deber\u00eda hacer como m\u00ednimo en todos los edificios p\u00fablicos. Lo acaban de hacer en la biblioteca del barrio de Torre Bar\u00f3, en Barcelona\u201d, dice Pino (Creaf). Y concluye: \u201cTambi\u00e9n se puede apostar por las fachadas verdes para aprovechar ese espacio, y ah\u00ed el ejemplo m\u00e1s paradigm\u00e1tico es el Bosque Vertical de Mil\u00e1n\u201d.<\/p>\n<\/div>\n\n","protected":false},"excerpt":{"rendered":"<p>Durante d\u00e9cadas, las ciudades han domesticado la naturaleza a trav\u00e9s de pavimento y asfalto, dejando un espacio reducido a \u00e1rboles, plantas y biodiversidad. La emergencia clim\u00e1tica obliga a replantear esta relaci\u00f3n y apostar por las infraestructuras verdes urbanas: elementos naturales interconectados que ayudan a mitigar las temperaturas extremas. Para impulsarlos, los expertos apuestan por reverdecer &hellip;<\/p>\n","protected":false},"author":1,"featured_media":37726,"comment_status":"open","ping_status":"open","sticky":false,"template":"","format":"standard","meta":{"fifu_image_url":"https:\/\/imagenes.elpais.com\/resizer\/v2\/VX3V3U2HDNGV5HOO34LS2MHU2E.jpg?auth=7a15284d48a79f8b04553582a2fb2cb69771491ca8befdf4bf7153fb8eb28288&width=1200","fifu_image_alt":"","footnotes":""},"categories":[11],"tags":[],"class_list":["post-37725","post","type-post","status-publish","format-standard","has-post-thumbnail","","category-viaje"],"_links":{"self":[{"href":"https:\/\/noticiasveraces.com\/index.php?rest_route=\/wp\/v2\/posts\/37725","targetHints":{"allow":["GET"]}}],"collection":[{"href":"https:\/\/noticiasveraces.com\/index.php?rest_route=\/wp\/v2\/posts"}],"about":[{"href":"https:\/\/noticiasveraces.com\/index.php?rest_route=\/wp\/v2\/types\/post"}],"author":[{"embeddable":true,"href":"https:\/\/noticiasveraces.com\/index.php?rest_route=\/wp\/v2\/users\/1"}],"replies":[{"embeddable":true,"href":"https:\/\/noticiasveraces.com\/index.php?rest_route=%2Fwp%2Fv2%2Fcomments&post=37725"}],"version-history":[{"count":0,"href":"https:\/\/noticiasveraces.com\/index.php?rest_route=\/wp\/v2\/posts\/37725\/revisions"}],"wp:featuredmedia":[{"embeddable":true,"href":"https:\/\/noticiasveraces.com\/index.php?rest_route=\/wp\/v2\/media\/37726"}],"wp:attachment":[{"href":"https:\/\/noticiasveraces.com\/index.php?rest_route=%2Fwp%2Fv2%2Fmedia&parent=37725"}],"wp:term":[{"taxonomy":"category","embeddable":true,"href":"https:\/\/noticiasveraces.com\/index.php?rest_route=%2Fwp%2Fv2%2Fcategories&post=37725"},{"taxonomy":"post_tag","embeddable":true,"href":"https:\/\/noticiasveraces.com\/index.php?rest_route=%2Fwp%2Fv2%2Ftags&post=37725"}],"curies":[{"name":"wp","href":"https:\/\/api.w.org\/{rel}","templated":true}]}}