{"id":37705,"date":"2025-07-27T01:33:02","date_gmt":"2025-07-27T05:33:02","guid":{"rendered":"https:\/\/noticiasveraces.com\/?p=37705"},"modified":"2025-07-27T01:33:02","modified_gmt":"2025-07-27T05:33:02","slug":"el-estilista-de-la-princesa-diana-advierte-que-el-cabello-gris-es-vulnerable-al-dano-real-noticias","status":"publish","type":"post","link":"https:\/\/noticiasveraces.com\/?p=37705","title":{"rendered":"El estilista de la princesa Diana advierte que el cabello gris es vulnerable al da\u00f1o | Real | Noticias"},"content":{"rendered":"<p> \n<\/p>\n<div>\n<p data-mce-linkchecker-status=\"valid\">Un estilista de celebridades que ha trabajado con magia en el cabello de la princesa Diana, Gwyneth Paltrow y George Michael ha divulgado su \u00faltimo secreto de cuidado de verano. Nicky Clarke Obe revel\u00f3 que este consejo, que ha ganado popularidad en Tiktok, es esencial para mantener el cabello fresco durante los meses sofocantes.<\/p>\n<p>El consejo llega en un momento crucial para los solicitantes del sol, ya que el impacto de los rayos del sol en el cabello puede ser bastante dr\u00e1stico. \u00abUna de las cosas m\u00e1s f\u00e1ciles que puede hacer es comprar productos para el cabello formulados con protecci\u00f3n UV\u00bb, explic\u00f3 Nicky en una entrevista anterior con vitabi\u00f3ticos, seg\u00fan The Express.<\/p>\n<p>\u00abEs una segunda naturaleza proteger nuestra piel de la exposici\u00f3n excesiva al sol, pero muchas personas no se dan cuenta o subestiman altamente el poder da\u00f1ino del sol en sus mechones\u00bb. Puede ser una sorpresa saber que el cabello humano es propenso al da\u00f1o UV, al igual que nuestra piel.<\/p>\n<p>Al igual que el resto de nuestro cuerpo, los cueros cabelludos tambi\u00e9n pueden arder al sol, aumentando el riesgo de c\u00e1ncer de piel. Nicky se\u00f1al\u00f3 que los rayos del sol pueden descomponer las estructuras de prote\u00ednas en el cabello, lo que resulta en hilos sin vida, secos y fr\u00e1giles.<\/p>\n<\/div>\n<div>\n<p>El cabello gris es especialmente susceptible a esto debido a su contenido de melanina. Durante la entrevista el a\u00f1o pasado, Nicky continu\u00f3: \u00abSi tienes el pelo gris, entonces debes ser extraigente con tu protecci\u00f3n contra el cuidado del cabello.<\/p>\n<p>\u00abEl cabello gris tambi\u00e9n se puede dejar con un ligero tinte amarillo en la capa superior, por lo que es esencial aplicar productos protectores o incluso usar un sombrero si puede. Como el cabello gris tiene menos melanina, es m\u00e1s vulnerable a los rayos UV, lo que puede dejarlo muy fr\u00e1gil y poroso\u00bb.<\/p>\n<p>El consejo del experto en cabello sigue un video de Tiktok que circul\u00f3 en 2022, donde el creador de contenido Daviana (@itsdavianaa) enfatiz\u00f3 la importancia de proteger su cabello del da\u00f1o solar mientras muestra varios productos de belleza de sal\u00f3n.<\/p>\n<p>En medio de una gran cantidad de productos de protecci\u00f3n de cabello UV disponible, Nicky respalda particularmente a Lifesaver UV de la gama profesional de Michael Van Clarke. Habiendo sido probado en el calor extremo del desierto de Negev de Israel y los climas tropicales de las Maldivas, lo considera incomparable.<\/p>\n<p>\u00c9l dijo: \u00abSu capacidad comprobada para protegerse del adelgazamiento, la rotura y el desvanecimiento del color no es coincidente. Como un producto de estilo de licencia, es la opci\u00f3n durante todo el a\u00f1o para las ondas suaves sin frizz &#8230; nuestro cabello es igual de susceptible al da\u00f1o UV, lo que debilita las estructuras proteicas y elimina la humedad, dejando el cabello opaco y fr\u00e1gil\u00bb.<\/p>\n<\/div>\n<div>\n<p>Descubra los s\u00edntomas que necesita tener en cuenta y obtenga consejos de salud con nuestro bolet\u00edn de salud gratuito de The Daily Express<\/p>\n<h3>C\u00f3mo aplicar correctamente la crema solar este verano<\/h3>\n<p>Adem\u00e1s de proteger su cuero cabelludo y cabello del sol, es esencial cuidar su piel. Para obtener los mejores resultados, se recomienda aplicar el protector solar de 15 a 30 minutos antes de salir.<\/p>\n<p>Niamh McMillan, superintendente de farmacia de Superdrug, dijo anteriormente a The Mirror: \u00abEs mejor aplicar el protector solar de 15 a 30 minutos antes de salir. Luego debe volver a aplicar a las \u00e1reas expuestas, de 15 a 30 minutos despu\u00e9s de la exposici\u00f3n al sol\u00bb.<\/p>\n<p>Ella continu\u00f3: \u00abTodos tenemos diferentes tipos de piel, por lo que es importante elegir el tipo correcto de protector solar para su piel. El SPF se interpreta com\u00fanmente como la piel m\u00e1s larga cubierta con protector solar lleva arder, en comparaci\u00f3n con la piel sin protecci\u00f3n.<\/p>\n<p>\u00abEntonces, si se quema despu\u00e9s de 10 minutos al sol, entonces usa un protector solar etiquetado con, por ejemplo, SPF15, significa que puede permanecer al sol durante 10 x 15 = 150 minutos, o dos horas y media, antes de quemarse\u00bb.<\/p>\n<\/div>\n\n","protected":false},"excerpt":{"rendered":"<p>Un estilista de celebridades que ha trabajado con magia en el cabello de la princesa Diana, Gwyneth Paltrow y George Michael ha divulgado su \u00faltimo secreto de cuidado de verano. Nicky Clarke Obe revel\u00f3 que este consejo, que ha ganado popularidad en Tiktok, es esencial para mantener el cabello fresco durante los meses sofocantes. El &hellip;<\/p>\n","protected":false},"author":1,"featured_media":37706,"comment_status":"open","ping_status":"open","sticky":false,"template":"","format":"standard","meta":{"fifu_image_url":"https:\/\/cdn.images.express.co.uk\/img\/dynamic\/106\/1200x630\/6313288.jpg","fifu_image_alt":"","footnotes":""},"categories":[763],"tags":[],"class_list":["post-37705","post","type-post","status-publish","format-standard","has-post-thumbnail","","category-estilo-de-vida"],"_links":{"self":[{"href":"https:\/\/noticiasveraces.com\/index.php?rest_route=\/wp\/v2\/posts\/37705","targetHints":{"allow":["GET"]}}],"collection":[{"href":"https:\/\/noticiasveraces.com\/index.php?rest_route=\/wp\/v2\/posts"}],"about":[{"href":"https:\/\/noticiasveraces.com\/index.php?rest_route=\/wp\/v2\/types\/post"}],"author":[{"embeddable":true,"href":"https:\/\/noticiasveraces.com\/index.php?rest_route=\/wp\/v2\/users\/1"}],"replies":[{"embeddable":true,"href":"https:\/\/noticiasveraces.com\/index.php?rest_route=%2Fwp%2Fv2%2Fcomments&post=37705"}],"version-history":[{"count":0,"href":"https:\/\/noticiasveraces.com\/index.php?rest_route=\/wp\/v2\/posts\/37705\/revisions"}],"wp:featuredmedia":[{"embeddable":true,"href":"https:\/\/noticiasveraces.com\/index.php?rest_route=\/wp\/v2\/media\/37706"}],"wp:attachment":[{"href":"https:\/\/noticiasveraces.com\/index.php?rest_route=%2Fwp%2Fv2%2Fmedia&parent=37705"}],"wp:term":[{"taxonomy":"category","embeddable":true,"href":"https:\/\/noticiasveraces.com\/index.php?rest_route=%2Fwp%2Fv2%2Fcategories&post=37705"},{"taxonomy":"post_tag","embeddable":true,"href":"https:\/\/noticiasveraces.com\/index.php?rest_route=%2Fwp%2Fv2%2Ftags&post=37705"}],"curies":[{"name":"wp","href":"https:\/\/api.w.org\/{rel}","templated":true}]}}