{"id":37645,"date":"2025-07-26T17:10:15","date_gmt":"2025-07-26T21:10:15","guid":{"rendered":"https:\/\/noticiasveraces.com\/?p=37645"},"modified":"2025-07-26T17:10:15","modified_gmt":"2025-07-26T21:10:15","slug":"las-abogadas-de-as-conchas-nos-estan-contactando-de-muchisimos-pueblos-de-europa-con-contaminacion-ganadera-clima-y-medio-ambiente","status":"publish","type":"post","link":"https:\/\/noticiasveraces.com\/?p=37645","title":{"rendered":"Las abogadas de As Conchas: \u201cNos est\u00e1n contactando de much\u00edsimos pueblos de Europa con contaminaci\u00f3n ganadera\u201d | Clima y Medio Ambiente"},"content":{"rendered":"<p> \n<\/p>\n<div data-dtm-region=\"articulo_cuerpo\">\n<p class=\"\">Nieves Noval (Gran Canaria, 44 a\u00f1os) trabaja en la delegaci\u00f3n espa\u00f1ola de ClientEarth, una organizaci\u00f3n ambiental enfocada en la acci\u00f3n judicial. Mar\u00eda Victoria Hormigos (Negreira, Galicia, 46 a\u00f1os) colabora con el grupo ecologista Amigas de la Tierra. Las dos son abogadas y han conseguido uno de los mayores triunfos en los tribunales contra la contaminaci\u00f3n provocada por la ganader\u00eda en Europa. El pasado 11 de julio, el Tribunal Superior de Justicia de Galicia sentenci\u00f3 que la intoxicaci\u00f3n del agua a causa de los vertidos de macrogranjas durante a\u00f1os en el embalse de As Conchas (Lobeira, provincia de Ourense) vulnera derechos fundamentales de los habitantes de la zona y conden\u00f3 por su inacci\u00f3n a la Xunta de Galicia y a la Confederaci\u00f3n Hidrogr\u00e1fica Mi\u00f1o-Sil y Limia, a las que obliga a reparar el desastre y a indemnizar a los vecinos con una cantidad de 1.000 a 30.000 euros al mes hasta que estos recuperen sus derechos.<\/p>\n<p class=\"\"><b>Pregunta.<\/b> Antes de esta demanda, los afectados por la contaminaci\u00f3n ganadera en As Conchas hab\u00edan presentado m\u00e1s de 80 escritos de queja, pero nunca hab\u00edan acudido a los tribunales. \u00bfPor qu\u00e9?<\/p>\n<p class=\"\"><b>Nieves Noval (NN)<\/b>. Son casos muy complicados y costosos. Para una comunidad rural, presentar una demanda as\u00ed es muy dif\u00edcil.<\/p>\n<p class=\"\"><b>Mar\u00eda Victoria Hormigos (MVH)<\/b>. Piensa que llevamos casi dos a\u00f1os y medio con este caso, para prepararlo bien. Toda la parte cient\u00edfica ha sido muy lenta, ten\u00edamos cinco cient\u00edficos de alto nivel. Un especialista en nitratos, un especialista en cianobacterias, bacterias y bacterias resistentes, un especialista en salud, un especialista en olores, un especialista en el origen de la contaminaci\u00f3n. <\/p>\n<p class=\"\"><b>PAG. <\/b>Debe ser muy frustrante para los afectados sin tantos recursos no poder recurrir a los tribunales.<\/p>\n<p class=\"\"><b>Nn.<\/b> Absolutamente, por eso una de las razones de presentar estos casos estrat\u00e9gicos por parte de organizaciones que tenemos m\u00e1s capacidad es que luego sean replicables, para que resulte m\u00e1s f\u00e1cil para los dem\u00e1s. <\/p>\n<p class=\"\"><b>PAG.<\/b> \u00bfConoc\u00edan de cerca lo que ocurr\u00eda en As Conchas antes de empezar a trabajar en la demanda?<\/p>\n<p class=\"\"><b>MVH.<\/b> Sab\u00edamos que la situaci\u00f3n del agua contaminada era muy grave y que hab\u00eda vecinos que sufr\u00edan malos olores. Pero cuando nos metimos en el caso, ya con cient\u00edficos y an\u00e1lisis, nos encontramos con las bacterias. <\/p>\n<p class=\"\"><b>Nn. <\/b>Los vecinos viven una situaci\u00f3n absolutamente insostenible. De junio a septiembre no pueden abrir las ventanas por el mal olor, pero esto es una cent\u00e9sima parte del problema de salud por la contaminaci\u00f3n de la ganader\u00eda.<\/p>\n<p class=\"\"><b>MVH.<\/b> T\u00fa entras all\u00ed y es superfuerte el olor a huevos podridos. Evidentemente, si huele as\u00ed es porque algo no es bueno. Y percibes la preocupaci\u00f3n constante de los vecinos porque no saben c\u00f3mo les afecta lo que respiran o la cosa verde del agua del embalse. Luego, adem\u00e1s, est\u00e1 la tristeza porque todo el entorno en el que se criaron ya no tiene nada que ver con lo que era.<\/p>\n<p class=\"\"><b>Nn.<\/b> Cuando ves lo que hay, haces el caso tuyo. <\/p>\n<p class=\"\"><b>MVH.<\/b> S\u00ed, se vuelve personal.<\/p>\n<p class=\"\"><b>PAG.<\/b> \u00bfQu\u00e9 sab\u00edan antes de cianobacterias?<\/p>\n<p class=\"\"><b>MVH.<\/b> Nosotras somos abogadas. Para preparar la demanda, hemos tenido que aprender de cianobacterias y de bacterias. Hemos tenido el mejor maestro, [el catedr\u00e1tico] Eduardo Costas nos llev\u00f3 a la Universidad Complutense y nos estuvo dando clases, con pizarrita incluida.<\/p>\n<figure class=\"a_m a_m-h \"><span class=\"_db a_m_w _pr lb_btn\"><img alt=\"Las abogadas Noval (izquierda) y Hormigos (derecha), en la sede de ClientEarth en Madrid.\" decoding=\"auto\" class=\"_re lazyload a_m-h\" height=\"284\" srcset=\"https:\/\/imagenes.elpais.com\/resizer\/v2\/SZIPWEI4CJF3ZAACIPYTKQJHBY.jpg?auth=9aa12bbf685e9264f1be9ea8223e14d7429f0b9e1f8ee6da01206de705b93d61&amp;width=414 414w,https:\/\/imagenes.elpais.com\/resizer\/v2\/SZIPWEI4CJF3ZAACIPYTKQJHBY.jpg?auth=9aa12bbf685e9264f1be9ea8223e14d7429f0b9e1f8ee6da01206de705b93d61&amp;width=828 640w,https:\/\/imagenes.elpais.com\/resizer\/v2\/SZIPWEI4CJF3ZAACIPYTKQJHBY.jpg?auth=9aa12bbf685e9264f1be9ea8223e14d7429f0b9e1f8ee6da01206de705b93d61&amp;width=980 1000w,https:\/\/imagenes.elpais.com\/resizer\/v2\/SZIPWEI4CJF3ZAACIPYTKQJHBY.jpg?auth=9aa12bbf685e9264f1be9ea8223e14d7429f0b9e1f8ee6da01206de705b93d61&amp;width=1960 1960w\" width=\"414\" sizes=\"auto, (min-width:1199px) 1155px,(min-width:1001px) calc(100vw - 44px),(min-width:768px) 767px, 100vw\" src=\"https:\/\/imagenes.elpais.com\/resizer\/v2\/SZIPWEI4CJF3ZAACIPYTKQJHBY.jpg?auth=9aa12bbf685e9264f1be9ea8223e14d7429f0b9e1f8ee6da01206de705b93d61&amp;width=414\" loading=\"lazy\"\/><svg aria-hidden=\"true\" class=\"icon_multimedia_ampliar | _pa a_m_i a_m_i-a _dn\" viewbox=\"0 0 40 40\"><use xlink:href=\"#svg-ampliar\"\/><\/svg><\/span><figcaption class=\"a_m_p\" aria-hidden=\"true\"><span>Las abogadas Noval (izquierda) y Hormigos (derecha), en la sede de ClientEarth en Madrid.<\/span><span class=\"a_m_m\">Jaime Villanueva<\/span><\/figcaption><\/figure>\n<p class=\"\"><b>PAG.<\/b> \u00bfPor qu\u00e9 son tan importantes estos microorganismos en el caso As Conchas?<\/p>\n<p class=\"\"><b>MVH. <\/b>Para nuestra sorpresa, encontramos en el embalse m\u00e1s de 400 bacterias peligrosas para el ser humano. <\/p>\n<p class=\"\"><b>Nn.<\/b> Tanto pat\u00f3genas como t\u00f3xicas, que son dos conceptos distintos. Y luego descubrimos que algunas eran resistentes a antibi\u00f3ticos. <\/p>\n<p class=\"\"><b>MVH.<\/b> Adem\u00e1s, encontramos esas bacterias tambi\u00e9n en el aire, es decir, microgotas del embalse eran transportadas por el viento a las viviendas, la gente estaba respirando bacterias resistentes.<\/p>\n<p class=\"\"><b>PAG. <\/b>\u00bfC\u00f3mo deciden su estrategia legal?<\/p>\n<p class=\"\"><b>Nn.<\/b> La primera decisi\u00f3n importante era si \u00edbamos a hacer responsables a las administraciones o las propias empresas ganaderas. Decidimos ir contra las administraciones. Este es uno de los primeros casos en contra de la contaminaci\u00f3n de la ganader\u00eda industrial en general en Espa\u00f1a que va m\u00e1s all\u00e1 de impugnar una autorizaci\u00f3n o la extensi\u00f3n de una granja. Lo siguiente era decidir si orient\u00e1bamos la demanda en la inactividad de las administraciones o \u00edbamos por la v\u00eda de los derechos fundamentales. Aunque estos casos son muy complicados, optamos por la vulneraci\u00f3n de derechos fundamentales porque ten\u00edamos claro que el impacto que iba a crear era much\u00edsimo mayor y que la protecci\u00f3n que pod\u00edamos otorgar a estas personas y a otras comunidades afectadas en Europa era much\u00edsimo mayor. Si presentas un caso de derechos fundamentales, es como un caso de todos. <\/p>\n<p class=\"\"><b>PAG.<\/b> \u00bfQu\u00e9 pasa cuando sus especialistas presentan en el tribunal los resultados de sus peritajes?<\/p>\n<p class=\"\"><b>MVH.<\/b> Fue muy contundente, los estudios cient\u00edficos son clar\u00edsimos.<\/p>\n<p class=\"\"><b>Nn.<\/b> La pr\u00e1ctica de la prueba fueron seis horas escuchando a nuestros cient\u00edficos. Un m\u00e9dico explic\u00f3 lo da\u00f1ino que es para la salud toda la contaminaci\u00f3n encontrada en As Conchas, con los demandantes presentes, y fue muy duro para ellos escucharlo. Se les qued\u00f3 muy mal cuerpo y al terminar se fueron a casa.<\/p>\n<p class=\"\"><b>PAG.<\/b> \u00bfC\u00f3mo es el momento en el que se enteran de que han ganado la demanda?<\/p>\n<p class=\"\"><b>MVH.<\/b> Nos lleg\u00f3 el fallo por nuestro procurador y&#8230; llor\u00f3 mucha gente. Es que fueron muchas noches sin dormir, muchos microinfartos, muchas angustias y mucha implicaci\u00f3n emocional.<\/p>\n<p class=\"\"><b>Nn. <\/b>Ha sido uno de los momentos m\u00e1s emocionantes de mi carrera. Tenemos un grupo de Whatsapp con los demandantes y solo pusimos: \u201cHemos ganado\u201d. No te puedes imaginar lo que nos lleg\u00f3 de vuelta. Los vecinos cuentan que para construir la presa de As Conchas en 1948 les quitaron las casas a sus padres y nos dijeron que ahora era la segunda vez que les hab\u00edan olvidado&#8230; [se emociona] hasta que llegamos nosotras. Es muy emocionante.<\/p>\n<p class=\"\"><b>PAG.<\/b> \u00bfQu\u00e9 implica la sentencia?<\/p>\n<p class=\"\"><b>Nn. <\/b>Esta es la primera sentencia que vincula contaminaci\u00f3n por ganader\u00eda industrial y derechos fundamentales en Europa. Existe tambi\u00e9n el caso de L\u00f3pez Ostra [ganado por una vecina de Lorca (Murcia) en 1994]que afecta espec\u00edficamente al tema de los olores, pero este el primero que relaciona ganader\u00eda industrial y contaminaci\u00f3n del agua. Y es muy importante porque crea un precedente, no crea jurisprudencia, para eso hace falta dos sentencias del Supremo, pero s\u00ed un precedente. Es una sentencia superpoderosa.<\/p>\n<p class=\"\"><b>PAG.<\/b> \u00bfQu\u00e9 pasa si la Xunta y dem\u00e1s administraciones condenadas recurren ahora la sentencia?<\/p>\n<p class=\"\"><b>Nn.<\/b> Ya han dicho que van a recurrir al Supremo y esto supone que no es ejecutable la sentencia. Calculo que, si ellos siguen recurriendo o si nosotros perdemos en el Supremo y hay que acudir al Constitucional, esto se puede alargar unos dos a\u00f1os o as\u00ed. <\/p>\n<p class=\"\"><b>PAG.<\/b> Entonces, la batalla legal no ha terminado.<\/p>\n<p class=\"\"><b>MVH.<\/b> La batalla sigue.<\/p>\n<p class=\"\"><b>Nn. <\/b>Sigue la batalla, s\u00ed. Pero este es un precedente muy poderoso para otras comunidades. De hecho, nos est\u00e1n contactando de much\u00edsimos pueblos de Europa con contaminaci\u00f3n ganadera. La desgracia es que va a pasar tiempo hasta que los habitantes de As Conchas vean ejecutarse la sentencia. <\/p>\n<p class=\"\"><b>MVH.<\/b> Yo echo de menos que las administraciones asuman responsabilidades. En vez de decir, vale, tenemos un problema, aqu\u00ed pasa algo y hay que arreglarlo, van a dilatar todo lo que puedan que estas personas vean restablecido su derecho. Es una pena.<\/p>\n<\/div>\n\n","protected":false},"excerpt":{"rendered":"<p>Nieves Noval (Gran Canaria, 44 a\u00f1os) trabaja en la delegaci\u00f3n espa\u00f1ola de ClientEarth, una organizaci\u00f3n ambiental enfocada en la acci\u00f3n judicial. Mar\u00eda Victoria Hormigos (Negreira, Galicia, 46 a\u00f1os) colabora con el grupo ecologista Amigas de la Tierra. Las dos son abogadas y han conseguido uno de los mayores triunfos en los tribunales contra la contaminaci\u00f3n &hellip;<\/p>\n","protected":false},"author":1,"featured_media":37646,"comment_status":"open","ping_status":"open","sticky":false,"template":"","format":"standard","meta":{"fifu_image_url":"https:\/\/imagenes.elpais.com\/resizer\/v2\/MJFKHVHK4JBBZOJF27WPCHS2TM.jpg?auth=776dbfe65d1207677f5524762f35191bf64ee59cd3ae56fb2e75fd8d297ccbb2&width=1200","fifu_image_alt":"","footnotes":""},"categories":[11],"tags":[],"class_list":["post-37645","post","type-post","status-publish","format-standard","has-post-thumbnail","","category-viaje"],"_links":{"self":[{"href":"https:\/\/noticiasveraces.com\/index.php?rest_route=\/wp\/v2\/posts\/37645","targetHints":{"allow":["GET"]}}],"collection":[{"href":"https:\/\/noticiasveraces.com\/index.php?rest_route=\/wp\/v2\/posts"}],"about":[{"href":"https:\/\/noticiasveraces.com\/index.php?rest_route=\/wp\/v2\/types\/post"}],"author":[{"embeddable":true,"href":"https:\/\/noticiasveraces.com\/index.php?rest_route=\/wp\/v2\/users\/1"}],"replies":[{"embeddable":true,"href":"https:\/\/noticiasveraces.com\/index.php?rest_route=%2Fwp%2Fv2%2Fcomments&post=37645"}],"version-history":[{"count":0,"href":"https:\/\/noticiasveraces.com\/index.php?rest_route=\/wp\/v2\/posts\/37645\/revisions"}],"wp:featuredmedia":[{"embeddable":true,"href":"https:\/\/noticiasveraces.com\/index.php?rest_route=\/wp\/v2\/media\/37646"}],"wp:attachment":[{"href":"https:\/\/noticiasveraces.com\/index.php?rest_route=%2Fwp%2Fv2%2Fmedia&parent=37645"}],"wp:term":[{"taxonomy":"category","embeddable":true,"href":"https:\/\/noticiasveraces.com\/index.php?rest_route=%2Fwp%2Fv2%2Fcategories&post=37645"},{"taxonomy":"post_tag","embeddable":true,"href":"https:\/\/noticiasveraces.com\/index.php?rest_route=%2Fwp%2Fv2%2Ftags&post=37645"}],"curies":[{"name":"wp","href":"https:\/\/api.w.org\/{rel}","templated":true}]}}