{"id":37638,"date":"2025-07-26T15:08:58","date_gmt":"2025-07-26T19:08:58","guid":{"rendered":"https:\/\/noticiasveraces.com\/?p=37638"},"modified":"2025-07-26T15:08:58","modified_gmt":"2025-07-26T19:08:58","slug":"ataque-terrorista-en-iran-deja-al-menos-cinco-muertos-dw-26-07-2025","status":"publish","type":"post","link":"https:\/\/noticiasveraces.com\/?p=37638","title":{"rendered":"Ataque terrorista en Ir\u00e1n deja al menos cinco muertos \u2013 DW \u2013 26\/07\/2025"},"content":{"rendered":"<p> \n<\/p>\n<div>\n<p>Hombres armados atacaron este s\u00e1bado (26.07.2025) el edificio de justicia de la ciudad de Zahed\u00e1n, en la conflictiva provincia de Sist\u00e1n y Baluchist\u00e1n, en el sureste de Ir\u00e1n, lo que ha dejado al menos varios heridos, informaron los medios iran\u00edes.<\/p>\n<p>Los atacantes entraron en el edificio y abrieron fuego dejando varios muertos y heridos. \u201cCinco personas murieron y trece resultaron heridas en el ataque terrorista\u201d, inform\u00f3 la agencia Tasnim, vinculada a la Guardia Revolucionaria iran\u00ed.<\/p>\n<p>Varios heridos fueron evacuados del edificio y trasladados en ambulancias a centros m\u00e9dicos. El personal del centro de justicia tambi\u00e9n fue sacado por un gran contingente de fuerzas de seguridad.<\/p>\n<h2>Grupo sun\u00ed detr\u00e1s de violencia<\/h2>\n<p>El ataque ha sido reivindicado por Yeish al Adl, un grupo sun\u00ed opuesto al r\u00e9gimen chi\u00ed de Ir\u00e1n, que busca la independencia de la provincia de Sist\u00e1n y Baluchist\u00e1n y act\u00faa en la porosa frontera entre Ir\u00e1n y Pakist\u00e1n.<\/p>\n<p>El grupo Yeish al Adl, considerado terrorista por la Rep\u00fablica Isl\u00e1mica, llev\u00f3 a cabo el a\u00f1o pasado una serie de ataques coordinados contra cuarteles de la Guardia Revolucionaria y dos comisar\u00edas de Polic\u00eda, en los que murieron al menos una treintena de personas.<\/p>\n<p>La regi\u00f3n de Sist\u00e1n y Baluchist\u00e1n tiene una poblaci\u00f3n mayoritariamente sun\u00ed y en ella operan grupos extremistas de esa rama del islam, contrarios al Gobierno chi\u00ed de Teher\u00e1n, as\u00ed como bandas de contrabandistas y narcotraficantes.<\/p>\n<p>(Efe, AFP\/MN)<\/p>\n<\/p>\n<\/div>\n\n","protected":false},"excerpt":{"rendered":"<p>Hombres armados atacaron este s\u00e1bado (26.07.2025) el edificio de justicia de la ciudad de Zahed\u00e1n, en la conflictiva provincia de Sist\u00e1n y Baluchist\u00e1n, en el sureste de Ir\u00e1n, lo que ha dejado al menos varios heridos, informaron los medios iran\u00edes. Los atacantes entraron en el edificio y abrieron fuego dejando varios muertos y heridos. \u201cCinco &hellip;<\/p>\n","protected":false},"author":1,"featured_media":37639,"comment_status":"open","ping_status":"open","sticky":false,"template":"","format":"standard","meta":{"fifu_image_url":"https:\/\/static.dw.com\/image\/73421601_6.jpg","fifu_image_alt":"","footnotes":""},"categories":[13],"tags":[],"class_list":["post-37638","post","type-post","status-publish","format-standard","has-post-thumbnail","","category-mundo"],"_links":{"self":[{"href":"https:\/\/noticiasveraces.com\/index.php?rest_route=\/wp\/v2\/posts\/37638","targetHints":{"allow":["GET"]}}],"collection":[{"href":"https:\/\/noticiasveraces.com\/index.php?rest_route=\/wp\/v2\/posts"}],"about":[{"href":"https:\/\/noticiasveraces.com\/index.php?rest_route=\/wp\/v2\/types\/post"}],"author":[{"embeddable":true,"href":"https:\/\/noticiasveraces.com\/index.php?rest_route=\/wp\/v2\/users\/1"}],"replies":[{"embeddable":true,"href":"https:\/\/noticiasveraces.com\/index.php?rest_route=%2Fwp%2Fv2%2Fcomments&post=37638"}],"version-history":[{"count":0,"href":"https:\/\/noticiasveraces.com\/index.php?rest_route=\/wp\/v2\/posts\/37638\/revisions"}],"wp:featuredmedia":[{"embeddable":true,"href":"https:\/\/noticiasveraces.com\/index.php?rest_route=\/wp\/v2\/media\/37639"}],"wp:attachment":[{"href":"https:\/\/noticiasveraces.com\/index.php?rest_route=%2Fwp%2Fv2%2Fmedia&parent=37638"}],"wp:term":[{"taxonomy":"category","embeddable":true,"href":"https:\/\/noticiasveraces.com\/index.php?rest_route=%2Fwp%2Fv2%2Fcategories&post=37638"},{"taxonomy":"post_tag","embeddable":true,"href":"https:\/\/noticiasveraces.com\/index.php?rest_route=%2Fwp%2Fv2%2Ftags&post=37638"}],"curies":[{"name":"wp","href":"https:\/\/api.w.org\/{rel}","templated":true}]}}