{"id":37578,"date":"2025-07-26T04:56:59","date_gmt":"2025-07-26T08:56:59","guid":{"rendered":"https:\/\/noticiasveraces.com\/?p=37578"},"modified":"2025-07-26T04:56:59","modified_gmt":"2025-07-26T08:56:59","slug":"reconocer-el-estado-de-palestina-puede-ser-un-error-dw-26-07-2025","status":"publish","type":"post","link":"https:\/\/noticiasveraces.com\/?p=37578","title":{"rendered":"reconocer el Estado de Palestina puede ser un error \u2013 DW \u2013 26\/07\/2025"},"content":{"rendered":"<p> \n<\/p>\n<div>\n<p>La primera ministra italiana, Giorgia Meloni, consider\u00f3 que \u00abel reconocimiento del Estado de Palestina, sin que exista un Estado de Palestina, puede ser incluso contraproducente\u00bb. Esto luego que el presidente franc\u00e9s, Emmanuel Macron, comunicara que Francia lo reconocer\u00e1 formalmente en septiembre ante la Asamblea General de la ONU.<\/p>\n<p>\u00abAs\u00ed se lo he dicho a la propia autoridad palestina y tambi\u00e9n se lo he dicho a Macron\u00bb, explic\u00f3 la mandataria italiana en declaraciones publicadas este s\u00e1bado (26.07.2025) por el diario &#8216;La Repubblica&#8217;.<\/p>\n<p>Para Meloni, \u00absi se reconoce sobre el papel algo que no existe, se corre el riesgo de que el problema parezca resuelto, cuando no lo est\u00e1\u00bb y a\u00f1ade: \u00abaunque soy muy favorable al Estado de Palestina, no estoy a favor de su reconocimiento antes de que se haya iniciado un proceso para su constituci\u00f3n\u00bb.<\/p>\n<h2>Soluci\u00f3n de los dos estados<\/h2>\n<p>Por su parte, el ministro de Exteriores italiano, Antonio Tajani, explic\u00f3 que \u00abItalia apoya la soluci\u00f3n de dos pueblos y dos Estados, pero el reconocimiento del nuevo Estado palestino debe producirse simult\u00e1neamente con el reconocimiento por parte de Italia del Estado de Israel\u00bb.<\/p>\n<p>El anuncio de Macron ha generado reacciones dispares. Israel conden\u00f3 la decisi\u00f3n por considerar que \u00abrecompensa el terror\u00bb, mientras que Estados Unidos la calific\u00f3 de \u00abirresponsable\u00bb y perjudicial para la paz.<\/p>\n<p>Por su parte, el presidente del Gobierno espa\u00f1ol, Pedro S\u00e1nchez, celebr\u00f3 que Francia se sume a otros pa\u00edses europeos en el reconocimiento de Palestina, mientras que el grupo islamista Ham\u00e1s la defini\u00f3 como \u00abuna medida positiva en la direcci\u00f3n correcta\u00bb.<\/p>\n<p>(Efe, Reuters\/Mn)<\/p>\n<\/p>\n<\/div>\n\n","protected":false},"excerpt":{"rendered":"<p>La primera ministra italiana, Giorgia Meloni, consider\u00f3 que \u00abel reconocimiento del Estado de Palestina, sin que exista un Estado de Palestina, puede ser incluso contraproducente\u00bb. Esto luego que el presidente franc\u00e9s, Emmanuel Macron, comunicara que Francia lo reconocer\u00e1 formalmente en septiembre ante la Asamblea General de la ONU. \u00abAs\u00ed se lo he dicho a la &hellip;<\/p>\n","protected":false},"author":1,"featured_media":37579,"comment_status":"open","ping_status":"open","sticky":false,"template":"","format":"standard","meta":{"fifu_image_url":"https:\/\/static.dw.com\/image\/73389703_6.jpg","fifu_image_alt":"","footnotes":""},"categories":[13],"tags":[],"class_list":["post-37578","post","type-post","status-publish","format-standard","has-post-thumbnail","","category-mundo"],"_links":{"self":[{"href":"https:\/\/noticiasveraces.com\/index.php?rest_route=\/wp\/v2\/posts\/37578","targetHints":{"allow":["GET"]}}],"collection":[{"href":"https:\/\/noticiasveraces.com\/index.php?rest_route=\/wp\/v2\/posts"}],"about":[{"href":"https:\/\/noticiasveraces.com\/index.php?rest_route=\/wp\/v2\/types\/post"}],"author":[{"embeddable":true,"href":"https:\/\/noticiasveraces.com\/index.php?rest_route=\/wp\/v2\/users\/1"}],"replies":[{"embeddable":true,"href":"https:\/\/noticiasveraces.com\/index.php?rest_route=%2Fwp%2Fv2%2Fcomments&post=37578"}],"version-history":[{"count":0,"href":"https:\/\/noticiasveraces.com\/index.php?rest_route=\/wp\/v2\/posts\/37578\/revisions"}],"wp:featuredmedia":[{"embeddable":true,"href":"https:\/\/noticiasveraces.com\/index.php?rest_route=\/wp\/v2\/media\/37579"}],"wp:attachment":[{"href":"https:\/\/noticiasveraces.com\/index.php?rest_route=%2Fwp%2Fv2%2Fmedia&parent=37578"}],"wp:term":[{"taxonomy":"category","embeddable":true,"href":"https:\/\/noticiasveraces.com\/index.php?rest_route=%2Fwp%2Fv2%2Fcategories&post=37578"},{"taxonomy":"post_tag","embeddable":true,"href":"https:\/\/noticiasveraces.com\/index.php?rest_route=%2Fwp%2Fv2%2Ftags&post=37578"}],"curies":[{"name":"wp","href":"https:\/\/api.w.org\/{rel}","templated":true}]}}