{"id":37574,"date":"2025-07-26T02:55:13","date_gmt":"2025-07-26T06:55:13","guid":{"rendered":"https:\/\/noticiasveraces.com\/?p=37574"},"modified":"2025-07-26T02:55:13","modified_gmt":"2025-07-26T06:55:13","slug":"alemania-descarta-reconocer-a-corto-plazo-estado-palestino-dw-25-07-2025","status":"publish","type":"post","link":"https:\/\/noticiasveraces.com\/?p=37574","title":{"rendered":"Alemania descarta reconocer a corto plazo Estado palestino \u2013 DW \u2013 25\/07\/2025"},"content":{"rendered":"<p> \n<\/p>\n<div>\n<p>El Gobierno alem\u00e1n descart\u00f3 este viernes (25.07.2025) seguir el ejemplo de Francia y reconocer en breve un Estado palestino, al considerar que este necesario paso hacia una soluci\u00f3n de dos Estados debe tener lugar al final del proceso.<\/p>\n<p>En un comunicado, el portavoz del Ejecutivo alem\u00e1n, Stefan Kornelius, subray\u00f3 que el Gobierno alem\u00e1n \u00absigue considerando el reconocimiento de un Estado palestino como uno de los pasos finales en el camino hacia la realizaci\u00f3n de una soluci\u00f3n de dos Estados\u00bb, y que, \u00aben este sentido, no tiene previsto reconocer un Estado palestino a corto plazo\u00bb.<\/p>\n<p>Subray\u00f3 que para el Ejecutivo alem\u00e1n, \u00abla seguridad de Israel tiene una importancia superior\u00bb y reiter\u00f3 el convencimiento de Alemania de que \u00abs\u00f3lo una soluci\u00f3n negociada de dos Estados aportar\u00e1 paz y seguridad duraderas a israel\u00edes y palestinos\u00bb.<\/p>\n<p>La prioridad del Gobierno alem\u00e1n ahora es lograr avances largamente esperados en las cuestiones m\u00e1s apremiantes y \u00abest\u00e1 dispuesto a aumentar la presi\u00f3n si no hay progreso\u00bb, se\u00f1al\u00f3 el portavoz.<\/p>\n<p>Entre los puntos que requieren un avance urgente, Kornelius aludi\u00f3 al necesario alto el fuego en Gaza, la liberaci\u00f3n de les rehenes, entre los que tambi\u00e9n hay alemanes, el desarme de Ham\u00e1s y el fin del terror de esta organizaci\u00f3n que subray\u00f3, no se desat\u00f3 s\u00f3lo tras el ataque del 7 de octubre de 2023.<\/p>\n<p>Israel, por su parte, debe mejorar de forma inmediata y dr\u00e1stica la catastr\u00f3fica situaci\u00f3n humanitaria en Gaza y proporcionar a la poblaci\u00f3n civil que sufre \u00abun abastecimiento humanitariamente digno y urgentemente necesario\u00bb.<\/p>\n<p>Adem\u00e1s, \u00abes necesaria una perspectiva pol\u00edtica viable para Gaza para que el alto el fuego temporal pueda convertirse en una paz duradera\u00bb, agrega el comunicado, que tambi\u00e9n advierte a Israel de que \u00abno debe haber m\u00e1s pasos hacia la anexi\u00f3n de Cisjordania\u00bb.<\/p>\n<p>\u00abLos pasos citados son absolutamente necesarios para poner fin al sufrimiento de la poblaci\u00f3n civil. Tambi\u00e9n son necesarias para mantener abierta la perspectiva de una soluci\u00f3n de dos Estados y, con ello, de una paz duradera en Oriente Pr\u00f3ximo\u00bb, a\u00f1adi\u00f3 Kornelius.<\/p>\n<p>CT (Efe, Deutschlandfunk)<\/p>\n<\/div>\n\n","protected":false},"excerpt":{"rendered":"<p>El Gobierno alem\u00e1n descart\u00f3 este viernes (25.07.2025) seguir el ejemplo de Francia y reconocer en breve un Estado palestino, al considerar que este necesario paso hacia una soluci\u00f3n de dos Estados debe tener lugar al final del proceso. En un comunicado, el portavoz del Ejecutivo alem\u00e1n, Stefan Kornelius, subray\u00f3 que el Gobierno alem\u00e1n \u00absigue considerando &hellip;<\/p>\n","protected":false},"author":1,"featured_media":37575,"comment_status":"open","ping_status":"open","sticky":false,"template":"","format":"standard","meta":{"fifu_image_url":"https:\/\/static.dw.com\/image\/73381333_6.jpg","fifu_image_alt":"","footnotes":""},"categories":[13],"tags":[],"class_list":["post-37574","post","type-post","status-publish","format-standard","has-post-thumbnail","","category-mundo"],"_links":{"self":[{"href":"https:\/\/noticiasveraces.com\/index.php?rest_route=\/wp\/v2\/posts\/37574","targetHints":{"allow":["GET"]}}],"collection":[{"href":"https:\/\/noticiasveraces.com\/index.php?rest_route=\/wp\/v2\/posts"}],"about":[{"href":"https:\/\/noticiasveraces.com\/index.php?rest_route=\/wp\/v2\/types\/post"}],"author":[{"embeddable":true,"href":"https:\/\/noticiasveraces.com\/index.php?rest_route=\/wp\/v2\/users\/1"}],"replies":[{"embeddable":true,"href":"https:\/\/noticiasveraces.com\/index.php?rest_route=%2Fwp%2Fv2%2Fcomments&post=37574"}],"version-history":[{"count":0,"href":"https:\/\/noticiasveraces.com\/index.php?rest_route=\/wp\/v2\/posts\/37574\/revisions"}],"wp:featuredmedia":[{"embeddable":true,"href":"https:\/\/noticiasveraces.com\/index.php?rest_route=\/wp\/v2\/media\/37575"}],"wp:attachment":[{"href":"https:\/\/noticiasveraces.com\/index.php?rest_route=%2Fwp%2Fv2%2Fmedia&parent=37574"}],"wp:term":[{"taxonomy":"category","embeddable":true,"href":"https:\/\/noticiasveraces.com\/index.php?rest_route=%2Fwp%2Fv2%2Fcategories&post=37574"},{"taxonomy":"post_tag","embeddable":true,"href":"https:\/\/noticiasveraces.com\/index.php?rest_route=%2Fwp%2Fv2%2Ftags&post=37574"}],"curies":[{"name":"wp","href":"https:\/\/api.w.org\/{rel}","templated":true}]}}