{"id":37567,"date":"2025-07-26T01:35:53","date_gmt":"2025-07-26T05:35:53","guid":{"rendered":"https:\/\/noticiasveraces.com\/?p=37567"},"modified":"2025-07-26T01:35:53","modified_gmt":"2025-07-26T05:35:53","slug":"gaza-no-es-solo-una-crisis-humanitaria-es-una-crisis-moral-que-desafia-la-conciencia-mundial-guterres","status":"publish","type":"post","link":"https:\/\/noticiasveraces.com\/?p=37567","title":{"rendered":"Gaza no es solo una crisis humanitaria, es una crisis moral que desaf\u00eda la conciencia mundial: Guterres"},"content":{"rendered":"<p> \n<\/p>\n<div>\n<p>Lo que ocurre en la Franja de <strong>Gaza es \u201cuna crisis moral que desaf\u00eda la conciencia global\u201d,<\/strong> afirm\u00f3 este viernes Ant\u00f3nio Guterres y urgi\u00f3 a la comunidad internacional a actuar con determinaci\u00f3n frente a la cat\u00e1strofe humanitaria que se desarrolla a la vista de todo el mundo.<\/p>\n<p>En el primer discurso jam\u00e1s pronunciado por un Secretario General de la ONU ante la Asamblea Global de Amnist\u00eda Internacional, adem\u00e1s de denunciar categ\u00f3ricamente la <strong>devastaci\u00f3n en Gaza a causa del \u201cimplacable ataque israel\u00ed\u201d,<\/strong> Guterres rindi\u00f3 homenaje al trabajo incansable de esa organizaci\u00f3n como basti\u00f3n de la dignidad humana en tiempos de creciente represi\u00f3n y autoritarismo.<\/p>\n<p>En su participaci\u00f3n v\u00eda teleconferencia, Guterres record\u00f3 que ha condenado desde el inicio los ataque de Hamas en el sur de Israel el 7 de octubre de 2023, pero, insisti\u00f3 en que \u201c<strong>nada justifica la explosi\u00f3n de muerte y destrucci\u00f3n <\/strong>que ha ocurrido desde entonces\u201d en Gaza.<\/p>\n<h2>Indiferencia e inacci\u00f3n internacional<\/h2>\n<p>Tras describir el desolador escenario en el que la violencia ha superado los precedentes recientes, lament\u00f3 la <strong>indiferencia generalizada de la comunidad internacional.<\/strong><\/p>\n<p>\u201cNo puedo explicar el nivel de indiferencia e inacci\u00f3n que vemos por parte de muchos actores internacionales. La <strong>falta de compasi\u00f3n. La falta de verdad. La falta de humanidad<\/strong>\u201d, deplor\u00f3.<\/p>\n<p>Guterres subray\u00f3 que los propios trabajadores humanitarios de la ONU en Gaza, muchos de ellos desnutridos y al borde del colapso, \u201cdicen que no se sienten ni vivos ni muertos\u201d, y report\u00f3 con horror que los ni\u00f1os \u201chablan de <strong>querer ir al cielo porque all\u00ed, al menos, hay comida<\/strong>\u00ab.<\/p>\n<p>\u201cMantenemos videollamadas con nuestros trabajadores humanitarios en Gaza que se mueren de hambre ante nuestros ojos (\u2026) Seguiremos alzando la voz en cada oportunidad, pero <strong>las palabras no alimentan a los ni\u00f1os<\/strong>\u201d, enfatiz\u00f3.<\/p>\n<p>Las cifras de la ONU indican que del 27 de mayo a la fecha, m\u00e1s de 1000 palestinos han sido asesinados mientras intentaban acceder a alimentos. \u201c<strong>No murieron en combate, sino en desesperaci\u00f3n<\/strong>mientras toda la poblaci\u00f3n se muere de hambre\u201d, recalc\u00f3.<\/p>\n<p>Frente a esta tragedia, Guterres pidi\u00f3 un <strong>alto el fuego inmediato y permanente<\/strong>la liberaci\u00f3n incondicional de todos los rehenes, el <strong>acceso humanitario sin restricciones<\/strong> y \u201cmedidas urgentes, concretas e irreversibles hacia una soluci\u00f3n de dos Estados\u201d.<\/p>\n<p>\u201cLa ONU est\u00e1 lista. <strong>Tenemos planes finalizados para ampliar masivamente nuestras operaciones humanitarias<\/strong> en Gaza en cuanto se establezca un alto el fuego. Sabemos qu\u00e9 funciona y qu\u00e9 no funciona\u201d, dijo.<\/p>\n<div class=\"context-un_news_large_uncropped_credit_caption type-entermedia_image media media--type-entermedia-image media--view-mode-un-news-large-uncropped-credit-caption\">\n<div class=\"field field--name-thumbnail field--type-image field--label-hidden field__item\"><img decoding=\"async\" src=\"https:\/\/global.unitednations.entermediadb.net\/assets\/mediadb\/services\/module\/asset\/downloads\/preset\/Libraries\/Production%20Library\/25-07-2025-UN-Photo-Guterres-01.jpg\/image1024x768.jpg\" alt=\"El Secretario General Ant\u00f3nio Guterres se dirige a la Asamblea Global de Amnist\u00eda Internacional.\" title=\"El Secretario General Ant\u00f3nio Guterres se dirige a la Asamblea Global de Amnist\u00eda Internacional.\" loading=\"lazy\" width=\"1024\" height=\"768\"\/>\n<\/div>\n<p>El Secretario General Ant\u00f3nio Guterres se dirige a la Asamblea Global de Amnist\u00eda Internacional.<\/p>\n<\/div>\n<h2>Pilar indispensable de la justicia global<\/h2>\n<p>El titular de la ONU encomi\u00f3 el trabajo de Amnist\u00eda Internacional por su <strong>legado y su papel fundamental en la defensa de los derechos humanos. Record\u00f3<\/strong> su fundaci\u00f3n en 1960, motivada por la indignaci\u00f3n del abogado brit\u00e1nico Peter Benenson al leer en el peri\u00f3dico que el r\u00e9gimen dictatorial portugu\u00e9s, el pa\u00eds de origen de Guterres, hab\u00eda encarcelado a dos estudiantes por brindar por la libertad.<\/p>\n<p>Desde entonces, dijo, Amnist\u00eda ha sido <strong>\u201cvaliente, con principios e incansable\u201d,<\/strong> logrando liberar presos de conciencia, impulsar tratados internacionales como la Convenci\u00f3n contra la Tortura, y ganar incluso el Premio Nobel de la Paz.<\/p>\n<p>\u201cSu trabajo refleja verdades que yo viv\u00ed bajo la dictadura: que <strong>la moralidad exige el coraje de oponerse a la opresi\u00f3n, <\/strong>que la solidaridad y la justicia son personales y globales, y que la lucha por la libertad en un continente puede resonar en todo el mundo\u201d, apunt\u00f3.<\/p>\n<p>El <strong>mundo necesita hoy m\u00e1s que nunca a organizaciones como Amnist\u00eda Internacional<\/strong>. \u201cNecesitamos su valent\u00eda, su creatividad, su claridad. Necesitamos sus movimientos arraigados en las comunidades que obligan a los l\u00edderes a no cerrar los ojos ante sus obligaciones\u201d, declar\u00f3.<\/p>\n<p>Adem\u00e1s, apoy\u00f3 lo que esa organizaci\u00f3n ha llamado \u201calborotar\u201d, argumentando que es el tipo de alboroto que \u201c<strong>desaf\u00eda la complacencia y la inacci\u00f3n<\/strong>que expone la injusticia y que impulsa el cambio duradero\u201d.<\/p>\n<h2>Resurgimiento mundial del autoritarismo<\/h2>\n<p>Guterres advirti\u00f3 sobre un alarmante resurgimiento mundial del autoritarismo que \u201c<strong>contamina a algunas democracias\u201d<\/strong>. No se trata de eventos aislados, se ha contagiado globalmente, agreg\u00f3.<\/p>\n<p>\u00ab<strong>La oposici\u00f3n pol\u00edtica es aplastada, la rendici\u00f3n de cuentas desmantelada<\/strong>la igualdad y la no discriminaci\u00f3n pisoteadas, el estado de derecho ignorado y la sociedad civil asfixiada\u201d, enumer\u00f3.<\/p>\n<p>La lista de violaciones de las garant\u00edas fundamentales incluye tambi\u00e9n la <strong>abolici\u00f3n de los derechos de las mujeres<\/strong> -particularmente en Afganist\u00e1n, los asesinatos y acoso a periodistas y activistas, los castigos a las minor\u00edas, entre otros abusos.<\/p>\n<p>Guterres tambi\u00e9n <strong>repudi\u00f3 el papel de las redes sociales amplificando el odio y la desinformaci\u00f3n<\/strong>. \u201cMuchos algoritmos est\u00e1n premiando lo peor de la humanidad: fomentando mentiras, racismo, misoginia y divisiones\u201d.<\/p>\n<p>En cuanto a la labor de la ONU, sostuvo que, pese a sus limitaciones financieras, <strong>mantiene como pilar central la defensa de los derechos humanos,<\/strong> aludiendo a iniciativas como la ONU80, que busca renovar el multilateralismo, y el Llamado a la Acci\u00f3n por los Derechos Humanos, que moviliza a todo el sistema de Naciones Unidas en esa direcci\u00f3n.<\/p>\n<p>Asimismo, respald\u00f3 la labor de Amnist\u00eda Internacional en temas clave como la justicia clim\u00e1tica, la defensa del espacio c\u00edvico, la igualdad de g\u00e9nero y la reforma del sistema financiero internacional.<\/p>\n<h2>Estamos en el lado correcto de la historia, no nos rindamos nunca<\/h2>\n<p>Antes de finalizar, Guterres asegur\u00f3 que Amnist\u00eda Internacional <strong>est\u00e1 en el lado correcto de la historia al defender la libertad.<\/strong><\/p>\n<p>\u201cCuando [ustedes] defienden los derechos humanos, est\u00e1n del lado correcto. Esa es su historia (\u2026) Su valent\u00eda sigue cambiando vidas. <strong>Su persistencia est\u00e1 cambiando el curso de la historia<\/strong>\u201d, asegur\u00f3.<\/p>\n<p>El Secretario General concluy\u00f3 con un llamado a la acci\u00f3n urgente: \u201cSigamos adelante. Sigamos luchando. Enfrentemos este momento con la urgencia que exige. <strong>Y nunca, nunca nos rindamos<\/strong>\u00ab.<\/p>\n<\/div>\n\n","protected":false},"excerpt":{"rendered":"<p>Lo que ocurre en la Franja de Gaza es \u201cuna crisis moral que desaf\u00eda la conciencia global\u201d, afirm\u00f3 este viernes Ant\u00f3nio Guterres y urgi\u00f3 a la comunidad internacional a actuar con determinaci\u00f3n frente a la cat\u00e1strofe humanitaria que se desarrolla a la vista de todo el mundo. En el primer discurso jam\u00e1s pronunciado por un &hellip;<\/p>\n","protected":false},"author":1,"featured_media":37569,"comment_status":"open","ping_status":"open","sticky":false,"template":"","format":"standard","meta":{"fifu_image_url":"https:\/\/global.unitednations.entermediadb.net\/assets\/mediadb\/services\/module\/asset\/downloads\/preset\/Libraries\/Production%20Library\/21-07-2025_UNNews_Gaza_Starvation_children.jpg\/image770x420cropped.jpg","fifu_image_alt":"","footnotes":""},"categories":[3],"tags":[],"class_list":["post-37567","post","type-post","status-publish","format-standard","has-post-thumbnail","","category-negocio"],"_links":{"self":[{"href":"https:\/\/noticiasveraces.com\/index.php?rest_route=\/wp\/v2\/posts\/37567","targetHints":{"allow":["GET"]}}],"collection":[{"href":"https:\/\/noticiasveraces.com\/index.php?rest_route=\/wp\/v2\/posts"}],"about":[{"href":"https:\/\/noticiasveraces.com\/index.php?rest_route=\/wp\/v2\/types\/post"}],"author":[{"embeddable":true,"href":"https:\/\/noticiasveraces.com\/index.php?rest_route=\/wp\/v2\/users\/1"}],"replies":[{"embeddable":true,"href":"https:\/\/noticiasveraces.com\/index.php?rest_route=%2Fwp%2Fv2%2Fcomments&post=37567"}],"version-history":[{"count":0,"href":"https:\/\/noticiasveraces.com\/index.php?rest_route=\/wp\/v2\/posts\/37567\/revisions"}],"wp:featuredmedia":[{"embeddable":true,"href":"https:\/\/noticiasveraces.com\/index.php?rest_route=\/wp\/v2\/media\/37569"}],"wp:attachment":[{"href":"https:\/\/noticiasveraces.com\/index.php?rest_route=%2Fwp%2Fv2%2Fmedia&parent=37567"}],"wp:term":[{"taxonomy":"category","embeddable":true,"href":"https:\/\/noticiasveraces.com\/index.php?rest_route=%2Fwp%2Fv2%2Fcategories&post=37567"},{"taxonomy":"post_tag","embeddable":true,"href":"https:\/\/noticiasveraces.com\/index.php?rest_route=%2Fwp%2Fv2%2Ftags&post=37567"}],"curies":[{"name":"wp","href":"https:\/\/api.w.org\/{rel}","templated":true}]}}