{"id":37550,"date":"2025-07-25T23:51:02","date_gmt":"2025-07-26T03:51:02","guid":{"rendered":"https:\/\/noticiasveraces.com\/?p=37550"},"modified":"2025-07-25T23:51:02","modified_gmt":"2025-07-26T03:51:02","slug":"controversia-en-alemania-por-su-postura-hacia-israel-dw-25-07-2025","status":"publish","type":"post","link":"https:\/\/noticiasveraces.com\/?p=37550","title":{"rendered":"Controversia en Alemania por su postura hacia Israel \u2013 DW \u2013 25\/07\/2025"},"content":{"rendered":"<p> \n<\/p>\n<div>\n<p>\u00abLa guerra en Gaza debe terminar ya\u00bb. La frase aparece en una\u00a0declaraci\u00f3n conjunta\u00a0, emitida\u00a0por una treintena de Estados, que<strong> <\/strong>ha causado conmoci\u00f3n. El texto pide\u00a0a las partes en conflicto que acuerden un \u00abalto el fuego inmediato, incondicional y permanente\u00bb e insta\u00a0al cumplimiento del derecho internacional humanitario.<\/p>\n<p>Entre la treintena de pa\u00edses, figuran Francia, Dinamarca y el Reino Unido, pero no Estados Unidos ni Alemania. Desde su toma de posesi\u00f3n a principios de mayo, el canciller alem\u00e1n, Friedrich Merz, del partido democristiano\u00a0CDU, ha criticado repetidamente las acciones de Israel, tanto en la Franja de Gaza como en Cisjordania.<\/p>\n<p>Merz ha aludido\u00a0expl\u00edcitamente a las diferencias de opini\u00f3n con el primer ministro israel\u00ed, Benjamin Netanyahu. \u00abTambi\u00e9n estamos diciendo claramente lo que no es aceptable, y lo que est\u00e1 ocurriendo actualmente all\u00ed, ya no\u00a0es aceptable\u00bb, dijo el canciller en una\u00a0conferencia de prensa .<\/p>\n<h2>El Holocausto y la responsabilidad hacia Israel<\/h2>\n<p>\u00bfA\u00a0qu\u00e9 se debe esta tensi\u00f3n? Es la forma de gestionar\u00a0pol\u00edticamente\u00a0la responsabilidad permanente de Alemania hacia\u00a0Israel debida al Holocausto, el asesinato de seis millones de jud\u00edos por la Alemania nazi, que s\u00f3lo fue detenido por los aliados en 1945, con su victoria sobre Alemania.<\/p>\n<p>\u00abLa existencia y la seguridad del Estado de Israel son y siguen siendo nuestra raz\u00f3n de ser\u00bb, dijo Merz en su primera declaraci\u00f3n de gobierno, el 14 de mayo de 2025, refiri\u00e9ndose al 7 de octubre de 2023, al ataque terrorista de Ham\u00e1s. \u00abMe gustar\u00eda aprovechar esta oportunidad para decir a nuestros amigos israel\u00edes: estamos inquebrantablemente al\u00a0lado de Israel\u00bb. <\/p>\n<figure class=\"placeholder-image master_landscape big\"><img data-format=\"MASTER_LANDSCAPE\" data-id=\"73324560\" data-url=\"https:\/\/static.dw.com\/image\/73324560_${formatId}.jpg\" data-aspect-ratio=\"16\/9\" alt=\"Friedrich Merz saluda a Benjamin Netanjahu, banderas de fondo.\" style=\"padding-bottom: 56.25%; height: 0; max-height: 0;\"\/><figcaption class=\"img-caption\">En febrero de 2024, el primer ministro de Israel, Benjam\u00edn Netanyahu (derecha), recibi\u00f3 en Jerusal\u00e9n al actual canciller alem\u00e1n Friedrich Merz, que entonces era l\u00edder de la oposici\u00f3n.<small class=\"copyright\">Imagen: Kobi Gideon\/GPO\/DPA\/Picture Alliance<\/small><\/figcaption><\/figure>\n<p>Angela Merkel (CDU), canciller de 2005 a 2021, visit\u00f3 aquel pa\u00eds\u00a0un total de ocho veces, m\u00e1s que todos los dem\u00e1s cancilleres alemanes juntos. En 2008, fue la primera jefa de gobierno extranjera que habl\u00f3 en la Kn\u00e9set, el Parlamento israel\u00ed.<\/p>\n<p>\u00abTodos los Gobiernos federales y todos los cancilleres federales que me han precedido se han comprometido con la seguridad de Israel\u00a0por\u00a0la especial responsabilidad hist\u00f3rica de Alemania. Esta responsabilidad\u00a0forma parte de la raz\u00f3n de Estado de mi pa\u00eds. Esto significa que la seguridad de Israel nunca ser\u00e1\u00a0negociable para m\u00ed, como canciller alemana\u00bb.<\/p>\n<h2>Punto de referencia<\/h2>\n<p>El discurso de Merkel sobre la \u00abraz\u00f3n de Estado\u00bb de Alemania se ha convertido desde entonces en un punto de referencia frecuente a la hora de definir las relaciones germano-israel\u00edes.<\/p>\n<p>A Israel le molesta la insistencia de Alemania en una soluci\u00f3n de dos Estados, es decir, un Estado palestino separado, y rechaza las cr\u00edticas alemanas a la construcci\u00f3n de asentamientos en los territorios ocupados. Por su parte, Alemania ve con ojos cr\u00edticos la participaci\u00f3n de partidos de extrema derecha en el Gobierno de Netanyahu.<\/p>\n<p>El gran atentado terrorista de Ham\u00e1s contra Israel, que dej\u00f3 m\u00e1s de 1200 muertos y cientos de rehenes secuestrados, provoc\u00f3 numerosos mensajes de solidaridad y visitas de pol\u00edticos alemanes tras el 7 de octubre de 2023.<\/p>\n<p>Asimismo, las acciones emprendidas por Israel y Estados Unidos contra Ir\u00e1n para impedir que fabrique armas nucleares han contado\u00a0con la\u00a0aprobaci\u00f3n de Alemania. Seg\u00fan Merz, Israel est\u00e1 haciendo \u00abel trabajo sucio\u00bb para Occidente.<\/p>\n<p>De vez en cuando, familiares de rehenes israel\u00edes que permanecen secuestrados en\u00a0Gaza son recibidos en Berl\u00edn. Por otro lado, las encuestas muestran que a muchos alemanes les gustar\u00eda ver palabras m\u00e1s duras por parte de los pol\u00edticos alemanes ante las im\u00e1genes de la destrucci\u00f3n y las decenas de miles de muertos en Gaza.<\/p>\n<p><span data-slot-id=\"Article_InContent-1\" class=\"rich-text-ad\"\/><\/p>\n<h2>Cr\u00edticas m\u00e1s duras de Berl\u00edn, pero no sanciones<\/h2>\n<p>\u00abLa forma en que el ej\u00e9rcito israel\u00ed est\u00e1 actuando all\u00ed es inaceptable\u00bb, declar\u00f3 el canciller Merz esta semana, el lunes 21 de julio.\u00a0Seg\u00fan declaraciones de su portavoz, el Gobierno\u00a0alem\u00e1n no considera que el proceder\u00a0de Israel en la Franja de Gaza constituya un genocidio.<\/p>\n<p>Adem\u00e1s, Alemania impide que la UE imponga sanciones a aquel pa\u00eds y tampoco exige un alto el fuego directo por parte de Israel ni de ninguna de las partes en conflicto.<\/p>\n<p>La declaraci\u00f3n conjunta de una treintena de Estados pone ahora en movimiento el debate en Alemania. El Gobierno del pa\u00eds\u00a0no se ha sumado al llamamiento, aunque los pol\u00edticos del partido socialdem\u00f3crata\u00a0SPD est\u00e1n a favor de este paso.<\/p>\n<p>Mientras el canciller Merz y el portavoz del Gobierno, Stefan Kornelius, subrayaban la unanimidad de la coalici\u00f3n gobernante\u00a0en su postura hacia Israel, el grupo parlamentario del SPD ped\u00eda que se firmara la declaraci\u00f3n.<\/p>\n<h2>Diplom\u00e1ticos alemanes piden una postura m\u00e1s dura hacia Israel<\/h2>\n<p>Por otra parte, el medio <em>El espejo<\/em> inform\u00f3\u00a0sobre la carta abierta de un grupo de 130 diplom\u00e1ticos alemanes, en su mayor\u00eda j\u00f3venes, entre ellos una docena de antiguos embajadores.<\/p>\n<p>En el texto, el grupo exige cr\u00edticas m\u00e1s duras al Gobierno israel\u00ed y medidas concretas. Estas van desde un cambio de rumbo en las exportaciones alemanas de armas a Israel hasta sanciones econ\u00f3micas contra los asentamientos israel\u00edes en territorios ocupados y el reconocimiento de un Estado palestino legitimado democr\u00e1ticamente.\u00a0\u00abEl momento de actuar es ahora\u00bb, concluyen los diplom\u00e1ticos en su misiva.<\/p>\n<p>(MD\/MS)<\/p>\n<\/div>\n\n","protected":false},"excerpt":{"rendered":"<p>\u00abLa guerra en Gaza debe terminar ya\u00bb. La frase aparece en una\u00a0declaraci\u00f3n conjunta\u00a0, emitida\u00a0por una treintena de Estados, que ha causado conmoci\u00f3n. El texto pide\u00a0a las partes en conflicto que acuerden un \u00abalto el fuego inmediato, incondicional y permanente\u00bb e insta\u00a0al cumplimiento del derecho internacional humanitario. Entre la treintena de pa\u00edses, figuran Francia, Dinamarca y &hellip;<\/p>\n","protected":false},"author":1,"featured_media":37551,"comment_status":"open","ping_status":"open","sticky":false,"template":"","format":"standard","meta":{"fifu_image_url":"https:\/\/static.dw.com\/image\/73387722_6.jpg","fifu_image_alt":"","footnotes":""},"categories":[13],"tags":[],"class_list":["post-37550","post","type-post","status-publish","format-standard","has-post-thumbnail","","category-mundo"],"_links":{"self":[{"href":"https:\/\/noticiasveraces.com\/index.php?rest_route=\/wp\/v2\/posts\/37550","targetHints":{"allow":["GET"]}}],"collection":[{"href":"https:\/\/noticiasveraces.com\/index.php?rest_route=\/wp\/v2\/posts"}],"about":[{"href":"https:\/\/noticiasveraces.com\/index.php?rest_route=\/wp\/v2\/types\/post"}],"author":[{"embeddable":true,"href":"https:\/\/noticiasveraces.com\/index.php?rest_route=\/wp\/v2\/users\/1"}],"replies":[{"embeddable":true,"href":"https:\/\/noticiasveraces.com\/index.php?rest_route=%2Fwp%2Fv2%2Fcomments&post=37550"}],"version-history":[{"count":0,"href":"https:\/\/noticiasveraces.com\/index.php?rest_route=\/wp\/v2\/posts\/37550\/revisions"}],"wp:featuredmedia":[{"embeddable":true,"href":"https:\/\/noticiasveraces.com\/index.php?rest_route=\/wp\/v2\/media\/37551"}],"wp:attachment":[{"href":"https:\/\/noticiasveraces.com\/index.php?rest_route=%2Fwp%2Fv2%2Fmedia&parent=37550"}],"wp:term":[{"taxonomy":"category","embeddable":true,"href":"https:\/\/noticiasveraces.com\/index.php?rest_route=%2Fwp%2Fv2%2Fcategories&post=37550"},{"taxonomy":"post_tag","embeddable":true,"href":"https:\/\/noticiasveraces.com\/index.php?rest_route=%2Fwp%2Fv2%2Ftags&post=37550"}],"curies":[{"name":"wp","href":"https:\/\/api.w.org\/{rel}","templated":true}]}}