{"id":37537,"date":"2025-07-25T21:48:33","date_gmt":"2025-07-26T01:48:33","guid":{"rendered":"https:\/\/noticiasveraces.com\/?p=37537"},"modified":"2025-07-25T21:48:33","modified_gmt":"2025-07-26T01:48:33","slug":"los-diplomaticos-europeos-se-reunen-con-iran-por-primera-vez-desde-los-bombardeos-de-ee-uu","status":"publish","type":"post","link":"https:\/\/noticiasveraces.com\/?p=37537","title":{"rendered":"Los diplom\u00e1ticos europeos se re\u00fanen con Ir\u00e1n por primera vez desde los bombardeos de EE. UU."},"content":{"rendered":"<p> \n<\/p>\n<div>\n<div id=\"beyondwords-wrapper\" class=\"beyondwords-wrapper\">\n<p><span class=\"label-bg\">NUEVO<\/span>\u00a1Ahora puedes escuchar art\u00edculos de Fox News!\n  <\/p>\n<\/div>\n<p class=\"speakable\">Los diplom\u00e1ticos europeos se reunieron con iran\u00edes el viernes cara a cara por primera vez desde que Israel y Estados Unidos bombardearon el pa\u00eds el mes pasado. <\/p>\n<p class=\"speakable\">La reuni\u00f3n \u00abseria, franca y detallada\u00bb en Estambul, Turqu\u00eda, dur\u00f3 alrededor de cuatro horas y todos los funcionarios acordaron reunirse nuevamente para negociaciones continuas sobre el programa nuclear de Ir\u00e1n. <\/p>\n<p>Las sanciones que se levantaron en Ir\u00e1n en 2015 despu\u00e9s de que acord\u00f3 las restricciones y el monitoreo de su programa nuclear podr\u00edan reimponerse si Ir\u00e1n no cumple con los requisitos. <\/p>\n<p>Una de las naciones E3 de Europa, Gran Breta\u00f1a, Francia y Alemania, que mantuvieron las conversaciones con Ir\u00e1n, podr\u00eda recuperar las sanciones bajo el mecanismo \u00abSnapback\u00bb, que permite a uno de los pa\u00edses europeos traer de vuelta las sanciones de la ONU si Ir\u00e1n viola las condiciones. <\/p>\n<p><strong>Ir\u00e1n busca China, Rusia ayuda a detener las sanciones de la ONU antes de las conversaciones nucleares con los europeos<\/strong><\/p>\n<div class=\"image-ct inline\">\n<div class=\"m\"><picture><source media=\"(max-width: 767px)\" srcset=\"https:\/\/a57.foxnews.com\/static.foxnews.com\/foxnews.com\/content\/uploads\/2025\/07\/343\/192\/iran-talks-in-istanbul.jpg?ve=1&amp;tl=1, https:\/\/a57.foxnews.com\/static.foxnews.com\/foxnews.com\/content\/uploads\/2025\/07\/686\/384\/iran-talks-in-istanbul.jpg?ve=1&amp;tl=1 2x\" height=\"192\" width=\"343\"><source media=\"(min-width: 768px) and (max-width: 1023px)\" srcset=\"https:\/\/a57.foxnews.com\/static.foxnews.com\/foxnews.com\/content\/uploads\/2025\/07\/672\/378\/iran-talks-in-istanbul.jpg?ve=1&amp;tl=1, https:\/\/a57.foxnews.com\/static.foxnews.com\/foxnews.com\/content\/uploads\/2025\/07\/1344\/756\/iran-talks-in-istanbul.jpg?ve=1&amp;tl=1 2x\" height=\"378\" width=\"672\"><source media=\"(min-width: 1024px) and (max-width: 1279px)\" srcset=\"https:\/\/a57.foxnews.com\/static.foxnews.com\/foxnews.com\/content\/uploads\/2025\/07\/931\/523\/iran-talks-in-istanbul.jpg?ve=1&amp;tl=1, https:\/\/a57.foxnews.com\/static.foxnews.com\/foxnews.com\/content\/uploads\/2025\/07\/1862\/1046\/iran-talks-in-istanbul.jpg?ve=1&amp;tl=1 2x\" height=\"523\" width=\"931\"><source media=\"(min-width: 1280px)\" srcset=\"https:\/\/a57.foxnews.com\/static.foxnews.com\/foxnews.com\/content\/uploads\/2025\/07\/720\/405\/iran-talks-in-istanbul.jpg?ve=1&amp;tl=1, https:\/\/a57.foxnews.com\/static.foxnews.com\/foxnews.com\/content\/uploads\/2025\/07\/1440\/810\/iran-talks-in-istanbul.jpg?ve=1&amp;tl=1 2x\" height=\"405\" width=\"720\"><img loading=\"lazy\" decoding=\"async\" src=\"https:\/\/a57.foxnews.com\/static.foxnews.com\/foxnews.com\/content\/uploads\/2025\/07\/1200\/675\/iran-talks-in-istanbul.jpg?ve=1&amp;tl=1\" alt=\"El autom\u00f3vil que se dirige al consulado iran\u00ed en Estambul\" width=\"1200\" height=\"675\"\/><\/source><\/source><\/source><\/source><\/picture><\/div>\n<div class=\"info\">\n<div class=\"caption\">\n<p><span>Los autom\u00f3viles, que se cree que transportan diplom\u00e1ticos europeos, ingresan al consulado iran\u00ed antes de una reuni\u00f3n con hom\u00f3logos iran\u00edes para conversaciones sobre el programa nuclear de Teher\u00e1n, en Estambul, Turqu\u00eda, viernes 25 de julio de 2025. <\/span> <span>(AP Photo\/Francisco Seco)<\/span><\/p>\n<\/div>\n<\/div>\n<\/div>\n<p>Los l\u00edderes europeos tambi\u00e9n han dicho que las sanciones comenzar\u00e1n a ser reinstaladas a fines de agosto si no hay progreso en el programa nuclear de Ir\u00e1n. <\/p>\n<p>\u00abUn posible retraso en el desencadenamiento de Snapback ha sido flotado a los iran\u00edes con la condici\u00f3n de que haya un compromiso diplom\u00e1tico cre\u00edble por Ir\u00e1n, de que reanudan la cooperaci\u00f3n plena con el OIEA (Agencia Internacional de Energ\u00eda At\u00f3mica), y que abordan las preocupaciones sobre su altamente enriquecido Stockpile de uranio\u00bb, dijo un diplom\u00e1tico europeo a la condici\u00f3n de y el anonimato antes de las conversaciones el viernes. <\/p>\n<p>El diplom\u00e1tico agreg\u00f3 que el mecanismo de Snapback \u00abpermanece sobre la mesa\u00bb. <\/p>\n<div class=\"image-ct inline\">\n<div class=\"m\"><picture><source media=\"(max-width: 767px)\" srcset=\"https:\/\/static.foxnews.com\/foxnews.com\/content\/uploads\/2025\/06\/iran-ayatollah-demonstration-2.gif, https:\/\/static.foxnews.com\/foxnews.com\/content\/uploads\/2025\/06\/iran-ayatollah-demonstration-2.gif 2x\" height=\"192\" width=\"343\"><source media=\"(min-width: 768px) and (max-width: 1023px)\" srcset=\"https:\/\/static.foxnews.com\/foxnews.com\/content\/uploads\/2025\/06\/iran-ayatollah-demonstration-2.gif, https:\/\/static.foxnews.com\/foxnews.com\/content\/uploads\/2025\/06\/iran-ayatollah-demonstration-2.gif 2x\" height=\"378\" width=\"672\"><source media=\"(min-width: 1024px) and (max-width: 1279px)\" srcset=\"https:\/\/static.foxnews.com\/foxnews.com\/content\/uploads\/2025\/06\/iran-ayatollah-demonstration-2.gif, https:\/\/static.foxnews.com\/foxnews.com\/content\/uploads\/2025\/06\/iran-ayatollah-demonstration-2.gif 2x\" height=\"523\" width=\"931\"><source media=\"(min-width: 1280px)\" srcset=\"https:\/\/static.foxnews.com\/foxnews.com\/content\/uploads\/2025\/06\/iran-ayatollah-demonstration-2.gif, https:\/\/static.foxnews.com\/foxnews.com\/content\/uploads\/2025\/06\/iran-ayatollah-demonstration-2.gif 2x\" height=\"405\" width=\"720\"><img loading=\"lazy\" decoding=\"async\" src=\"https:\/\/static.foxnews.com\/foxnews.com\/content\/uploads\/2025\/06\/iran-ayatollah-demonstration-2.gif\" alt=\"Los manifestantes de Ir\u00e1n con un p\u00f3ster de l\u00edder supremo Ayatol\u00e1 Ali Khamenei\" width=\"2025\" height=\"06\"\/><\/source><\/source><\/source><\/source><\/picture><\/div>\n<div class=\"info\">\n<div class=\"caption\">\n<p><span>Los adoradores iran\u00edes gritan esl\u00f3ganes anti-Estados Unidos y antiisrael\u00edes como uno de ellos tiene un retrato del l\u00edder supremo de Ir\u00e1n, Ayatollah Ali Khamenei, durante una manifestaci\u00f3n antiisrael\u00ed para condenar los ataques israel\u00edes contra Ir\u00e1n, despu\u00e9s de las oraciones del viernes de Teher\u00e1n en Tehran, Ir\u00e1n, el 20 de junio de 2025. <\/span> <span>(Foto de Morteza Nikoubazl\/Nurphoto a trav\u00e9s de Getty Images)<\/span><\/p>\n<\/div>\n<\/div>\n<\/div>\n<p><strong><u>Ir\u00e1n promete represalias si el Consejo de Seguridad de la ONU emite sanciones Snapback al aniversario del acuerdo nuclear<\/u><\/strong><\/p>\n<p>Ir\u00e1n dijo que Estados Unidos necesita unirse al acuerdo nuclear de 2015, despu\u00e9s de que el presidente Trump sac\u00f3 a Estados Unidos en 2018, diciendo que Ir\u00e1n no tiene \u00ababsolutamente ninguna confianza en los Estados Unidos\u00bb.<\/p>\n<p>Estados Unidos bombarde\u00f3 los sitios nucleares de Ir\u00e1n el 22 de junio, poco m\u00e1s de una semana despu\u00e9s de que Israel hubiera bombardeado al pa\u00eds sobre las preocupaciones de seguridad nacional sobre su programa nuclear. <\/p>\n<div class=\"image-ct inline\">\n<div class=\"m\"><picture><source media=\"(max-width: 767px)\" srcset=\"https:\/\/a57.foxnews.com\/static.foxnews.com\/foxnews.com\/content\/uploads\/2024\/08\/343\/192\/GettyImages-152450432.jpg?ve=1&amp;tl=1, https:\/\/a57.foxnews.com\/static.foxnews.com\/foxnews.com\/content\/uploads\/2024\/08\/686\/384\/GettyImages-152450432.jpg?ve=1&amp;tl=1 2x\" height=\"192\" width=\"343\"><source media=\"(min-width: 768px) and (max-width: 1023px)\" srcset=\"https:\/\/a57.foxnews.com\/static.foxnews.com\/foxnews.com\/content\/uploads\/2024\/08\/672\/378\/GettyImages-152450432.jpg?ve=1&amp;tl=1, https:\/\/a57.foxnews.com\/static.foxnews.com\/foxnews.com\/content\/uploads\/2024\/08\/1344\/756\/GettyImages-152450432.jpg?ve=1&amp;tl=1 2x\" height=\"378\" width=\"672\"><source media=\"(min-width: 1024px) and (max-width: 1279px)\" srcset=\"https:\/\/a57.foxnews.com\/static.foxnews.com\/foxnews.com\/content\/uploads\/2024\/08\/931\/523\/GettyImages-152450432.jpg?ve=1&amp;tl=1, https:\/\/a57.foxnews.com\/static.foxnews.com\/foxnews.com\/content\/uploads\/2024\/08\/1862\/1046\/GettyImages-152450432.jpg?ve=1&amp;tl=1 2x\" height=\"523\" width=\"931\"><source media=\"(min-width: 1280px)\" srcset=\"https:\/\/a57.foxnews.com\/static.foxnews.com\/foxnews.com\/content\/uploads\/2024\/08\/720\/405\/GettyImages-152450432.jpg?ve=1&amp;tl=1, https:\/\/a57.foxnews.com\/static.foxnews.com\/foxnews.com\/content\/uploads\/2024\/08\/1440\/810\/GettyImages-152450432.jpg?ve=1&amp;tl=1 2x\" height=\"405\" width=\"720\"><img loading=\"lazy\" decoding=\"async\" src=\"https:\/\/a57.foxnews.com\/static.foxnews.com\/foxnews.com\/content\/uploads\/2024\/08\/1200\/675\/GettyImages-152450432.jpg?ve=1&amp;tl=1\" alt=\"Desfile militar de Ir\u00e1n\" width=\"1200\" height=\"675\"\/><\/source><\/source><\/source><\/source><\/picture><\/div>\n<div class=\"info\">\n<div class=\"caption\">\n<p><span>Un cami\u00f3n militar lleva un misil m\u00e1s all\u00e1 de un retrato del l\u00edder supremo de Ir\u00e1n, Ayatollah Ali Khamenei, durante un desfile militar anual.  <\/span> <span>(Atta Kenare \/ AFP \/ GettyImages))<\/span><\/p>\n<\/div>\n<\/div>\n<\/div>\n<p>Ir\u00e1n respondi\u00f3 atacando a Israel y una base del ej\u00e9rcito estadounidense en Qatar. <\/p>\n<p>Isreal e Ir\u00e1n acordaron un alto el fuego el 24 de junio. <\/p>\n<p><strong>Haga clic aqu\u00ed para obtener la aplicaci\u00f3n Fox News<\/strong><\/p>\n<p>El OIEA emiti\u00f3 un informe preocupante en mayo que dec\u00eda que la reserva de uranio enriquecido de Ir\u00e1n de grado casi por armas hab\u00eda crecido en casi un 50% en tres meses. <\/p>\n<p> <!----> <\/div>\n\n","protected":false},"excerpt":{"rendered":"<p>NUEVO\u00a1Ahora puedes escuchar art\u00edculos de Fox News! Los diplom\u00e1ticos europeos se reunieron con iran\u00edes el viernes cara a cara por primera vez desde que Israel y Estados Unidos bombardearon el pa\u00eds el mes pasado. La reuni\u00f3n \u00abseria, franca y detallada\u00bb en Estambul, Turqu\u00eda, dur\u00f3 alrededor de cuatro horas y todos los funcionarios acordaron reunirse nuevamente &hellip;<\/p>\n","protected":false},"author":1,"featured_media":37539,"comment_status":"open","ping_status":"open","sticky":false,"template":"","format":"standard","meta":{"fifu_image_url":"https:\/\/static.foxnews.com\/foxnews.com\/content\/uploads\/2025\/07\/iran-talks-in-istanbul.jpg","fifu_image_alt":"","footnotes":""},"categories":[13],"tags":[],"class_list":["post-37537","post","type-post","status-publish","format-standard","has-post-thumbnail","","category-mundo"],"_links":{"self":[{"href":"https:\/\/noticiasveraces.com\/index.php?rest_route=\/wp\/v2\/posts\/37537","targetHints":{"allow":["GET"]}}],"collection":[{"href":"https:\/\/noticiasveraces.com\/index.php?rest_route=\/wp\/v2\/posts"}],"about":[{"href":"https:\/\/noticiasveraces.com\/index.php?rest_route=\/wp\/v2\/types\/post"}],"author":[{"embeddable":true,"href":"https:\/\/noticiasveraces.com\/index.php?rest_route=\/wp\/v2\/users\/1"}],"replies":[{"embeddable":true,"href":"https:\/\/noticiasveraces.com\/index.php?rest_route=%2Fwp%2Fv2%2Fcomments&post=37537"}],"version-history":[{"count":0,"href":"https:\/\/noticiasveraces.com\/index.php?rest_route=\/wp\/v2\/posts\/37537\/revisions"}],"wp:featuredmedia":[{"embeddable":true,"href":"https:\/\/noticiasveraces.com\/index.php?rest_route=\/wp\/v2\/media\/37539"}],"wp:attachment":[{"href":"https:\/\/noticiasveraces.com\/index.php?rest_route=%2Fwp%2Fv2%2Fmedia&parent=37537"}],"wp:term":[{"taxonomy":"category","embeddable":true,"href":"https:\/\/noticiasveraces.com\/index.php?rest_route=%2Fwp%2Fv2%2Fcategories&post=37537"},{"taxonomy":"post_tag","embeddable":true,"href":"https:\/\/noticiasveraces.com\/index.php?rest_route=%2Fwp%2Fv2%2Ftags&post=37537"}],"curies":[{"name":"wp","href":"https:\/\/api.w.org\/{rel}","templated":true}]}}