{"id":37517,"date":"2025-07-25T17:22:02","date_gmt":"2025-07-25T21:22:02","guid":{"rendered":"https:\/\/noticiasveraces.com\/?p=37517"},"modified":"2025-07-25T17:22:02","modified_gmt":"2025-07-25T21:22:02","slug":"un-dia-hizo-una-jugada-estrella-en-atletico-nacional-y-hoy-es-el-jugador-menos-valioso-curiosidades-de-futbol","status":"publish","type":"post","link":"https:\/\/noticiasveraces.com\/?p=37517","title":{"rendered":"Un d\u00eda hizo una jugada estrella en Atl\u00e9tico Nacional y hoy es el jugador menos valioso | Curiosidades de f\u00fatbol"},"content":{"rendered":"<p> \n<\/p>\n<div id=\"cuerpoArticulo\">\n<p class=\"texto intro\" id=\"pnull-m194-193-195\">Lejos del mejor nivel que supo tener en su carrera, hoy en d\u00eda <b>Yair Mena es el jugador menos valioso de Atl\u00e9tico Nacional<\/b>. El extremo de 25 a\u00f1os supo ser una estrella en el \u2018Verdolaga\u2019 cuando participaba de competiciones Sub-20 (cuando ten\u00eda menos de 20 a\u00f1os). De hecho, <b>hizo una jugada estrella que conquist\u00f3 a los fan\u00e1ticos <\/b>del conjunto de Medell\u00edn, pero qued\u00f3 en el pasado.<\/p>\n<p class=\"texto contenido-parrafo-articulo\" id=\"pnull-m206-2-207\">Hoy en d\u00eda<b> Yair Mena vale solo 100 mil euros<\/b> (lejos de los m\u00e1s caros de Nacional), seg\u00fan la informaci\u00f3n brindada por el sitio <i>Mercado de transferencia<\/i>. El mismo medio es el que asegura que <b>ya retorn\u00f3 del Avs Futebol de Portugal, equipo donde jug\u00f3 apenas 17 partidos en 2 temporadas <\/b>y en todos ellos fue suplente. Adem\u00e1s, anot\u00f3 \u00fanicamente un gol en todos esos encuentros.<\/p>\n<div class=\"fotografia caja-articulo\" id=\"pnull-m294-3-295\">\n<div class=\"imagen-cuerpo-bk\">\n<figure itemscope=\"\" itemtype=\"https:\/\/schema.org\/ImageObject\" itemprop=\"image\" class=\"foto-galeria-articulo imagen-articulo foto-texto-articulo-galeria\" id=\"m299-298-300\"><img decoding=\"async\" src=\"data:image\/png;base64,iVBORw0KGgoAAAANSUhEUgAAAAEAAAABCAQAAAC1HAwCAAAAC0lEQVR42mP8\/x0AAvsB+DlKarAAAAAASUVORK5CYII=\" style=\" display: inline;\" alt=\"Yair Mena\" data-original=\"\/files\/article_content\/uploads\/2025\/07\/25\/6883de4be896d.png\"\/><meta itemprop=\"width\" content=\"600\"\/><meta itemprop=\"height\" content=\"450\"\/> <meta itemprop=\"url\" content=\"https:\/\/www.futbolred.com\/files\/article_content\/uploads\/2025\/07\/25\/6883de4be896d.png\"\/><\/figure>\n<\/div>\n<div class=\"figcaption-cuerpo-bk credito-image-bk\"><figcaption class=\"foto-info\">\n<div class=\"titulo-foto-bk\">\n<p class=\"titulo pie-de-foto\" id=\"m306-1-307\">Yair Mena estuvo a pr\u00e9stamo en Portugal.<\/p>\n<\/div>\n<p class=\"credito\">\n                            <span class=\"linea pre_credito\">Foto:<\/span><\/p>\n<p>                        <span class=\"autor\" id=\"m312-2-313\">Instagram Yair Mena.<\/span><\/p>\n<\/figcaption><\/div>\n<\/p><\/div>\n<p>                                                    <span class=\"articulo-subtitulo subtitulo2 espacio-contenido\" id=\"pnull-m254-3-255\">\u00bfCu\u00e1l fue la jugada con la que Yair Mena \u2018salt\u00f3 a la fama\u2019?<br \/><\/span><\/p>\n<p class=\"texto contenido-parrafo-articulo\" id=\"pnull-m262-4-263\"><b>A muchos espectadores fan\u00e1ticos de Atl\u00e9tico Nacional les llam\u00f3 la atenci\u00f3n c\u00f3mo apareci\u00f3 Yair Mena en la S\u00faper Copa Juvenil Sub 20<\/b>cuando en abril del 2018 <b>le marc\u00f3 un doblete a Alianza Platanera<\/b> en el 2-0 en la Sede Deportiva de Guarne. En ese momento parec\u00eda que el extremo iba a seguir creciendo su nivel y hasta se fue a Europa, pero jug\u00f3 poco en un equipo desconocido.<\/p>\n<p>                                                            <span class=\"articulo-subtitulo subtitulo2 espacio-contenido\" id=\"pnull-m270-5-271\">La carrera de Yair Mena, jugador menos valioso de Atl\u00e9tico Nacional<br \/><\/span><\/p>\n<p class=\"texto contenido-parrafo-articulo\" id=\"pnull-m278-6-279\">A pesar de haber permanecido m\u00e1s a\u00f1os en Atl\u00e9tico Nacional,<b> el equipo en el que m\u00e1s partidos consecutivos jug\u00f3 fue el Real Cundinamarca<\/b>donde estuvo a pr\u00e9stamo y jug\u00f3 un total de 32 encuentros, seg\u00fan <i>Bisuter<\/i>. Adem\u00e1s, tambi\u00e9n jug\u00f3 en Llaneros en condici\u00f3n de cedido, equipo en el que disput\u00f3 un total de 18 encuentros en una temporada.<\/p>\n<p class=\"texto contenido-parrafo-articulo\" id=\"pnull-m286-7-287\">En el AVS Futebol de Portugal, el nacido en Medell\u00edn jug\u00f3 7 partidos en la primera temporada y 10 en la \u00faltima, hasta que su pr\u00e9stamo venci\u00f3 y, <b>t\u00e9cnicamente, es nuevamente parte del plantel de Atl\u00e9tico Nacional<\/b>. Su precio no super\u00f3 los 100 mil euros en ning\u00fan momento de su carrera, ni siquiera cuando hizo la mencionada jugada (doblete) que recorri\u00f3 el pa\u00eds.<\/p>\n<\/p><\/div>\n\n","protected":false},"excerpt":{"rendered":"<p>Lejos del mejor nivel que supo tener en su carrera, hoy en d\u00eda Yair Mena es el jugador menos valioso de Atl\u00e9tico Nacional. El extremo de 25 a\u00f1os supo ser una estrella en el \u2018Verdolaga\u2019 cuando participaba de competiciones Sub-20 (cuando ten\u00eda menos de 20 a\u00f1os). De hecho, hizo una jugada estrella que conquist\u00f3 a &hellip;<\/p>\n","protected":false},"author":1,"featured_media":37518,"comment_status":"open","ping_status":"open","sticky":false,"template":"","format":"standard","meta":{"fifu_image_url":"https:\/\/www.futbolred.com\/files\/og_thumbnail\/uploads\/2025\/07\/25\/6883dc24a5d77.jpeg","fifu_image_alt":"","footnotes":""},"categories":[6],"tags":[],"class_list":["post-37517","post","type-post","status-publish","format-standard","has-post-thumbnail","","category-deportes"],"_links":{"self":[{"href":"https:\/\/noticiasveraces.com\/index.php?rest_route=\/wp\/v2\/posts\/37517","targetHints":{"allow":["GET"]}}],"collection":[{"href":"https:\/\/noticiasveraces.com\/index.php?rest_route=\/wp\/v2\/posts"}],"about":[{"href":"https:\/\/noticiasveraces.com\/index.php?rest_route=\/wp\/v2\/types\/post"}],"author":[{"embeddable":true,"href":"https:\/\/noticiasveraces.com\/index.php?rest_route=\/wp\/v2\/users\/1"}],"replies":[{"embeddable":true,"href":"https:\/\/noticiasveraces.com\/index.php?rest_route=%2Fwp%2Fv2%2Fcomments&post=37517"}],"version-history":[{"count":0,"href":"https:\/\/noticiasveraces.com\/index.php?rest_route=\/wp\/v2\/posts\/37517\/revisions"}],"wp:featuredmedia":[{"embeddable":true,"href":"https:\/\/noticiasveraces.com\/index.php?rest_route=\/wp\/v2\/media\/37518"}],"wp:attachment":[{"href":"https:\/\/noticiasveraces.com\/index.php?rest_route=%2Fwp%2Fv2%2Fmedia&parent=37517"}],"wp:term":[{"taxonomy":"category","embeddable":true,"href":"https:\/\/noticiasveraces.com\/index.php?rest_route=%2Fwp%2Fv2%2Fcategories&post=37517"},{"taxonomy":"post_tag","embeddable":true,"href":"https:\/\/noticiasveraces.com\/index.php?rest_route=%2Fwp%2Fv2%2Ftags&post=37517"}],"curies":[{"name":"wp","href":"https:\/\/api.w.org\/{rel}","templated":true}]}}