{"id":37504,"date":"2025-07-25T17:05:14","date_gmt":"2025-07-25T21:05:14","guid":{"rendered":"https:\/\/noticiasveraces.com\/?p=37504"},"modified":"2025-07-25T17:05:14","modified_gmt":"2025-07-25T21:05:14","slug":"decreto-antiapagones-una-perdida-de-oportunidad-vergonzosa-hacia-un-sistema-energetico-100-renovable-clima-y-medio-ambiente","status":"publish","type":"post","link":"https:\/\/noticiasveraces.com\/?p=37504","title":{"rendered":"Decreto antiapagones: una p\u00e9rdida de oportunidad vergonzosa hacia un sistema energ\u00e9tico 100% renovable | Clima y Medio Ambiente"},"content":{"rendered":"<p> \n<br \/><img decoding=\"async\" src=\"https:\/\/imagenes.elpais.com\/resizer\/v2\/CUZBZOBCOQVI3ZSGXSW7AMGSPQ.jpg?auth=7fece85fc935388f469bee0ff4683168ef69e859c0773542e3cf7bb9697b9ca9\" \/><\/p>\n<div data-dtm-region=\"articulo_cuerpo\">\n<p class=\"\">Reconozc\u00e1moslo: el rechazo esta semana en el Congreso del <i>antiapagones<\/i> no es s\u00f3lo un obst\u00e1culo m\u00e1s en la transici\u00f3n energ\u00e9tica, es una p\u00e9rdida de oportunidad vergonzosa, desalentadora y un s\u00edntoma de la lejan\u00eda actual de la clase pol\u00edtica frente a las necesidades y preocupaciones reales de la ciudadan\u00eda, que asiste perpleja a un debate energ\u00e9tico donde no parece haber soluciones ni esperanza posibles.<\/p>\n<p class=\"\">Pero ni esta falta de soluciones es cierta ni tampoco sirve de nada quedarnos de brazos cruzados esperando a que haya mejor suerte a la vuelta del verano. Por m\u00e1s carencias que tuviera el decreto, por mucho que siguiera dejando demasiado poder en manos del oligopolio energ\u00e9tico, la propuesta tumbada el mi\u00e9rcoles era un escal\u00f3n necesario en el camino hacia un sistema energ\u00e9tico 100% renovable.<\/p>\n<p class=\"\">Nadie niega que estemos ante un laberinto de decisiones dif\u00edciles con muchos grupos de inter\u00e9s enfrentados, al menos aparentemente. Decisiones que, seg\u00fan la correlaci\u00f3n de fuerzas o las circunstancias, favorecen a unos sectores m\u00e1s que a otros. Pero necesitamos avanzar, adoptar decisiones contundentes y no perder de vista el objetivo com\u00fan: descarbonizar nuestro sistema de la forma m\u00e1s eficiente y justa posible porque la crisis clim\u00e1tica no espera y nos va la vida en actuar para evitar los peores escenarios.<\/p>\n<p class=\"\">Resulta inadmisible que los leg\u00edtimos intereses pol\u00edticos de unos y otros grupos impidan ver la necesidad de abordar profundas reformas del sistema energ\u00e9tico, del que dependen servicios b\u00e1sicos para la ciudadan\u00eda, as\u00ed como dise\u00f1ar la estrategia para hacer frente al mayor reto existencial de nuestra era: el cambio clim\u00e1tico. Es evidente que ni este ni cualquier otro decreto va a contener todas las piezas que esa profunda reforma necesitar\u00eda, pero ya que se ha abierto el debate sobre el alcance de los cambios que hacen falta, entremos en \u00e9l, seamos valientes.<\/p>\n<p class=\"\">Descargada la rabia y la decepci\u00f3n con lo sucedido el mi\u00e9rcoles, pongamos el foco en las soluciones. Porque existen y desde Greenpeace no dejamos de insistir en que el RDL daba pasos importantes para acercarnos a un sistema 100% renovable, descentralizado, justo y eficiente. Aqu\u00ed damos algunas propuestas para recuperarlo, e incluso mejorarlo.<\/p>\n<p class=\"\">Pensamos que el primer paso para hacer posible un sistema basado en las renovables es la democratizaci\u00f3n de la energ\u00eda. La norma que no se ha aprobado conten\u00eda medidas largamente esperadas de aceleraci\u00f3n del impulso del autoconsumo y las comunidades energ\u00e9ticas. Sin embargo, a\u00fan somos herederos de un sistema energ\u00e9tico del siglo XX donde un pu\u00f1ado de empresas lo pose\u00edan todo, desde las centrales t\u00e9rmicas a las redes de distribuci\u00f3n, y con ello un gran poder. <\/p>\n<p class=\"\">El RDL carec\u00eda de medidas concretas para democratizar este poder poniendo coto al oligopolio, separando completamente a las empresas y grupos que realicen actividades energ\u00e9ticas reguladas y liberalizadas, ni tampoco se centraba en regular el abuso del uso especulativo de las centrales hidroel\u00e9ctricas que tienen concesionadas estas empresas.<\/p>\n<p class=\"\">Otra asignatura pendiente de nuestro sistema el\u00e9ctrico es el almacenamiento. Este decreto, en pos de un sistema m\u00e1s robusto y flexible, daba un impulso al despliegue de bater\u00edas de almacenamiento y a su hibridaci\u00f3n con plantas fotovoltaicas. En este sentido, nos preocupa que, en paralelo, el Gobierno, con el mismo objetivo, est\u00e9 dise\u00f1ando un mercado de capacidad donde pretende permitir que participen las plantas el\u00e9ctricas a gas sin l\u00edmite de a\u00f1os, en lugar de beneficiar exclusivamente al almacenamiento (sean bater\u00edas o bombeos reversibles) y a las renovables flexibles (como la termosolar con almacenamiento t\u00e9rmico o las plantas renovables h\u00edbridas con bater\u00edas).<\/p>\n<p class=\"\">Por \u00faltimo, las otras dos claves que faltaban en el RDL para conseguir un sistema justo que nos d\u00e9 la energ\u00eda que necesitamos son las componentes de inteligencia y eficiencia: es urgente minimizar los impactos sobre la biodiversidad y el territorio, pues recordemos que cada unidad de energ\u00eda malgastada supone da\u00f1os sobre los ecosistemas que se podr\u00edan haber evitado, tanto en ocupaci\u00f3n de territorio como en miner\u00eda, en residuos radiactivos y, sobre todo, en emisiones causantes del cambio clim\u00e1tico.<\/p>\n<h3 class=\"\">Propuestas de mejora<\/h3>\n<p class=\"\">Es fundamental emplear la energ\u00eda como el bien escaso que es. Algunas propuestas que mejorar\u00edan el RDL en esta l\u00ednea pasan por estandarizar la carga bidireccional para veh\u00edculos el\u00e9ctricos que minimicen la necesidad de bater\u00edas fijas, regularizar la agregaci\u00f3n de demanda (que permita poder cobrar por dejar de consumir en picos de demanda) o acelerar las interconexiones internacionales que optimicen la instalaci\u00f3n renovable a nivel europeo (un ejemplo ser\u00eda compartir nuestro excedente de energ\u00eda solar en verano y beneficiarnos del ventoso invierno en el mar del Norte).<\/p>\n<p class=\"\">Debemos exigir a nuestros representantes pol\u00edticos que velen por el inter\u00e9s general de la sociedad y que no sucumban a la presi\u00f3n que tratan de ejercer las grandes corporaciones energ\u00e9ticas. La ciencia nos dice alto y claro que estamos ante el abismo clim\u00e1tico, se nos acaba el presupuesto de carbono sin que nadie haya siquiera establecido las reglas sobre c\u00f3mo se ha de cuantificar, usar o repartir, y las consecuencias de haber antepuesto intereses econ\u00f3micos particulares a la lucha contra el cambio clim\u00e1tico ya las estamos sufriendo. <\/p>\n<p class=\"\">Danas como la de Valencia van a ser la norma si no asumimos que frenar el cambio clim\u00e1tico tiene que ser condici\u00f3n necesaria para el resto de pol\u00edticas. Necesitamos un consenso pol\u00edtico amplio que permita aprobar normativa valiente que transforme nuestro sistema energ\u00e9tico, mayoritariamente f\u00f3sil y en manos de unos pocos, en uno limpio, renovable, transparente, descentralizado, interconectado, eficiente e inteligente.<\/p>\n<p class=\"\">Debatamos sobre lo importante y sigamos subiendo escalones hacia un acceso a servicios energ\u00e9ticos renovables, seguros y suficientes que nos permitan una vida digna. Y mientras, no paralicemos las reformas necesarias que, pese a sus luces y sombras, nos permiten estar cada d\u00eda m\u00e1s cerca de la transici\u00f3n energ\u00e9tica que nos pertenece por derecho.<\/p>\n<aside class=\"a_np\">\n<p><em><strong>Francisco del Pozo Campos<\/strong> es el responsable de la Campa\u00f1a de Combustibles F\u00f3siles de Greenpeace.<\/em><\/p>\n<\/aside>\n<\/div>\n\n","protected":false},"excerpt":{"rendered":"<p>Reconozc\u00e1moslo: el rechazo esta semana en el Congreso del antiapagones no es s\u00f3lo un obst\u00e1culo m\u00e1s en la transici\u00f3n energ\u00e9tica, es una p\u00e9rdida de oportunidad vergonzosa, desalentadora y un s\u00edntoma de la lejan\u00eda actual de la clase pol\u00edtica frente a las necesidades y preocupaciones reales de la ciudadan\u00eda, que asiste perpleja a un debate energ\u00e9tico &hellip;<\/p>\n","protected":false},"author":1,"featured_media":37506,"comment_status":"open","ping_status":"open","sticky":false,"template":"","format":"standard","meta":{"fifu_image_url":"https:\/\/imagenes.elpais.com\/resizer\/v2\/CUZBZOBCOQVI3ZSGXSW7AMGSPQ.jpg?auth=7fece85fc935388f469bee0ff4683168ef69e859c0773542e3cf7bb9697b9ca9&width=1200","fifu_image_alt":"","footnotes":""},"categories":[11],"tags":[],"class_list":["post-37504","post","type-post","status-publish","format-standard","has-post-thumbnail","","category-viaje"],"_links":{"self":[{"href":"https:\/\/noticiasveraces.com\/index.php?rest_route=\/wp\/v2\/posts\/37504","targetHints":{"allow":["GET"]}}],"collection":[{"href":"https:\/\/noticiasveraces.com\/index.php?rest_route=\/wp\/v2\/posts"}],"about":[{"href":"https:\/\/noticiasveraces.com\/index.php?rest_route=\/wp\/v2\/types\/post"}],"author":[{"embeddable":true,"href":"https:\/\/noticiasveraces.com\/index.php?rest_route=\/wp\/v2\/users\/1"}],"replies":[{"embeddable":true,"href":"https:\/\/noticiasveraces.com\/index.php?rest_route=%2Fwp%2Fv2%2Fcomments&post=37504"}],"version-history":[{"count":0,"href":"https:\/\/noticiasveraces.com\/index.php?rest_route=\/wp\/v2\/posts\/37504\/revisions"}],"wp:featuredmedia":[{"embeddable":true,"href":"https:\/\/noticiasveraces.com\/index.php?rest_route=\/wp\/v2\/media\/37506"}],"wp:attachment":[{"href":"https:\/\/noticiasveraces.com\/index.php?rest_route=%2Fwp%2Fv2%2Fmedia&parent=37504"}],"wp:term":[{"taxonomy":"category","embeddable":true,"href":"https:\/\/noticiasveraces.com\/index.php?rest_route=%2Fwp%2Fv2%2Fcategories&post=37504"},{"taxonomy":"post_tag","embeddable":true,"href":"https:\/\/noticiasveraces.com\/index.php?rest_route=%2Fwp%2Fv2%2Ftags&post=37504"}],"curies":[{"name":"wp","href":"https:\/\/api.w.org\/{rel}","templated":true}]}}