{"id":37498,"date":"2025-07-25T16:41:54","date_gmt":"2025-07-25T20:41:54","guid":{"rendered":"https:\/\/noticiasveraces.com\/?p=37498"},"modified":"2025-07-25T16:41:54","modified_gmt":"2025-07-25T20:41:54","slug":"ee-uu-las-fuerzas-israelies-matan-a-los-lideres-terroristas-de-isis-y-hezbola-en-operaciones-separadas","status":"publish","type":"post","link":"https:\/\/noticiasveraces.com\/?p=37498","title":{"rendered":"EE. UU., Las fuerzas israel\u00edes matan a los l\u00edderes terroristas de Isis y Hezbol\u00e1 en operaciones separadas"},"content":{"rendered":"<p> \n<\/p>\n<div>\n<div id=\"beyondwords-wrapper\" class=\"beyondwords-wrapper\">\n<p><span class=\"label-bg\">NUEVO<\/span>\u00a1Ahora puedes escuchar art\u00edculos de Fox News!\n  <\/p>\n<\/div>\n<p class=\"speakable\">Estados Unidos e Israel anunciaron el viernes que sus respectivas fuerzas hab\u00edan matado a los l\u00edderes terroristas de ISIS y Hezbol\u00e1 en operaciones de antiterrorismo separadas.<\/p>\n<p class=\"speakable\">Las tropas de Centcom llevaron a cabo una redada en la gobernaci\u00f3n de Al-Bab, Alepo, Siria, y mataron al l\u00edder de ISIS Dhiya &#8216;Zawba Muslih al-Hardani y sus dos hijos adultos, que tambi\u00e9n tienen v\u00ednculos con la organizaci\u00f3n terrorista, seg\u00fan un comunicado de Centcom. <\/p>\n<p>Agreg\u00f3 que tres mujeres y tres ni\u00f1os que \u00abtambi\u00e9n estaban en el objetivo\u00bb estaban ilesos en la redada.<\/p>\n<p>\u00abEstos individuos de ISIS representaban una amenaza para las fuerzas estadounidenses y de coalici\u00f3n, as\u00ed como para el nuevo gobierno sirio\u00bb, dijo Centcom en un comunicado.<\/p>\n<div class=\"image-ct inline\">\n<div class=\"m\"><picture><source media=\"(max-width: 767px)\" srcset=\"https:\/\/a57.foxnews.com\/static.foxnews.com\/foxnews.com\/content\/uploads\/2022\/07\/343\/192\/Syria-ISIS-flag.png?ve=1&amp;tl=1, https:\/\/a57.foxnews.com\/static.foxnews.com\/foxnews.com\/content\/uploads\/2022\/07\/686\/384\/Syria-ISIS-flag.png?ve=1&amp;tl=1 2x\" height=\"192\" width=\"343\"><source media=\"(min-width: 768px) and (max-width: 1023px)\" srcset=\"https:\/\/a57.foxnews.com\/static.foxnews.com\/foxnews.com\/content\/uploads\/2022\/07\/672\/378\/Syria-ISIS-flag.png?ve=1&amp;tl=1, https:\/\/a57.foxnews.com\/static.foxnews.com\/foxnews.com\/content\/uploads\/2022\/07\/1344\/756\/Syria-ISIS-flag.png?ve=1&amp;tl=1 2x\" height=\"378\" width=\"672\"><source media=\"(min-width: 1024px) and (max-width: 1279px)\" srcset=\"https:\/\/a57.foxnews.com\/static.foxnews.com\/foxnews.com\/content\/uploads\/2022\/07\/931\/523\/Syria-ISIS-flag.png?ve=1&amp;tl=1, https:\/\/a57.foxnews.com\/static.foxnews.com\/foxnews.com\/content\/uploads\/2022\/07\/1862\/1046\/Syria-ISIS-flag.png?ve=1&amp;tl=1 2x\" height=\"523\" width=\"931\"><source media=\"(min-width: 1280px)\" srcset=\"https:\/\/a57.foxnews.com\/static.foxnews.com\/foxnews.com\/content\/uploads\/2022\/07\/720\/405\/Syria-ISIS-flag.png?ve=1&amp;tl=1, https:\/\/a57.foxnews.com\/static.foxnews.com\/foxnews.com\/content\/uploads\/2022\/07\/1440\/810\/Syria-ISIS-flag.png?ve=1&amp;tl=1 2x\" height=\"405\" width=\"720\"><img loading=\"lazy\" decoding=\"async\" src=\"https:\/\/a57.foxnews.com\/static.foxnews.com\/foxnews.com\/content\/uploads\/2022\/07\/1200\/675\/Syria-ISIS-flag.png?ve=1&amp;tl=1\" alt=\"El militante del Estado Isl\u00e1mico tiene la bandera ISIS en un entorno des\u00e9rtico\" width=\"1200\" height=\"675\"\/><\/source><\/source><\/source><\/source><\/picture><\/div>\n<div class=\"info\">\n<div class=\"caption\">\n<p><span>Un terrorista enmascarado del Estado Isl\u00e1mico posa que sostiene la bandera de ISIS en 2015. <\/span> <span>(History\/Universal Images Group a trav\u00e9s de Getty Images)<\/span><\/p>\n<\/div>\n<\/div>\n<\/div>\n<p><strong><u>Centcom elimina el planificador de ISIS responsable de amenazar a ciudadanos, socios y civiles estadounidenses<\/u><\/strong><\/p>\n<p>El Observatorio Sirio de Derechos Humanos, una organizaci\u00f3n con sede en el Reino Unido, dijo que la redada fue la primera de su tipo. El grupo tambi\u00e9n declar\u00f3 que las tropas terrestres de unidades especiales respaldadas por SDF y las Fuerzas Especiales de Damasco participaron en la operaci\u00f3n, aunque Fox News Digital no pudo confirmar su participaci\u00f3n.<\/p>\n<p>El general Michael Erik Kurilla, comandante de Centcom, prometi\u00f3 que las fuerzas estadounidenses \u00abperseguir\u00edan implacablemente a los terroristas del ISIS\u00bb.<\/p>\n<p>\u00abLos terroristas del ISIS no est\u00e1n a salvo donde duermen, d\u00f3nde operan y donde se esconden\u00bb, dijo Kurilla en un comunicado. \u00abJunto con nuestros socios y aliados, el Comando Central de los Estados Unidos est\u00e1 comprometido con la derrota duradera de los terroristas de ISIS que amenazan a la regi\u00f3n, nuestros aliados y nuestra patria\u00bb. <\/p>\n<div class=\"image-ct inline\">\n<div class=\"m\"><picture><source media=\"(max-width: 767px)\" srcset=\"https:\/\/a57.foxnews.com\/static.foxnews.com\/foxnews.com\/content\/uploads\/2025\/07\/343\/192\/amrican-soldiers-syria.jpg?ve=1&amp;tl=1, https:\/\/a57.foxnews.com\/static.foxnews.com\/foxnews.com\/content\/uploads\/2025\/07\/686\/384\/amrican-soldiers-syria.jpg?ve=1&amp;tl=1 2x\" height=\"192\" width=\"343\"><source media=\"(min-width: 768px) and (max-width: 1023px)\" srcset=\"https:\/\/a57.foxnews.com\/static.foxnews.com\/foxnews.com\/content\/uploads\/2025\/07\/672\/378\/amrican-soldiers-syria.jpg?ve=1&amp;tl=1, https:\/\/a57.foxnews.com\/static.foxnews.com\/foxnews.com\/content\/uploads\/2025\/07\/1344\/756\/amrican-soldiers-syria.jpg?ve=1&amp;tl=1 2x\" height=\"378\" width=\"672\"><source media=\"(min-width: 1024px) and (max-width: 1279px)\" srcset=\"https:\/\/a57.foxnews.com\/static.foxnews.com\/foxnews.com\/content\/uploads\/2025\/07\/931\/523\/amrican-soldiers-syria.jpg?ve=1&amp;tl=1, https:\/\/a57.foxnews.com\/static.foxnews.com\/foxnews.com\/content\/uploads\/2025\/07\/1862\/1046\/amrican-soldiers-syria.jpg?ve=1&amp;tl=1 2x\" height=\"523\" width=\"931\"><source media=\"(min-width: 1280px)\" srcset=\"https:\/\/a57.foxnews.com\/static.foxnews.com\/foxnews.com\/content\/uploads\/2025\/07\/720\/405\/amrican-soldiers-syria.jpg?ve=1&amp;tl=1, https:\/\/a57.foxnews.com\/static.foxnews.com\/foxnews.com\/content\/uploads\/2025\/07\/1440\/810\/amrican-soldiers-syria.jpg?ve=1&amp;tl=1 2x\" height=\"405\" width=\"720\"><img loading=\"lazy\" decoding=\"async\" src=\"https:\/\/a57.foxnews.com\/static.foxnews.com\/foxnews.com\/content\/uploads\/2025\/07\/1200\/675\/amrican-soldiers-syria.jpg?ve=1&amp;tl=1\" alt=\"Tropas estadounidenses en Siria en diciembre de 2022\" width=\"1200\" height=\"675\"\/><\/source><\/source><\/source><\/source><\/picture><\/div>\n<div class=\"info\">\n<div class=\"caption\">\n<p><span>Las fuerzas estadounidenses patrullan en las cercan\u00edas del Centro de Rehabilitaci\u00f3n Hori para ni\u00f1os del presunto grupo del Estado Isl\u00e1mico en la ciudad de Tel Maaruf en la provincia de Siria en la provincia de Syakeh, 15 de diciembre de 2022.<\/span> <span>(Delil Souleiman\/AFP a trav\u00e9s de Getty Images)<\/span><\/p>\n<\/div>\n<\/div>\n<\/div>\n<p><strong>La FDI mata al fundador de Key Hamas y mente maestra del ataque terrorista del 7 de octubre en Israel<\/strong><\/p>\n<p>Las Fuerzas de Defensa de Israel (FDI) anunciaron que sus tropas hab\u00edan matado a Ali Mohammad Hassan Qoutan, quien se desempe\u00f1\u00f3 como oficial de personal para el sector Bint Jbeil de Hezbol\u00e1. Seg\u00fan las FDI, Qoutan estuvo involucrado en los esfuerzos para reconstruir la organizaci\u00f3n, que recibi\u00f3 un golpe cuando Israel mat\u00f3 a su l\u00edder, Hassan Nasrallah, en septiembre de 2024.<\/p>\n<div class=\"image-ct inline\">\n<div class=\"m\"><picture><source media=\"(max-width: 767px)\" srcset=\"https:\/\/a57.foxnews.com\/static.foxnews.com\/foxnews.com\/content\/uploads\/2025\/02\/343\/192\/nasrallah-funeral.jpg?ve=1&amp;tl=1, https:\/\/a57.foxnews.com\/static.foxnews.com\/foxnews.com\/content\/uploads\/2025\/02\/686\/384\/nasrallah-funeral.jpg?ve=1&amp;tl=1 2x\" height=\"192\" width=\"343\"><source media=\"(min-width: 768px) and (max-width: 1023px)\" srcset=\"https:\/\/a57.foxnews.com\/static.foxnews.com\/foxnews.com\/content\/uploads\/2025\/02\/672\/378\/nasrallah-funeral.jpg?ve=1&amp;tl=1, https:\/\/a57.foxnews.com\/static.foxnews.com\/foxnews.com\/content\/uploads\/2025\/02\/1344\/756\/nasrallah-funeral.jpg?ve=1&amp;tl=1 2x\" height=\"378\" width=\"672\"><source media=\"(min-width: 1024px) and (max-width: 1279px)\" srcset=\"https:\/\/a57.foxnews.com\/static.foxnews.com\/foxnews.com\/content\/uploads\/2025\/02\/931\/523\/nasrallah-funeral.jpg?ve=1&amp;tl=1, https:\/\/a57.foxnews.com\/static.foxnews.com\/foxnews.com\/content\/uploads\/2025\/02\/1862\/1046\/nasrallah-funeral.jpg?ve=1&amp;tl=1 2x\" height=\"523\" width=\"931\"><source media=\"(min-width: 1280px)\" srcset=\"https:\/\/a57.foxnews.com\/static.foxnews.com\/foxnews.com\/content\/uploads\/2025\/02\/720\/405\/nasrallah-funeral.jpg?ve=1&amp;tl=1, https:\/\/a57.foxnews.com\/static.foxnews.com\/foxnews.com\/content\/uploads\/2025\/02\/1440\/810\/nasrallah-funeral.jpg?ve=1&amp;tl=1 2x\" height=\"405\" width=\"720\"><img loading=\"lazy\" decoding=\"async\" src=\"https:\/\/a57.foxnews.com\/static.foxnews.com\/foxnews.com\/content\/uploads\/2025\/02\/1200\/675\/nasrallah-funeral.jpg?ve=1&amp;tl=1\" alt=\"funeral de terror \" width=\"1200\" height=\"675\"\/><\/source><\/source><\/source><\/source><\/picture><\/div>\n<div class=\"info\">\n<div class=\"caption\">\n<p><span>Los dolientes asisten al funeral de los l\u00edderes asesinos de Hezbol\u00e1 Hassan Nasrallah y Hashem Safieddine en el Camille Chamoun Sports City Stadium en las afueras de Beirut el 23 de febrero de 2025. <\/span> <span>(Anwar AMRO\/AFP a trav\u00e9s de Getty Images)<\/span><\/p>\n<\/div>\n<\/div>\n<\/div>\n<p><strong><u>Haga clic aqu\u00ed para obtener la aplicaci\u00f3n Fox News<\/u><\/strong><\/p>\n<p>\u00abLas actividades del terrorista constituyen una violaci\u00f3n descarada de la comprensi\u00f3n entre Israel y el L\u00edbano\u00bb, escribi\u00f3 las FDI en un comunicado.<\/p>\n<p>Israel recientemente concluy\u00f3 una guerra de 12 d\u00edas con Ir\u00e1n mientras luchaba simult\u00e1neamente en Hamas en Gaza en una guerra que ha estado en curso desde los brutales ataques del 7 de octubre de 2023.<\/p>\n<p> <!----> <\/p>\n<div class=\"article-meta\">\n<div class=\"author-bio\">\n<p>Rachel Wolf es una escritora de noticias de Fox News Digital y Fox Business.<\/p>\n<\/div>\n<\/div>\n<\/div>\n\n","protected":false},"excerpt":{"rendered":"<p>NUEVO\u00a1Ahora puedes escuchar art\u00edculos de Fox News! Estados Unidos e Israel anunciaron el viernes que sus respectivas fuerzas hab\u00edan matado a los l\u00edderes terroristas de ISIS y Hezbol\u00e1 en operaciones de antiterrorismo separadas. Las tropas de Centcom llevaron a cabo una redada en la gobernaci\u00f3n de Al-Bab, Alepo, Siria, y mataron al l\u00edder de ISIS &hellip;<\/p>\n","protected":false},"author":1,"featured_media":37500,"comment_status":"open","ping_status":"open","sticky":false,"template":"","format":"standard","meta":{"fifu_image_url":"https:\/\/static.foxnews.com\/foxnews.com\/content\/uploads\/2025\/07\/donald-trump-benjamin-netanyahu.jpg","fifu_image_alt":"","footnotes":""},"categories":[13],"tags":[],"class_list":["post-37498","post","type-post","status-publish","format-standard","has-post-thumbnail","","category-mundo"],"_links":{"self":[{"href":"https:\/\/noticiasveraces.com\/index.php?rest_route=\/wp\/v2\/posts\/37498","targetHints":{"allow":["GET"]}}],"collection":[{"href":"https:\/\/noticiasveraces.com\/index.php?rest_route=\/wp\/v2\/posts"}],"about":[{"href":"https:\/\/noticiasveraces.com\/index.php?rest_route=\/wp\/v2\/types\/post"}],"author":[{"embeddable":true,"href":"https:\/\/noticiasveraces.com\/index.php?rest_route=\/wp\/v2\/users\/1"}],"replies":[{"embeddable":true,"href":"https:\/\/noticiasveraces.com\/index.php?rest_route=%2Fwp%2Fv2%2Fcomments&post=37498"}],"version-history":[{"count":0,"href":"https:\/\/noticiasveraces.com\/index.php?rest_route=\/wp\/v2\/posts\/37498\/revisions"}],"wp:featuredmedia":[{"embeddable":true,"href":"https:\/\/noticiasveraces.com\/index.php?rest_route=\/wp\/v2\/media\/37500"}],"wp:attachment":[{"href":"https:\/\/noticiasveraces.com\/index.php?rest_route=%2Fwp%2Fv2%2Fmedia&parent=37498"}],"wp:term":[{"taxonomy":"category","embeddable":true,"href":"https:\/\/noticiasveraces.com\/index.php?rest_route=%2Fwp%2Fv2%2Fcategories&post=37498"},{"taxonomy":"post_tag","embeddable":true,"href":"https:\/\/noticiasveraces.com\/index.php?rest_route=%2Fwp%2Fv2%2Ftags&post=37498"}],"curies":[{"name":"wp","href":"https:\/\/api.w.org\/{rel}","templated":true}]}}