{"id":37489,"date":"2025-07-25T12:37:35","date_gmt":"2025-07-25T16:37:35","guid":{"rendered":"https:\/\/noticiasveraces.com\/?p=37489"},"modified":"2025-07-25T12:37:35","modified_gmt":"2025-07-25T16:37:35","slug":"trump-minimiza-el-movimiento-de-macron-en-palestina-mientras-rubio-el-partido-republicano-lo-llama-imprudente","status":"publish","type":"post","link":"https:\/\/noticiasveraces.com\/?p=37489","title":{"rendered":"Trump minimiza el movimiento de Macron en Palestina mientras Rubio, el Partido Republicano lo llama imprudente"},"content":{"rendered":"<p> \n<\/p>\n<div>\n<div id=\"beyondwords-wrapper\" class=\"beyondwords-wrapper\">\n<p><span class=\"label-bg\">NUEVO<\/span>\u00a1Ahora puedes escuchar art\u00edculos de Fox News!\n  <\/p>\n<\/div>\n<p class=\"speakable\">El presidente Donald Trump desestim\u00f3 el viernes el plan del presidente franc\u00e9s, Emmanuel Macron, de reconocer un estado palestino, una respuesta notablemente m\u00e1s suave que la fuerte condena del secretario de Estado Marco Rubio y otros republicanos principales, quienes dispararon el movimiento un d\u00eda antes.<\/p>\n<p class=\"speakable\">\u00abLo que \u00e9l dice no importa\u00bb, dijo Trump a los periodistas de la Casa Blanca. \u00abEs un tipo muy bueno. Me gusta, pero esa declaraci\u00f3n no tiene peso\u00bb.<\/p>\n<p>Macron llev\u00f3 a X el jueves para anunciar su intenci\u00f3n de que Francia reconociera a un estado palestino en la Asamblea General de las Naciones Unidas el pr\u00f3ximo septiembre.<\/p>\n<div class=\"image-ct inline\">\n<div class=\"m\"><picture><source media=\"(max-width: 767px)\" srcset=\"https:\/\/a57.foxnews.com\/static.foxnews.com\/foxnews.com\/content\/uploads\/2025\/06\/343\/192\/macron.png?ve=1&amp;tl=1, https:\/\/a57.foxnews.com\/static.foxnews.com\/foxnews.com\/content\/uploads\/2025\/06\/686\/384\/macron.png?ve=1&amp;tl=1 2x\" height=\"192\" width=\"343\"><source media=\"(min-width: 768px) and (max-width: 1023px)\" srcset=\"https:\/\/a57.foxnews.com\/static.foxnews.com\/foxnews.com\/content\/uploads\/2025\/06\/672\/378\/macron.png?ve=1&amp;tl=1, https:\/\/a57.foxnews.com\/static.foxnews.com\/foxnews.com\/content\/uploads\/2025\/06\/1344\/756\/macron.png?ve=1&amp;tl=1 2x\" height=\"378\" width=\"672\"><source media=\"(min-width: 1024px) and (max-width: 1279px)\" srcset=\"https:\/\/a57.foxnews.com\/static.foxnews.com\/foxnews.com\/content\/uploads\/2025\/06\/931\/523\/macron.png?ve=1&amp;tl=1, https:\/\/a57.foxnews.com\/static.foxnews.com\/foxnews.com\/content\/uploads\/2025\/06\/1862\/1046\/macron.png?ve=1&amp;tl=1 2x\" height=\"523\" width=\"931\"><source media=\"(min-width: 1280px)\" srcset=\"https:\/\/a57.foxnews.com\/static.foxnews.com\/foxnews.com\/content\/uploads\/2025\/06\/720\/405\/macron.png?ve=1&amp;tl=1, https:\/\/a57.foxnews.com\/static.foxnews.com\/foxnews.com\/content\/uploads\/2025\/06\/1440\/810\/macron.png?ve=1&amp;tl=1 2x\" height=\"405\" width=\"720\"><img loading=\"lazy\" decoding=\"async\" src=\"https:\/\/a57.foxnews.com\/static.foxnews.com\/foxnews.com\/content\/uploads\/2025\/06\/1200\/675\/macron.png?ve=1&amp;tl=1\" alt=\"Presidente Emmanuel Macron\" width=\"1200\" height=\"675\"\/><\/source><\/source><\/source><\/source><\/picture><\/div>\n<div class=\"info\">\n<div class=\"caption\">\n<p><span>Macron llev\u00f3 a X el jueves para anunciar el reconocimiento formal de Francia del estado palestino en la Asamblea General de las Naciones Unidas en septiembre. <\/span> <span>(Teresa Su\u00e1rez\/Pool\/AFP a trav\u00e9s de Getty Images)<\/span><\/p>\n<\/div>\n<\/div>\n<\/div>\n<p><strong>Funcionarios israel\u00edes se oponen a la esperada resoluci\u00f3n de alto el fuego del Consejo de Seguridad de la ONU<\/strong><\/p>\n<p>Macron cit\u00f3 la necesidad de un \u00abalto el fuego inmediato\u00bb, as\u00ed como la liberaci\u00f3n de todos los rehenes y la ayuda humanitaria a la gente de Gaza en su razonamiento para la mudanza de Francia. Tambi\u00e9n afirm\u00f3 que Hamas debe ser desmilitarizado y reconstruida Gaza en una carta al presidente de la Autoridad Palestina Mahmoud Abbas que comparti\u00f3 en X.<\/p>\n<p>\u00abLos franceses quieren paz en el Medio Oriente\u00bb, escribi\u00f3 Macron en la carta traducido al ingl\u00e9s en X. \u00abDepende de nosotros, los franceses, junto con los israel\u00edes, los palestinos y nuestros socios europeos e internacionales, para demostrar que es posible\u00bb. <\/p>\n<p>La carta afirmaba que \u00abla paz es posible\u00bb, mientras que Macron dijo que est\u00e1 trabajando para convencer a otros socios para que sigan su ejemplo.<\/p>\n<p>El reconocimiento de Palestina sigue siendo en gran medida simb\u00f3lico, ya que no otorga autom\u00e1ticamente la membres\u00eda de la ONU o los lazos diplom\u00e1ticos completos. Alrededor de 150 de 193 Estados miembros de la ONU reconocen a Palestina como un estado soberano.<\/p>\n<p>Las palabras de Trump fueron mucho m\u00e1s suaves que las fuertes repripentes del Secretario de Estado Marco Rubio, as\u00ed como el senador Lindsay Graham, Rs.C., y el senador Tom Cotton, R-Ark., El jueves.  <\/p>\n<p>Rubio calific\u00f3 el reconocimiento de Francia \u00abimprudente\u00bb y una \u00abbofetada\u00bb a las v\u00edctimas del ataque de Hamas del 7 de octubre poco despu\u00e9s de que Macron hizo el anuncio el jueves.<\/p>\n<p>\u00abEstados Unidos rechaza fuertemente el plan del presidente franc\u00e9s Emmanuel Macron de reconocer un estado palestino en la Asamblea General de la ONU\u00bb, escribi\u00f3 Rubio en X.<\/p>\n<p>\u00abEsta decisi\u00f3n imprudente solo sirve a la propaganda de Hamas y retrasa la paz. Es una bofetada a las v\u00edctimas del 7 de octubre\u00bb.<\/p>\n<div class=\"image-ct inline\">\n<div class=\"m\"><picture><source media=\"(max-width: 767px)\" srcset=\"https:\/\/a57.foxnews.com\/static.foxnews.com\/foxnews.com\/content\/uploads\/2025\/02\/343\/192\/trump-and-macron.jpg?ve=1&amp;tl=1, https:\/\/a57.foxnews.com\/static.foxnews.com\/foxnews.com\/content\/uploads\/2025\/02\/686\/384\/trump-and-macron.jpg?ve=1&amp;tl=1 2x\" height=\"192\" width=\"343\"><source media=\"(min-width: 768px) and (max-width: 1023px)\" srcset=\"https:\/\/a57.foxnews.com\/static.foxnews.com\/foxnews.com\/content\/uploads\/2025\/02\/672\/378\/trump-and-macron.jpg?ve=1&amp;tl=1, https:\/\/a57.foxnews.com\/static.foxnews.com\/foxnews.com\/content\/uploads\/2025\/02\/1344\/756\/trump-and-macron.jpg?ve=1&amp;tl=1 2x\" height=\"378\" width=\"672\"><source media=\"(min-width: 1024px) and (max-width: 1279px)\" srcset=\"https:\/\/a57.foxnews.com\/static.foxnews.com\/foxnews.com\/content\/uploads\/2025\/02\/931\/523\/trump-and-macron.jpg?ve=1&amp;tl=1, https:\/\/a57.foxnews.com\/static.foxnews.com\/foxnews.com\/content\/uploads\/2025\/02\/1862\/1046\/trump-and-macron.jpg?ve=1&amp;tl=1 2x\" height=\"523\" width=\"931\"><source media=\"(min-width: 1280px)\" srcset=\"https:\/\/a57.foxnews.com\/static.foxnews.com\/foxnews.com\/content\/uploads\/2025\/02\/720\/405\/trump-and-macron.jpg?ve=1&amp;tl=1, https:\/\/a57.foxnews.com\/static.foxnews.com\/foxnews.com\/content\/uploads\/2025\/02\/1440\/810\/trump-and-macron.jpg?ve=1&amp;tl=1 2x\" height=\"405\" width=\"720\"><img loading=\"lazy\" decoding=\"async\" src=\"https:\/\/a57.foxnews.com\/static.foxnews.com\/foxnews.com\/content\/uploads\/2025\/02\/1200\/675\/trump-and-macron.jpg?ve=1&amp;tl=1\" alt=\"Emmanuel Macron y Donald Trump\" width=\"1200\" height=\"675\"\/><\/source><\/source><\/source><\/source><\/picture><\/div>\n<div class=\"info\">\n<div class=\"caption\">\n<p><span>El presidente Donald Trump y el presidente franc\u00e9s Emmanuel Macron Shake Hands durante una conferencia de prensa conjunta en la sala este de la Casa Blanca el 24 de febrero en Washington, DC Trump, desestimaron el viernes el plan de Macron de reconocer a un estado palestino.<\/span> <span>(Tasos Katopodis\/Getty Images)<\/span><\/p>\n<\/div>\n<\/div>\n<\/div>\n<p><strong>Trump Admin se encuentra con Israel, rechaza la resoluci\u00f3n de la ONU respaldada por el Reino Unido y Francia<\/strong><\/p>\n<p>El senador Lindsay Graham, Rs.C., y el senador Tom Cotton, republicano de ARK., Se unieron a Rubio para sonar contra Macron.<\/p>\n<p>\u00abLa decisi\u00f3n del gobierno franc\u00e9s de reconocer un estado palestino es curiosa e inquietante en m\u00faltiples niveles. Estoy seguro de que esto envalentar\u00e1 a Hamas y dificultar\u00e1 el fuego m\u00e1s dif\u00edcil\u00bb, escribi\u00f3 Graham en X.<\/p>\n<p>Graham tambi\u00e9n critic\u00f3 lo que dijo que eran las deficiencias de dicho plan, haciendo una serie de preguntas ret\u00f3ricas emparejadas con sarcasmo.<\/p>\n<p>\u00ab\u00bfQui\u00e9n est\u00e1 a cargo? \u00bfCu\u00e1les son las fronteras y los l\u00edmites? \u00bfCu\u00e1l es la estructura de gobernanza? \u00bfHamas permanece involucrado pol\u00edtica o militarmente? Graham escribi\u00f3<\/p>\n<p>\u00abAparte de estos pocos detalles faltantes, \u00a1parece un plan infalible!\u00bb<\/p>\n<p>Cotton tambi\u00e9n critic\u00f3 los movimientos como un \u00abrespaldo vergonzoso de los terroristas\u00bb.<\/p>\n<p>\u00abLa mejor manera para que este conflicto termine es respaldar a Israel en su justa misi\u00f3n de rescatar a los rehenes y derrotar a Hamas\u00bb, dijo Cotton.<\/p>\n<p>Los funcionarios israel\u00edes respondieron r\u00e1pidamente y bruscamente a Macron el jueves. <\/p>\n<p>Mientras tanto, los funcionarios israel\u00edes respondieron r\u00e1pido y bruscamente. <\/p>\n<p>\u00abCondenamos firmemente la decisi\u00f3n del presidente Macron de reconocer un estado palestino junto a Tel Aviv a ra\u00edz de la masacre del 7 de octubre\u00bb, dijo el primer ministro Benajamin Netanyahu en un comunicado. <\/p>\n<div class=\"image-ct inline\">\n<div class=\"m\"><picture><source media=\"(max-width: 767px)\" srcset=\"https:\/\/a57.foxnews.com\/static.foxnews.com\/foxnews.com\/content\/uploads\/2024\/07\/343\/192\/Gaza-4.png?ve=1&amp;tl=1, https:\/\/a57.foxnews.com\/static.foxnews.com\/foxnews.com\/content\/uploads\/2024\/07\/686\/384\/Gaza-4.png?ve=1&amp;tl=1 2x\" height=\"192\" width=\"343\"><source media=\"(min-width: 768px) and (max-width: 1023px)\" srcset=\"https:\/\/a57.foxnews.com\/static.foxnews.com\/foxnews.com\/content\/uploads\/2024\/07\/672\/378\/Gaza-4.png?ve=1&amp;tl=1, https:\/\/a57.foxnews.com\/static.foxnews.com\/foxnews.com\/content\/uploads\/2024\/07\/1344\/756\/Gaza-4.png?ve=1&amp;tl=1 2x\" height=\"378\" width=\"672\"><source media=\"(min-width: 1024px) and (max-width: 1279px)\" srcset=\"https:\/\/a57.foxnews.com\/static.foxnews.com\/foxnews.com\/content\/uploads\/2024\/07\/931\/523\/Gaza-4.png?ve=1&amp;tl=1, https:\/\/a57.foxnews.com\/static.foxnews.com\/foxnews.com\/content\/uploads\/2024\/07\/1862\/1046\/Gaza-4.png?ve=1&amp;tl=1 2x\" height=\"523\" width=\"931\"><source media=\"(min-width: 1280px)\" srcset=\"https:\/\/a57.foxnews.com\/static.foxnews.com\/foxnews.com\/content\/uploads\/2024\/07\/720\/405\/Gaza-4.png?ve=1&amp;tl=1, https:\/\/a57.foxnews.com\/static.foxnews.com\/foxnews.com\/content\/uploads\/2024\/07\/1440\/810\/Gaza-4.png?ve=1&amp;tl=1 2x\" height=\"405\" width=\"720\"><img loading=\"lazy\" decoding=\"async\" src=\"https:\/\/a57.foxnews.com\/static.foxnews.com\/foxnews.com\/content\/uploads\/2024\/07\/1200\/675\/Gaza-4.png?ve=1&amp;tl=1\" alt=\"Los palestinos lloran a familiares\" width=\"1200\" height=\"675\"\/><\/source><\/source><\/source><\/source><\/picture><\/div>\n<div class=\"info\">\n<div class=\"caption\">\n<p><span>Los palestinos lloran a los familiares asesinados en el bombardeo israel\u00ed de la Franja de Gaza, en una morgue hospitalaria en Deir al-Balah, martes 9 de julio de 2024.<\/span> <span>(AP Photo\/Abdel Kareem Hana)<\/span><\/p>\n<\/div>\n<\/div>\n<\/div>\n<p><strong>Haga clic aqu\u00ed para obtener la aplicaci\u00f3n Fox News<\/strong><\/p>\n<p>\u00abTal movimiento recompensa el terror y corre el riesgo de crear otro poder iran\u00ed, al igual que Gaza se convirti\u00f3. Un estado palestino en estas condiciones ser\u00eda una plataforma de lanzamiento para aniquilar a Israel, no vivir en paz a su lado. Sea claro: los palestinos no buscan un estado junto a Israel; buscan un estado en lugar de Israel\u00bb.<\/p>\n<p>El viceprimer ministro y ministro de justicia, Yariv Levin, calific\u00f3 la medida en \u00abuna mancha negra sobre la historia de Francia y un impulso directo al terrorismo\u00bb. <\/p>\n<p>Agreg\u00f3: \u00abLa tierra de Israel pertenece al pueblo de Israel, e incluso la declaraci\u00f3n del presidente Macron no cambiar\u00e1 eso\u00bb. Levin pidi\u00f3 a Israel para aplicar la soberan\u00eda sobre Judea y Samaria y el valle de Jordan, calific\u00e1ndolo de \u00abuna respuesta justa e hist\u00f3rica a la vergonzosa decisi\u00f3n del presidente de Francia\u00bb.<\/p>\n<p> <!----> <\/p>\n<div class=\"article-meta\">\n<div class=\"author-bio\">\n<p>Michael Dorgan es escritor de Fox News Digital y Fox Business.<\/p>\n<p>Puede enviar consejos a Michael.dorgan@fox.com y seguirlo en Twitter @M_Dorgan.<\/p>\n<\/div>\n<\/div>\n<\/div>\n\n","protected":false},"excerpt":{"rendered":"<p>NUEVO\u00a1Ahora puedes escuchar art\u00edculos de Fox News! El presidente Donald Trump desestim\u00f3 el viernes el plan del presidente franc\u00e9s, Emmanuel Macron, de reconocer un estado palestino, una respuesta notablemente m\u00e1s suave que la fuerte condena del secretario de Estado Marco Rubio y otros republicanos principales, quienes dispararon el movimiento un d\u00eda antes. \u00abLo que \u00e9l &hellip;<\/p>\n","protected":false},"author":1,"featured_media":37491,"comment_status":"open","ping_status":"open","sticky":false,"template":"","format":"standard","meta":{"fifu_image_url":"https:\/\/static.foxnews.com\/foxnews.com\/content\/uploads\/2025\/02\/trump-macron.jpg","fifu_image_alt":"","footnotes":""},"categories":[13],"tags":[],"class_list":["post-37489","post","type-post","status-publish","format-standard","has-post-thumbnail","","category-mundo"],"_links":{"self":[{"href":"https:\/\/noticiasveraces.com\/index.php?rest_route=\/wp\/v2\/posts\/37489","targetHints":{"allow":["GET"]}}],"collection":[{"href":"https:\/\/noticiasveraces.com\/index.php?rest_route=\/wp\/v2\/posts"}],"about":[{"href":"https:\/\/noticiasveraces.com\/index.php?rest_route=\/wp\/v2\/types\/post"}],"author":[{"embeddable":true,"href":"https:\/\/noticiasveraces.com\/index.php?rest_route=\/wp\/v2\/users\/1"}],"replies":[{"embeddable":true,"href":"https:\/\/noticiasveraces.com\/index.php?rest_route=%2Fwp%2Fv2%2Fcomments&post=37489"}],"version-history":[{"count":0,"href":"https:\/\/noticiasveraces.com\/index.php?rest_route=\/wp\/v2\/posts\/37489\/revisions"}],"wp:featuredmedia":[{"embeddable":true,"href":"https:\/\/noticiasveraces.com\/index.php?rest_route=\/wp\/v2\/media\/37491"}],"wp:attachment":[{"href":"https:\/\/noticiasveraces.com\/index.php?rest_route=%2Fwp%2Fv2%2Fmedia&parent=37489"}],"wp:term":[{"taxonomy":"category","embeddable":true,"href":"https:\/\/noticiasveraces.com\/index.php?rest_route=%2Fwp%2Fv2%2Fcategories&post=37489"},{"taxonomy":"post_tag","embeddable":true,"href":"https:\/\/noticiasveraces.com\/index.php?rest_route=%2Fwp%2Fv2%2Ftags&post=37489"}],"curies":[{"name":"wp","href":"https:\/\/api.w.org\/{rel}","templated":true}]}}