{"id":37477,"date":"2025-07-25T10:34:47","date_gmt":"2025-07-25T14:34:47","guid":{"rendered":"https:\/\/noticiasveraces.com\/?p=37477"},"modified":"2025-07-25T10:34:47","modified_gmt":"2025-07-25T14:34:47","slug":"por-que-intel-dejo-caer-su-megaproyecto-de-chips-en-alemania-dw-25-07-2025","status":"publish","type":"post","link":"https:\/\/noticiasveraces.com\/?p=37477","title":{"rendered":"Por qu\u00e9 Intel dej\u00f3 caer su megaproyecto de chips en Alemania \u2013 DW \u2013 25\/07\/2025"},"content":{"rendered":"<p> \n<\/p>\n<div>\n<p>Intel, el fabricante global\u00a0de chips, cancel\u00f3 los planes para construir una gigantesca f\u00e1brica en Magdeburgo, que dar\u00eda empleo a 3.000 personas. Esto significa que la regi\u00f3n perder\u00e1 una inversi\u00f3n anunciada de 30.000 millones de euros, de los cuales casi 10.000 millones provendr\u00edan de subvenciones de los contribuyentes alemanes.<\/p>\n<h2>\u00bfC\u00f3mo justifica Intel el fin del proyecto?<\/h2>\n<p>El director ejecutivo de Intel, Lip-Bu Tan, habla de la falta de demanda para los\u00a0 productos que surgir\u00edan de la nueva f\u00e1brica. La empresa de chips est\u00e1 en crisis. El \u00faltimo trimestre registr\u00f3 una p\u00e9rdida de 2.900 millones de d\u00f3lares. Lip-Bu Tan tiene ahora comp prioridad recortar costos. Se espera que el n\u00famero de empleados, que era de 109.000 a finales de 2024, se reduzca a unos 75.000 a finales de este a\u00f1o.<\/p>\n<h2>\u00bfPor qu\u00e9 cancel\u00f3 Intel el proyecto?<\/h2>\n<p>El proyecto de Magdeburgo le habr\u00eda costado a la empresa 20.000 millones de d\u00f3lares de su propio bolsillo y, por los factores anteriormente mencionados, hoy no dispone de fondos de sobra. La directiva de Intel ya hab\u00eda anunciado un aplazamiento del megaproyecto en septiembre pasado. Ahora lleg\u00f3 la cancelaci\u00f3n definitiva.<\/p>\n<figure class=\"placeholder-image master_landscape big\"><img data-format=\"MASTER_LANDSCAPE\" data-id=\"70236110\" data-url=\"https:\/\/static.dw.com\/image\/70236110_${formatId}.jpg\" data-aspect-ratio=\"16\/9\" alt=\"En septiembre de 2024, ya con las gr\u00faas en el sitio de la construcci\u00f3n, Intel anunci\u00f3 que aplazaba el inicio de las obras.\" style=\"padding-bottom: 56.25%; height: 0; max-height: 0;\"\/><figcaption class=\"img-caption\">En septiembre de 2024, ya con las gr\u00faas en el sitio de la construcci\u00f3n, Intel anunci\u00f3 que aplazaba el inicio de las obras.<small class=\"copyright\">Imagen: Klaus-Dietmar Gabbert\/DPA\/Picture Alliance<\/small><\/figcaption><\/figure>\n<p>Algo est\u00e1 claro: Magdeburgo fue idea del exdirector ejecutivo Pat Gelsinger, quien quer\u00eda devolver a Intel a la vanguardia mundial como fabricante por contrato para otras empresas de chips. Su sucesor califica las inversiones en la f\u00e1brica de \u00abimprudentes y excesivas\u00bb.<\/p>\n<h2>\u00bfQu\u00e9 significa para Alemania la cancelaci\u00f3n?<\/h2>\n<p>Para la antigua coalici\u00f3n de gobierno\u00a0en Alemania, el megaproyecto de Intel fue una decisi\u00f3n estrat\u00e9gica de importancia nacional que habr\u00eda supuesto una ayuda de 9.900 millones de euros por parte del presupuesto p\u00fablico alem\u00e1n.<\/p>\n<p>La enorme inversi\u00f3n ten\u00eda buenas razones. Desde la crisis del coronavirus, la dependencia de Alemania de las importaciones de chips ha sido patente. Debido a la escasa llegada de suministros desde Asia durante la pandemia, las l\u00edneas de producci\u00f3n de los fabricantes de autom\u00f3viles se paralizaron, los ordenadores port\u00e1tiles eran dif\u00edciles de conseguir y la gente tuvo que esperar meses para tener lavadoras. Las f\u00e1bricas en Europa deb\u00edan proporcionar una mayor seguridad de suministro.<\/p>\n<p><span data-slot-id=\"Article_InContent-1\" class=\"rich-text-ad\"\/><\/p>\n<h2>\u00bfLleg\u00f3 a su fin la producci\u00f3n de chips en Alemania?<\/h2>\n<p>No. Un segundo gran proyecto en el este de Alemania, la f\u00e1brica de la empresa taiwanesa de semiconductores TSMC, que tambi\u00e9n recibe miles de millones de d\u00f3lares en subvenciones de la coalici\u00f3n del sem\u00e1foro, ya ha comenzado.<\/p>\n<p>En marzo, la firma anunci\u00f3 que la construcci\u00f3n de la f\u00e1brica, con un costo aproximado de 10.000 millones de euros, avanza seg\u00fan lo previsto. El inicio de la producci\u00f3n est\u00e1 previsto para 2027.<\/p>\n<figure class=\"placeholder-image master_landscape big\"><img data-format=\"MASTER_LANDSCAPE\" data-id=\"70235009\" data-url=\"https:\/\/static.dw.com\/image\/70235009_${formatId}.jpg\" data-aspect-ratio=\"16\/9\" alt=\"El gobierno alem\u00e1n mand\u00f3 construir infraestructura para el acceso de veh\u00edculos pesados a lo que iba a ser la megaf\u00e1brica de chips de Intel en Magdeburgo.\" style=\"padding-bottom: 56.25%; height: 0; max-height: 0;\"\/><figcaption class=\"img-caption\">El gobierno alem\u00e1n mand\u00f3 construir infraestructura para el acceso de veh\u00edculos pesados a lo que iba a ser la megaf\u00e1brica de chips de Intel en Magdeburgo.<small class=\"copyright\">Imagen: Stephan Schulz\/DPA\/Picture Alliance<\/small><\/figcaption><\/figure>\n<p>Adem\u00e1s, el fabricante de semiconductores Infineon est\u00e1 construyendo otra f\u00e1brica en Dresde, cuya estructura ya est\u00e1 terminada.<\/p>\n<h2>\u00bfQu\u00e9 ocurrir\u00e1 con el terreno de Intel?<\/h2>\n<p>El ministro presidente de Sajonia-Anhalt, Reiner Haseloff, considera dolorosa la decisi\u00f3n de Intel. Pero confi\u00f3 en que otras empresas se instalar\u00e1n en el terreno designado para Intel. El estado federado impulsa el desarrollo de un \u00abparque de alta tecnolog\u00eda\u00bb con v\u00edas de acceso e infraestructura. \u00abHemos recibido consultas de empresas reconocidas\u00bb, explic\u00f3 Haseloff.<\/p>\n<p>Hace diez d\u00edas, FMC (Ferroelectric Memory Company), fundada en 2016 en las inmediaciones de la Universidad T\u00e9cnica de Dresde, anunci\u00f3 sus planes para una f\u00e1brica de chips de memoria en este mismo parque industrial. Detr\u00e1s del proyecto se encuentran empresas como Bosch, Air Liquide, Merck y otros inversores internacionales.<\/p>\n<p>(dpa\/el)<\/p>\n<\/div>\n\n","protected":false},"excerpt":{"rendered":"<p>Intel, el fabricante global\u00a0de chips, cancel\u00f3 los planes para construir una gigantesca f\u00e1brica en Magdeburgo, que dar\u00eda empleo a 3.000 personas. Esto significa que la regi\u00f3n perder\u00e1 una inversi\u00f3n anunciada de 30.000 millones de euros, de los cuales casi 10.000 millones provendr\u00edan de subvenciones de los contribuyentes alemanes. \u00bfC\u00f3mo justifica Intel el fin del proyecto? &hellip;<\/p>\n","protected":false},"author":1,"featured_media":37478,"comment_status":"open","ping_status":"open","sticky":false,"template":"","format":"standard","meta":{"fifu_image_url":"https:\/\/static.dw.com\/image\/70236674_6.jpg","fifu_image_alt":"","footnotes":""},"categories":[13],"tags":[],"class_list":["post-37477","post","type-post","status-publish","format-standard","has-post-thumbnail","","category-mundo"],"_links":{"self":[{"href":"https:\/\/noticiasveraces.com\/index.php?rest_route=\/wp\/v2\/posts\/37477","targetHints":{"allow":["GET"]}}],"collection":[{"href":"https:\/\/noticiasveraces.com\/index.php?rest_route=\/wp\/v2\/posts"}],"about":[{"href":"https:\/\/noticiasveraces.com\/index.php?rest_route=\/wp\/v2\/types\/post"}],"author":[{"embeddable":true,"href":"https:\/\/noticiasveraces.com\/index.php?rest_route=\/wp\/v2\/users\/1"}],"replies":[{"embeddable":true,"href":"https:\/\/noticiasveraces.com\/index.php?rest_route=%2Fwp%2Fv2%2Fcomments&post=37477"}],"version-history":[{"count":0,"href":"https:\/\/noticiasveraces.com\/index.php?rest_route=\/wp\/v2\/posts\/37477\/revisions"}],"wp:featuredmedia":[{"embeddable":true,"href":"https:\/\/noticiasveraces.com\/index.php?rest_route=\/wp\/v2\/media\/37478"}],"wp:attachment":[{"href":"https:\/\/noticiasveraces.com\/index.php?rest_route=%2Fwp%2Fv2%2Fmedia&parent=37477"}],"wp:term":[{"taxonomy":"category","embeddable":true,"href":"https:\/\/noticiasveraces.com\/index.php?rest_route=%2Fwp%2Fv2%2Fcategories&post=37477"},{"taxonomy":"post_tag","embeddable":true,"href":"https:\/\/noticiasveraces.com\/index.php?rest_route=%2Fwp%2Fv2%2Ftags&post=37477"}],"curies":[{"name":"wp","href":"https:\/\/api.w.org\/{rel}","templated":true}]}}