{"id":37456,"date":"2025-07-25T08:31:24","date_gmt":"2025-07-25T12:31:24","guid":{"rendered":"https:\/\/noticiasveraces.com\/?p=37456"},"modified":"2025-07-25T08:31:24","modified_gmt":"2025-07-25T12:31:24","slug":"la-familia-insta-a-la-extradicion-de-hamas-terrorist-en-reunirse-con-us-atty-pirro","status":"publish","type":"post","link":"https:\/\/noticiasveraces.com\/?p=37456","title":{"rendered":"La familia insta a la extradici\u00f3n de Hamas Terrorist en reunirse con US Atty. Pirro"},"content":{"rendered":"<p> \n<\/p>\n<div>\n<div class=\"featured featured-video video-ct\" data-v-324c3b57=\"\"><!----> <\/p>\n<div class=\"contain\" data-v-324c3b57=\"\">  <!----> <\/p>\n<div class=\"info\" data-v-324c3b57=\"\">\n<div class=\"caption\" data-v-324c3b57=\"\">\n<h4 class=\"title\" data-v-324c3b57=\"\">Mahmoud Khalil etiquetado &#8216;Hamas Simple&#8217; en el art\u00edculo de opini\u00f3n mordaz<\/h4>\n<p data-v-324c3b57=\"\">El colaborador de Fox News, Joe Concha, discute las agudas cr\u00edticas del New York Post a Mahmoud Khalil despu\u00e9s de que se neg\u00f3 a condenar expl\u00edcitamente a Hamas y la indignaci\u00f3n liberal por la cancelaci\u00f3n de &#8216;Late Show&#8217; de Stephen Colbert. <\/p>\n<\/div>\n<\/div>\n<\/div>\n<\/div>\n<div id=\"beyondwords-wrapper\" class=\"beyondwords-wrapper\">\n<p><span class=\"label-bg\">NUEVO<\/span>\u00a1Ahora puedes escuchar art\u00edculos de Fox News!\n  <\/p>\n<\/div>\n<p class=\"speakable\">Jerusal\u00e9n: el reino de Jordania de Jordania est\u00e1 bajo una creciente presi\u00f3n para extraditar a la autoconfedada terrorista de Hamas Ahlam Aref Ahmad al-Tamimi, que dise\u00f1\u00f3 el bombardeo terrorista en una pizzer\u00eda de Jerusal\u00e9n en 2001 que asesin\u00f3 a tres estadounidenses entre 16 personas, la mitad de los cuales eran ni\u00f1os.<\/p>\n<p class=\"speakable\">Frimet y Arnold Roth, los padres de Malki Roth, un ciudadano estadounidense de 15 a\u00f1os asesinado en el bombardeo de Sbarro Pizzeria de 2001, celebraron una reuni\u00f3n virtual el 17 de julio de 2025 con Jeanine F. Pirro, Fiscal de los Estados Unidos para el Distrito de Columbia. <\/p>\n<p>El Departamento de Estado de los Estados Unidos tiene una recompensa de $ 5 millones por informaci\u00f3n que conduce a Al-Tamimi&#8217;s<strong> <\/strong>Captura, incluso cuando los informes afirman que el rey Abdullah II de Jordania ha jugado duro, neg\u00e1ndose a extraditar al asesino en masa acusado. <\/p>\n<p><strong>Israel confirma la muerte del rabino de Abu Dhabi desaparecido: \u00abLey Aborrent del Terrorismo Antisemita\u00bb<\/strong><\/p>\n<div class=\"image-ct inline\">\n<div class=\"m\"><picture><source media=\"(max-width: 767px)\" srcset=\"https:\/\/a57.foxnews.com\/static.foxnews.com\/foxnews.com\/content\/uploads\/2025\/07\/343\/192\/malki-roth-jerusalem.jpg?ve=1&amp;tl=1, https:\/\/a57.foxnews.com\/static.foxnews.com\/foxnews.com\/content\/uploads\/2025\/07\/686\/384\/malki-roth-jerusalem.jpg?ve=1&amp;tl=1 2x\" height=\"192\" width=\"343\"><source media=\"(min-width: 768px) and (max-width: 1023px)\" srcset=\"https:\/\/a57.foxnews.com\/static.foxnews.com\/foxnews.com\/content\/uploads\/2025\/07\/672\/378\/malki-roth-jerusalem.jpg?ve=1&amp;tl=1, https:\/\/a57.foxnews.com\/static.foxnews.com\/foxnews.com\/content\/uploads\/2025\/07\/1344\/756\/malki-roth-jerusalem.jpg?ve=1&amp;tl=1 2x\" height=\"378\" width=\"672\"><source media=\"(min-width: 1024px) and (max-width: 1279px)\" srcset=\"https:\/\/a57.foxnews.com\/static.foxnews.com\/foxnews.com\/content\/uploads\/2025\/07\/931\/523\/malki-roth-jerusalem.jpg?ve=1&amp;tl=1, https:\/\/a57.foxnews.com\/static.foxnews.com\/foxnews.com\/content\/uploads\/2025\/07\/1862\/1046\/malki-roth-jerusalem.jpg?ve=1&amp;tl=1 2x\" height=\"523\" width=\"931\"><source media=\"(min-width: 1280px)\" srcset=\"https:\/\/a57.foxnews.com\/static.foxnews.com\/foxnews.com\/content\/uploads\/2025\/07\/720\/405\/malki-roth-jerusalem.jpg?ve=1&amp;tl=1, https:\/\/a57.foxnews.com\/static.foxnews.com\/foxnews.com\/content\/uploads\/2025\/07\/1440\/810\/malki-roth-jerusalem.jpg?ve=1&amp;tl=1 2x\" height=\"405\" width=\"720\"><img loading=\"lazy\" decoding=\"async\" src=\"https:\/\/a57.foxnews.com\/static.foxnews.com\/foxnews.com\/content\/uploads\/2025\/07\/1200\/675\/malki-roth-jerusalem.jpg?ve=1&amp;tl=1\" alt=\"M\u00e1gico\" width=\"1200\" height=\"675\"\/><\/source><\/source><\/source><\/source><\/picture><\/div>\n<div class=\"info\">\n<div class=\"caption\">\n<p><span>Malki Roth, un ciudadano estadounidense de 15 a\u00f1os, fue asesinado en el bombardeo Sbarro Pizzeria 2001. Roth era un flautista talentoso con la Orquesta Juvenil de Jerusal\u00e9n.<\/span> <span>(Cortes\u00eda: la familia Roth)<\/span><\/p>\n<\/div>\n<\/div>\n<\/div>\n<p>\u00abTiene la capacidad de presionar por su extradici\u00f3n, para garantizar que el Tratado de 1995 sea honrado, para mostrar a Jordan y su poblaci\u00f3n junto con el mundo de la observaci\u00f3n de que el puerto de los terroristas tiene consecuencias\u00bb, dijo Arnold Roth a Pirro durante la reuni\u00f3n, seg\u00fan un comunicado de prensa familiar despu\u00e9s de la reuni\u00f3n. <\/p>\n<p>El 24 aniversario del bombardeo del 9 de agosto de 2001 es el pr\u00f3ximo mes.<\/p>\n<p>Roth agreg\u00f3: \u00abEstamos aqu\u00ed hoy para implorarle que act\u00fae. Jordan necesita saber que Estados Unidos no puede tolerar la protecci\u00f3n de un asesino de ciudadanos estadounidenses. La justicia de los Estados Unidos necesita ser respetada por el mundo y, sin marcar este punto demasiado, por los legisladores de Estados Unidos y los altos funcionarios\u00bb. <\/p>\n<p>Los Roth dijeron que la reuni\u00f3n se centr\u00f3 en la necesidad de \u00abpasos concretos\u00bb para avanzar en la extradici\u00f3n de Al-Tamimi.  <\/p>\n<p>Al-Tamimi&#8217;s<strong> <\/strong>Los bombardeos terroristas tambi\u00e9n mataron a Judith Shoshana Greenberg y Chana Nachenberg en el ataque de 2001. \u00abTodas las v\u00edctimas merecen justicia\u00bb, dijo Arnold Roth, enfatizando que la extradici\u00f3n de Tamimi deber\u00eda convertirse en una \u00abverdadera prioridad\u00bb para el Departamento de Justicia de los Estados Unidos. <\/p>\n<div class=\"image-ct inline\">\n<div class=\"m\"><picture><source media=\"(max-width: 767px)\" srcset=\"https:\/\/a57.foxnews.com\/static.foxnews.com\/foxnews.com\/content\/uploads\/2022\/07\/343\/192\/Ahlam-al-Tamimi-e1657541569541.jpg?ve=1&amp;tl=1, https:\/\/a57.foxnews.com\/static.foxnews.com\/foxnews.com\/content\/uploads\/2022\/07\/686\/384\/Ahlam-al-Tamimi-e1657541569541.jpg?ve=1&amp;tl=1 2x\" height=\"192\" width=\"343\"><source media=\"(min-width: 768px) and (max-width: 1023px)\" srcset=\"https:\/\/a57.foxnews.com\/static.foxnews.com\/foxnews.com\/content\/uploads\/2022\/07\/672\/378\/Ahlam-al-Tamimi-e1657541569541.jpg?ve=1&amp;tl=1, https:\/\/a57.foxnews.com\/static.foxnews.com\/foxnews.com\/content\/uploads\/2022\/07\/1344\/756\/Ahlam-al-Tamimi-e1657541569541.jpg?ve=1&amp;tl=1 2x\" height=\"378\" width=\"672\"><source media=\"(min-width: 1024px) and (max-width: 1279px)\" srcset=\"https:\/\/a57.foxnews.com\/static.foxnews.com\/foxnews.com\/content\/uploads\/2022\/07\/931\/523\/Ahlam-al-Tamimi-e1657541569541.jpg?ve=1&amp;tl=1, https:\/\/a57.foxnews.com\/static.foxnews.com\/foxnews.com\/content\/uploads\/2022\/07\/1862\/1046\/Ahlam-al-Tamimi-e1657541569541.jpg?ve=1&amp;tl=1 2x\" height=\"523\" width=\"931\"><source media=\"(min-width: 1280px)\" srcset=\"https:\/\/a57.foxnews.com\/static.foxnews.com\/foxnews.com\/content\/uploads\/2022\/07\/720\/405\/Ahlam-al-Tamimi-e1657541569541.jpg?ve=1&amp;tl=1, https:\/\/a57.foxnews.com\/static.foxnews.com\/foxnews.com\/content\/uploads\/2022\/07\/1440\/810\/Ahlam-al-Tamimi-e1657541569541.jpg?ve=1&amp;tl=1 2x\" height=\"405\" width=\"720\"><img loading=\"lazy\" decoding=\"async\" src=\"https:\/\/a57.foxnews.com\/static.foxnews.com\/foxnews.com\/content\/uploads\/2022\/07\/1200\/675\/Ahlam-al-Tamimi-e1657541569541.jpg?ve=1&amp;tl=1\" alt=\"FBI m\u00e1s buscado terrorista Ahlam al-Tamimi\" width=\"1200\" height=\"675\"\/><\/source><\/source><\/source><\/source><\/picture><\/div>\n<div class=\"info\">\n<div class=\"caption\">\n<p><span>En esta foto tomada el 21 de marzo de 2017, Ahlam al-Tamimi es fotografiado durante una entrevista en su casa en la capital jordana de Amman.<\/span> <span>(AP Photo\/Omar Akour)<\/span><\/p>\n<\/div>\n<\/div>\n<\/div>\n<p><strong>Encuesta de Fox News: los votantes piensan que Ir\u00e1n plantea una amenaza real para la seguridad de los Estados Unidos<\/strong><\/p>\n<p>Cuando se le pregunt\u00f3 si la extradici\u00f3n de Al-Tamimi fue planteada por el secretario de Estado de los Estados Unidos, Marco Rubio, en su reuni\u00f3n del mi\u00e9rcoles con el ministro de Relaciones Exteriores de Jordania Ayman Safadi, dijo un portavoz del Departamento de Estado de Fox News Digital, \u00abEstados Unidos ha enfatizado continuamente al gobierno de Jordania de Jordania la importancia de tener Ahlam al-Tamimi, el condenado por el condenado de 2011 en un Terray de la Terray de US. 2001 bombardeo en Jerusal\u00e9n que mat\u00f3 a 15 personas, incluidos los estadounidenses Malka Chana Roth, Judith Shoshana Greenbaum y Chana Nachenberg.<\/p>\n<p>El Departamento de Estado remiti\u00f3 a Fox News Digital al Departamento de Justicia para obtener m\u00e1s informaci\u00f3n sobre el caso penal de los Estados Unidos contra Al-Tamimi.<\/p>\n<p>El Departamento de Justicia y la oficina de Pirro no respondieron de inmediato a las consultas de Fox News Digital Press.<\/p>\n<p>Al-Tamimi est\u00e1 en la lista de terroristas m\u00e1s buscados del FBI. Ella es la segunda mujer en aparecer en la lista de terrorismo.<\/p>\n<div class=\"image-ct inline\">\n<div class=\"m\"><picture><source media=\"(max-width: 767px)\" srcset=\"https:\/\/a57.foxnews.com\/static.foxnews.com\/foxnews.com\/content\/uploads\/2025\/02\/343\/192\/trumppp.jpg?ve=1&amp;tl=1, https:\/\/a57.foxnews.com\/static.foxnews.com\/foxnews.com\/content\/uploads\/2025\/02\/686\/384\/trumppp.jpg?ve=1&amp;tl=1 2x\" height=\"192\" width=\"343\"><source media=\"(min-width: 768px) and (max-width: 1023px)\" srcset=\"https:\/\/a57.foxnews.com\/static.foxnews.com\/foxnews.com\/content\/uploads\/2025\/02\/672\/378\/trumppp.jpg?ve=1&amp;tl=1, https:\/\/a57.foxnews.com\/static.foxnews.com\/foxnews.com\/content\/uploads\/2025\/02\/1344\/756\/trumppp.jpg?ve=1&amp;tl=1 2x\" height=\"378\" width=\"672\"><source media=\"(min-width: 1024px) and (max-width: 1279px)\" srcset=\"https:\/\/a57.foxnews.com\/static.foxnews.com\/foxnews.com\/content\/uploads\/2025\/02\/931\/523\/trumppp.jpg?ve=1&amp;tl=1, https:\/\/a57.foxnews.com\/static.foxnews.com\/foxnews.com\/content\/uploads\/2025\/02\/1862\/1046\/trumppp.jpg?ve=1&amp;tl=1 2x\" height=\"523\" width=\"931\"><source media=\"(min-width: 1280px)\" srcset=\"https:\/\/a57.foxnews.com\/static.foxnews.com\/foxnews.com\/content\/uploads\/2025\/02\/720\/405\/trumppp.jpg?ve=1&amp;tl=1, https:\/\/a57.foxnews.com\/static.foxnews.com\/foxnews.com\/content\/uploads\/2025\/02\/1440\/810\/trumppp.jpg?ve=1&amp;tl=1 2x\" height=\"405\" width=\"720\"><img loading=\"lazy\" decoding=\"async\" src=\"https:\/\/a57.foxnews.com\/static.foxnews.com\/foxnews.com\/content\/uploads\/2025\/02\/1200\/675\/trumppp.jpg?ve=1&amp;tl=1\" alt=\"El presidente Trump se re\u00fane con el rey jordano Abdullah\" width=\"1200\" height=\"675\"\/><\/source><\/source><\/source><\/source><\/picture><\/div>\n<div class=\"info\">\n<div class=\"caption\">\n<p><span>El rey Abdullah II de Jordania, a la izquierda, y el presidente Donald Trump hablan durante una reuni\u00f3n en la Oficina Oval de la Casa Blanca en Washington, DC, el martes 11 de febrero de 2025.<\/span> <span>(Fot\u00f3grafo: Aaron Schwartz\/CNP\/Bloomberg a trav\u00e9s de Getty Images)<\/span><\/p>\n<\/div>\n<\/div>\n<\/div>\n<p>Frimet Roth nos dijo al fiscal Pirro que \u00abno podemos llevar esta pelea solo por m\u00e1s tiempo. Juez Pirro, por favor, sea la voz de Malki y las otras v\u00edctimas estadounidenses. Sea el defensor de la justicia que ha sido negado durante demasiado tiempo. Le pedimos que act\u00fae, no por nuestro bien, sino por la integridad de la ley estadounidense y la santidad de cada vida perdida por el terror\u00bb. <\/p>\n<p>Los Roth tambi\u00e9n entregaron una petici\u00f3n al embajador de los Estados Unidos al Israel Mike Huckabee en mayo de 2025, con unas 30,000 firmas instando a la administraci\u00f3n Trump a presionar a Jordania por la extradici\u00f3n de Al-Tamimi. <\/p>\n<div class=\"image-ct inline\">\n<div class=\"m\"><picture><source media=\"(max-width: 767px)\" srcset=\"https:\/\/a57.foxnews.com\/static.foxnews.com\/foxnews.com\/content\/uploads\/2023\/06\/343\/192\/GettyImages-1608152.jpg?ve=1&amp;tl=1, https:\/\/a57.foxnews.com\/static.foxnews.com\/foxnews.com\/content\/uploads\/2023\/06\/686\/384\/GettyImages-1608152.jpg?ve=1&amp;tl=1 2x\" height=\"192\" width=\"343\"><source media=\"(min-width: 768px) and (max-width: 1023px)\" srcset=\"https:\/\/a57.foxnews.com\/static.foxnews.com\/foxnews.com\/content\/uploads\/2023\/06\/672\/378\/GettyImages-1608152.jpg?ve=1&amp;tl=1, https:\/\/a57.foxnews.com\/static.foxnews.com\/foxnews.com\/content\/uploads\/2023\/06\/1344\/756\/GettyImages-1608152.jpg?ve=1&amp;tl=1 2x\" height=\"378\" width=\"672\"><source media=\"(min-width: 1024px) and (max-width: 1279px)\" srcset=\"https:\/\/a57.foxnews.com\/static.foxnews.com\/foxnews.com\/content\/uploads\/2023\/06\/931\/523\/GettyImages-1608152.jpg?ve=1&amp;tl=1, https:\/\/a57.foxnews.com\/static.foxnews.com\/foxnews.com\/content\/uploads\/2023\/06\/1862\/1046\/GettyImages-1608152.jpg?ve=1&amp;tl=1 2x\" height=\"523\" width=\"931\"><source media=\"(min-width: 1280px)\" srcset=\"https:\/\/a57.foxnews.com\/static.foxnews.com\/foxnews.com\/content\/uploads\/2023\/06\/720\/405\/GettyImages-1608152.jpg?ve=1&amp;tl=1, https:\/\/a57.foxnews.com\/static.foxnews.com\/foxnews.com\/content\/uploads\/2023\/06\/1440\/810\/GettyImages-1608152.jpg?ve=1&amp;tl=1 2x\" height=\"405\" width=\"720\"><img loading=\"lazy\" decoding=\"async\" src=\"https:\/\/a57.foxnews.com\/static.foxnews.com\/foxnews.com\/content\/uploads\/2023\/06\/1200\/675\/GettyImages-1608152.jpg?ve=1&amp;tl=1\" alt=\"Ataque terrorista de Jerusal\u00e9n en Sbarro\" width=\"1200\" height=\"675\"\/><\/source><\/source><\/source><\/source><\/picture><\/div>\n<div class=\"info\">\n<div class=\"caption\">\n<p><span>Los soldados israel\u00edes verifican los explosivos en el sitio de un ataque terrorista palestino que mat\u00f3 al menos a 16 personas, incluidos seis ni\u00f1os, el 9 de agosto de 2001 en Jerusal\u00e9n. M\u00e1s de 100 personas resultaron heridas en la explosi\u00f3n en una pizzer\u00eda Sbarro.<\/span> <span>(Foto de Courtney Kealy\/Getty Images)<\/span><\/p>\n<\/div>\n<\/div>\n<\/div>\n<p><strong>La reuni\u00f3n del rey Abdullah de Jordan con Biden resalta el dilema del aliado en la guerra de Israel-Hamas<\/strong><\/p>\n<p>Arnold Roth le dijo a Fox News Digital que \u00abninguna cifra senior del estado, en todos los a\u00f1os de nuestra lucha por la justicia, acord\u00f3 hablar con nosotros. Su tratamiento con nosotros y del caso de Tamimi es deuplorable. Victoria Nuland, entonces una de las cifras m\u00e1s importantes en el Departamento de Estado. Prioridad m\u00e1s importante para los Estados Unidos y que nos mantendr\u00edan informados. [they] ignor\u00f3 cada carta de seguimiento que le envi\u00e9, y por supuesto, dijo Biden y Blinken \u00ab.<\/p>\n<p>El gobierno de Jordania es un gran receptor de financiamiento militar extranjero (FMF) de los Estados Unidos.<\/p>\n<p>Seg\u00fan una hoja informativa del Departamento de Estado de EE. UU. Enero de 2025, \u00abdesde 2015, el Departamento de Estado ha proporcionado a Jordan $ 2.155 mil millones en FMF, lo que hace que Jordan sea el tercer mayor receptor global de fondos de FMF durante ese per\u00edodo de tiempo. Adem\u00e1s, el Departamento de Defensa (DOD) ha proporcionado $ 327 millones a las Fuerzas Armadas de Jordania (JAF) bajo su autoridad 333 a los 333 a\u00f1os, lo que hace que Jordanientes de Jordanes de Jordania de Jordania sea de la Autoridad de 333 a\u00f1os, lo que hace que el Proftoro de Jord de Jordanes de Jordanes sea de 2018. financiaci\u00f3n \u00ab.<\/p>\n<p>Seg\u00fan los informes, Al-Tamimi se jact\u00f3 de su operaci\u00f3n terrorista en los medios de comunicaci\u00f3n \u00e1rabes y pidi\u00f3 m\u00e1s terrorismo contra Israel. \u00abPor supuesto. No me arrepiento de lo que sucedi\u00f3. Absolutamente no. Este es el camino. Me dediqu\u00e9 a la yihad por el bien de Allah, y Allah me concedi\u00f3 \u00e9xito. Sabes cu\u00e1ntas v\u00edctimas hubo [in the 2001 attack on the Sbarro pizzeria]. Allah lo hizo posible. \u00bfQuieres que denuncie lo que hice? Eso est\u00e1 fuera de discusi\u00f3n. Lo har\u00eda nuevamente hoy, y de la misma manera \u00ab, dijo en 2011, seg\u00fan una traducci\u00f3n de MEMRI.<\/p>\n<p><strong>Haga clic aqu\u00ed para obtener la aplicaci\u00f3n Fox News<\/strong><\/p>\n<p>En 2017, el Departamento de Justicia de los Estados Unidos anunci\u00f3 p\u00fablicamente que le hab\u00eda acusado del bombardeo suicida de Jerusal\u00e9n. <\/p>\n<p>Fox News Digital envi\u00f3 m\u00faltiples consultas de prensa al gobierno de Jordania y sus embajadas en Washington, DC y Tel Aviv.<\/p>\n<p> <!----> <\/p>\n<div class=\"article-meta\">\n<div class=\"author-bio\">\n<p>Benjamin Weinthal informa sobre Israel, Ir\u00e1n, Siria, Turqu\u00eda y Europa. Puede seguir a Benjamin en Twitter @benweinthal y enviarle un correo electr\u00f3nico a benjamin.weinthal@fox.com<\/p>\n<\/div>\n<\/div>\n<\/div>\n\n","protected":false},"excerpt":{"rendered":"<p>Mahmoud Khalil etiquetado &#8216;Hamas Simple&#8217; en el art\u00edculo de opini\u00f3n mordaz El colaborador de Fox News, Joe Concha, discute las agudas cr\u00edticas del New York Post a Mahmoud Khalil despu\u00e9s de que se neg\u00f3 a condenar expl\u00edcitamente a Hamas y la indignaci\u00f3n liberal por la cancelaci\u00f3n de &#8216;Late Show&#8217; de Stephen Colbert. NUEVO\u00a1Ahora puedes escuchar &hellip;<\/p>\n","protected":false},"author":1,"featured_media":37458,"comment_status":"open","ping_status":"open","sticky":false,"template":"","format":"standard","meta":{"fifu_image_url":"https:\/\/static.foxnews.com\/foxnews.com\/content\/uploads\/2020\/01\/Sbarro-massacre.jpg","fifu_image_alt":"","footnotes":""},"categories":[13],"tags":[],"class_list":["post-37456","post","type-post","status-publish","format-standard","has-post-thumbnail","","category-mundo"],"_links":{"self":[{"href":"https:\/\/noticiasveraces.com\/index.php?rest_route=\/wp\/v2\/posts\/37456","targetHints":{"allow":["GET"]}}],"collection":[{"href":"https:\/\/noticiasveraces.com\/index.php?rest_route=\/wp\/v2\/posts"}],"about":[{"href":"https:\/\/noticiasveraces.com\/index.php?rest_route=\/wp\/v2\/types\/post"}],"author":[{"embeddable":true,"href":"https:\/\/noticiasveraces.com\/index.php?rest_route=\/wp\/v2\/users\/1"}],"replies":[{"embeddable":true,"href":"https:\/\/noticiasveraces.com\/index.php?rest_route=%2Fwp%2Fv2%2Fcomments&post=37456"}],"version-history":[{"count":0,"href":"https:\/\/noticiasveraces.com\/index.php?rest_route=\/wp\/v2\/posts\/37456\/revisions"}],"wp:featuredmedia":[{"embeddable":true,"href":"https:\/\/noticiasveraces.com\/index.php?rest_route=\/wp\/v2\/media\/37458"}],"wp:attachment":[{"href":"https:\/\/noticiasveraces.com\/index.php?rest_route=%2Fwp%2Fv2%2Fmedia&parent=37456"}],"wp:term":[{"taxonomy":"category","embeddable":true,"href":"https:\/\/noticiasveraces.com\/index.php?rest_route=%2Fwp%2Fv2%2Fcategories&post=37456"},{"taxonomy":"post_tag","embeddable":true,"href":"https:\/\/noticiasveraces.com\/index.php?rest_route=%2Fwp%2Fv2%2Ftags&post=37456"}],"curies":[{"name":"wp","href":"https:\/\/api.w.org\/{rel}","templated":true}]}}