{"id":37451,"date":"2025-07-25T06:28:59","date_gmt":"2025-07-25T10:28:59","guid":{"rendered":"https:\/\/noticiasveraces.com\/?p=37451"},"modified":"2025-07-25T06:28:59","modified_gmt":"2025-07-25T10:28:59","slug":"bloquean-proceso-de-destitucion-de-sara-duterte-dw-25-07-2025","status":"publish","type":"post","link":"https:\/\/noticiasveraces.com\/?p=37451","title":{"rendered":"bloquean proceso de destituci\u00f3n de Sara Duterte \u2013 DW \u2013 25\/07\/2025"},"content":{"rendered":"<p> \n<\/p>\n<div>\n<p>El Tribunal Supremo de Filipinas\u00a0declar\u00f3 este viernes (25.07.2025)\u00a0 nulo el proceso de destituci\u00f3n contra la vicepresidenta, Sara Duterte, al determinar que las acciones de la c\u00e1mara baja del Congreso fueron inconstitucionales, en una victoria legal significativa para la rival del presidente filipino, Ferdinand Marcos Jr.<\/p>\n<p>\u00abEl Tribunal Supremo ha dictaminado que el proceso de destituci\u00f3n presentado por la C\u00e1mara (de Representantes) contra la vicepresidenta, Sara Duterte, es nulo\u00bb, afirm\u00f3 la portavoz del m\u00e1ximo organismo judicial del archipi\u00e9lago, Camille Ting.<\/p>\n<p>El Supremo consider\u00f3, dando la raz\u00f3n a Duterte, que la c\u00e1mara baja viol\u00f3 la norma constitucional que impide presentar m\u00e1s de un proceso de destituci\u00f3n contra un oficial en el plazo de un a\u00f1o.<\/p>\n<figure class=\"placeholder-image master_landscape big\"><img data-format=\"MASTER_LANDSCAPE\" data-id=\"71509448\" data-url=\"https:\/\/static.dw.com\/image\/71509448_${formatId}.jpg\" data-aspect-ratio=\"16\/9\" alt=\"Protestas contra Sara Duterte en Filipinas. Una persona sostiene un cartel que dice: &quot;\u00a1Juicio pol\u00edtico a Sara ahora!&quot;\" style=\"padding-bottom: 56.25%; height: 0; max-height: 0;\"\/><figcaption class=\"img-caption\">Organizaciones civiles, as\u00ed como grupos opositores y religiosos de Filipinas piden la destituci\u00f3n de la vicepresidenta, Sara Duterte, por corrupci\u00f3n.<small class=\"copyright\">Imagen: Kenosis Yap\/Zuma Press\/Picture Alliance<\/small><\/figcaption><\/figure>\n<h2>Acusaciones de corrupci\u00f3n contra la vicepresidenta Sara Duterte<\/h2>\n<p>Grupos de la sociedad civil, opositores y religiosos presentaron tres procesos de destituci\u00f3n separados en diciembre del a\u00f1o pasado, acusando a la vicepresidenta de corrupci\u00f3n y uso indebido de fondos reservados. Sin embargo, la C\u00e1mara de Representantes finalmente aprob\u00f3 el 5 de febrero un cuarto texto presentado por congresistas.<\/p>\n<p><span data-slot-id=\"Article_InContent-1\" class=\"rich-text-ad\"\/><\/p>\n<p>\u00abLa C\u00e1mara no actu\u00f3 en las tres primeras quejas, que fueron archivadas\u00bb, subray\u00f3 Ting, por lo que viol\u00f3 la constituci\u00f3n. <\/p>\n<p>\u00abEl Tribunal ha dicho que no absuelve a la vicepresidenta Duterte de ninguno de los cargos que se le imputan, pero que cualquier denuncia de destituci\u00f3n posterior solo podr\u00e1 presentarse a partir del 6 de febrero de 2026\u00bb, afirm\u00f3.<\/p>\n<p>Duterte fue acusada de corrupci\u00f3n y de amasar una riqueza inexplicable en funci\u00f3n de su salario, adem\u00e1s de utilizar de forma indebida 612 millones de pesos (casi 11 millones de d\u00f3lares) procedentes de fondos reservados tanto de la oficina de la vicepresidenta como del Departamento de Educaci\u00f3n, del que era titular hasta que dimiti\u00f3 hace un a\u00f1o.<\/p>\n<figure class=\"placeholder-image master_landscape big\"><img data-format=\"MASTER_LANDSCAPE\" data-id=\"70881718\" data-url=\"https:\/\/static.dw.com\/image\/70881718_${formatId}.jpg\" data-aspect-ratio=\"16\/9\" alt=\"El presidnte de Filipinas, Ferdinand Marcos Jr. (dcha.) y la vicepresidenta, Sara Duterte.\" style=\"padding-bottom: 56.25%; height: 0; max-height: 0;\"\/><figcaption class=\"img-caption\">La vicepresidenta de Filipinas, Sara Duterte (izqda.), es acusada de fraude y corrupci\u00f3n. Aqu\u00ed, con el presidente de ese pa\u00eds, Ferdinand Marcos Jr.<small class=\"copyright\">Imagen: Kyodo\/Picture Alliance<\/small><\/figcaption><\/figure>\n<p>La hija del expresidente Rodrigo Duterte, encarcelado en La Haya a la espera de ser juzgado por la Corte Penal Internacional (CPI) por cr\u00edmenes contra la humanidad, fue adem\u00e1s acusada de haber dado \u00f3rdenes de matar a Marcos Jr. si ella misma era asesinada.<\/p>\n<p>La vicepresidenta, cuyo cargo es elegido directamente en las urnas, se jugaba su futuro pol\u00edtico en la decisi\u00f3n del tribunal, ya que de ser declarada culpable durante un juicio pol\u00edtico ante el Senado, se ver\u00eda inhabilitada en la funci\u00f3n p\u00fablica de por vida y tampoco podr\u00eda presentarse como candidata a las elecciones presidenciales de 2028.<\/p>\n<p>El proceso de destituci\u00f3n y la disputa abierta entre la vicepresidenta y el presidente, Ferdinand Marcos Jr., ha dominado desde hace meses la pol\u00edtica filipina, mientras el mandatario insiste en que se encuentra al margen del proceso a pesar de que fue lanzado por sus aliados. <\/p>\n<p>CP (EFE, AFPE)<\/p>\n<\/div>\n\n","protected":false},"excerpt":{"rendered":"<p>El Tribunal Supremo de Filipinas\u00a0declar\u00f3 este viernes (25.07.2025)\u00a0 nulo el proceso de destituci\u00f3n contra la vicepresidenta, Sara Duterte, al determinar que las acciones de la c\u00e1mara baja del Congreso fueron inconstitucionales, en una victoria legal significativa para la rival del presidente filipino, Ferdinand Marcos Jr. \u00abEl Tribunal Supremo ha dictaminado que el proceso de destituci\u00f3n &hellip;<\/p>\n","protected":false},"author":1,"featured_media":37452,"comment_status":"open","ping_status":"open","sticky":false,"template":"","format":"standard","meta":{"fifu_image_url":"https:\/\/static.dw.com\/image\/71534920_6.jpg","fifu_image_alt":"","footnotes":""},"categories":[13],"tags":[],"class_list":["post-37451","post","type-post","status-publish","format-standard","has-post-thumbnail","","category-mundo"],"_links":{"self":[{"href":"https:\/\/noticiasveraces.com\/index.php?rest_route=\/wp\/v2\/posts\/37451","targetHints":{"allow":["GET"]}}],"collection":[{"href":"https:\/\/noticiasveraces.com\/index.php?rest_route=\/wp\/v2\/posts"}],"about":[{"href":"https:\/\/noticiasveraces.com\/index.php?rest_route=\/wp\/v2\/types\/post"}],"author":[{"embeddable":true,"href":"https:\/\/noticiasveraces.com\/index.php?rest_route=\/wp\/v2\/users\/1"}],"replies":[{"embeddable":true,"href":"https:\/\/noticiasveraces.com\/index.php?rest_route=%2Fwp%2Fv2%2Fcomments&post=37451"}],"version-history":[{"count":0,"href":"https:\/\/noticiasveraces.com\/index.php?rest_route=\/wp\/v2\/posts\/37451\/revisions"}],"wp:featuredmedia":[{"embeddable":true,"href":"https:\/\/noticiasveraces.com\/index.php?rest_route=\/wp\/v2\/media\/37452"}],"wp:attachment":[{"href":"https:\/\/noticiasveraces.com\/index.php?rest_route=%2Fwp%2Fv2%2Fmedia&parent=37451"}],"wp:term":[{"taxonomy":"category","embeddable":true,"href":"https:\/\/noticiasveraces.com\/index.php?rest_route=%2Fwp%2Fv2%2Fcategories&post=37451"},{"taxonomy":"post_tag","embeddable":true,"href":"https:\/\/noticiasveraces.com\/index.php?rest_route=%2Fwp%2Fv2%2Ftags&post=37451"}],"curies":[{"name":"wp","href":"https:\/\/api.w.org\/{rel}","templated":true}]}}