{"id":37411,"date":"2025-07-25T00:07:36","date_gmt":"2025-07-25T04:07:36","guid":{"rendered":"https:\/\/noticiasveraces.com\/?p=37411"},"modified":"2025-07-25T00:07:36","modified_gmt":"2025-07-25T04:07:36","slug":"migrante-enviado-al-cecot-demanda-al-gobierno-de-trump-dw-25-07-2025","status":"publish","type":"post","link":"https:\/\/noticiasveraces.com\/?p=37411","title":{"rendered":"Migrante enviado al CECOT demanda al gobierno de Trump \u2013 DW \u2013 25\/07\/2025"},"content":{"rendered":"<p> \n<\/p>\n<div>\n<p>Un migrante venezolano deportado a una megaprisi\u00f3n de El Salvador present\u00f3 este jueves (24.07.2025) una reclamaci\u00f3n administrativa, primer paso para una demanda contra el gobierno de Donald Trump, en la que exige USD 1,3 millones por da\u00f1os, seg\u00fan la denuncia.<\/p>\n<p>Neiyerver Adri\u00e1n Le\u00f3n Rengel, de 27 a\u00f1os, fue uno de los 252 migrantes venezolanos enviados en marzo al Centro de Confinamiento del Terrorismo (CECOT) de El Salvador despu\u00e9s de que Trump invocara una Ley de enemigos extranjeros del siglo XVIII contra miembros de la pandilla Tren de Aragua.<\/p>\n<p>Agentes del Servicio de Inmigraci\u00f3n y Control de Aduanas (ICE) detuvieron a Rengel el 13 de marzo, el d\u00eda de su cumplea\u00f1os, en el estacionamiento de su apartamento en Irving, Texas (sur), se lee en la reclamaci\u00f3n dirigida al Departamento de Seguridad Interior (DHS).<\/p>\n<h2>Sospechoso por\u00a0tatuajes<\/h2>\n<p>Rengel, que trabajaba como barbero, present\u00f3 la documentaci\u00f3n que demostraba que ten\u00eda estatus de residencia temporal y su cita migratoria programada para 2028, a\u00f1ade, pero los agentes estimaron que sus tatuajes eran una prueba de afiliaci\u00f3n al Tren de Aragua.<\/p>\n<p>\u00abNo tienen ninguna conexi\u00f3n (&#8230;) Rengel no es miembro de esa pandilla\u00bb, se lee en la demanda administrativa presentada en su nombre por Democracy Defenders Fund (DDF) y la Liga de Ciudadanos Latinoamericanos Unidos (LULAC).<\/p>\n<p>La demanda es la primera que presenta uno de los venezolanos que fueron expulsados a El Salvador.<\/p>\n<h2>Abuso f\u00edsico, verbal y psicol\u00f3gico<\/h2>\n<p>\u00abFuncionarios federales le mintieron, dici\u00e9ndole que lo enviar\u00edan a su pa\u00eds\u00bb cuando en realidad \u00abdurante m\u00e1s de cuatro meses, Rengel languideci\u00f3 en El Salvador\u00bb, donde \u00absufri\u00f3 abuso f\u00edsico, verbal y psicol\u00f3gico\u00bb, a\u00f1ade.<\/p>\n<p>Seg\u00fan la denuncia, \u00ablos guardias lo golpeaban en el pecho y el est\u00f3mago con pu\u00f1os y porras\u00bb. \u00abEn una ocasi\u00f3n, lo llevaron a una zona de la prisi\u00f3n sin c\u00e1maras\u00bb y \u00abfue brutalmente golpeado\u00bb.<\/p>\n<p>Estuvo recluido con casi una veintena de venezolanos \u00aben una celda de apenas 3&#215;3 metros\u00bb donde sol\u00edan permanecer noche y d\u00eda y durante m\u00e1s de un mes su familia desconoci\u00f3 su paradero, se\u00f1ala el texto.<\/p>\n<p>El venezolano, que reclama 1,3 millones por \u00ablesiones\u00bb, fue liberado la semana pasada como parte de un canje de prisioneros entre Caracas y Washington. Se encuentra en Venezuela.<\/p>\n<p>Seg\u00fan The New York Times, de los m\u00e1s de 250 hombres enviados a El Salvador, solo 32 han sido acusados o condenados por delitos graves, pero la mayor\u00eda no han sido imputados.<\/p>\n<p><span data-slot-id=\"Article_InContent-1\" class=\"rich-text-ad\"\/><\/p>\n<h2>DDF : caso de Rengel deber\u00eda activar alarmas<\/h2>\n<p>\u00abNo tienes que ser un erudito constitucional para que el caso Rengel active alarmas\u00bb, afirma Norm Eisen, presidente de Democracy Defenders Fund, en un comunicado.<\/p>\n<p>\u00abSi eres un estadounidense que cree en la justicia, este caso deber\u00eda ser impactante. Detener y hacer desaparecer a alguien sin causa ni acceso a recursos legales es ilegal y abominable\u00bb, a\u00f1ade.<\/p>\n<p>Desde LULAC, el director ejecutivo Juan Proa\u00f1o, asegura que la historia de Rengel es un \u00abllamado de atenci\u00f3n para todos los estadounidenses que creen en la promesa de la Constituci\u00f3n y el estado de derecho.<\/p>\n<p>\u00abEl caso del se\u00f1or Rengel es una parodia de la justicia que merece la atenci\u00f3n nacional\u00bb, indic\u00f3 Proa\u00f1o en un comunicado.<\/p>\n<p>Los migrantes pasaron meses incomunicados, en lo que organizaciones defensoras de los derechos humanos calificaron como \u00abdesapariciones forzadas\u00bb.<\/p>\n<p>El Gobierno de Donald Trump los acus\u00f3 de pertenecer a la pandilla Tren de Aragua y lleg\u00f3 a un acuerdo con El Salvador para pagar alrededor de seis millones de d\u00f3lares al a\u00f1o por su detenci\u00f3n.<\/p>\n<p>JC (AFP, Efe, Reuters, AP)<\/p>\n<\/p>\n<\/div>\n\n","protected":false},"excerpt":{"rendered":"<p>Un migrante venezolano deportado a una megaprisi\u00f3n de El Salvador present\u00f3 este jueves (24.07.2025) una reclamaci\u00f3n administrativa, primer paso para una demanda contra el gobierno de Donald Trump, en la que exige USD 1,3 millones por da\u00f1os, seg\u00fan la denuncia. Neiyerver Adri\u00e1n Le\u00f3n Rengel, de 27 a\u00f1os, fue uno de los 252 migrantes venezolanos enviados &hellip;<\/p>\n","protected":false},"author":1,"featured_media":37412,"comment_status":"open","ping_status":"open","sticky":false,"template":"","format":"standard","meta":{"fifu_image_url":"https:\/\/static.dw.com\/image\/73295691_6.jpg","fifu_image_alt":"","footnotes":""},"categories":[13],"tags":[],"class_list":["post-37411","post","type-post","status-publish","format-standard","has-post-thumbnail","","category-mundo"],"_links":{"self":[{"href":"https:\/\/noticiasveraces.com\/index.php?rest_route=\/wp\/v2\/posts\/37411","targetHints":{"allow":["GET"]}}],"collection":[{"href":"https:\/\/noticiasveraces.com\/index.php?rest_route=\/wp\/v2\/posts"}],"about":[{"href":"https:\/\/noticiasveraces.com\/index.php?rest_route=\/wp\/v2\/types\/post"}],"author":[{"embeddable":true,"href":"https:\/\/noticiasveraces.com\/index.php?rest_route=\/wp\/v2\/users\/1"}],"replies":[{"embeddable":true,"href":"https:\/\/noticiasveraces.com\/index.php?rest_route=%2Fwp%2Fv2%2Fcomments&post=37411"}],"version-history":[{"count":0,"href":"https:\/\/noticiasveraces.com\/index.php?rest_route=\/wp\/v2\/posts\/37411\/revisions"}],"wp:featuredmedia":[{"embeddable":true,"href":"https:\/\/noticiasveraces.com\/index.php?rest_route=\/wp\/v2\/media\/37412"}],"wp:attachment":[{"href":"https:\/\/noticiasveraces.com\/index.php?rest_route=%2Fwp%2Fv2%2Fmedia&parent=37411"}],"wp:term":[{"taxonomy":"category","embeddable":true,"href":"https:\/\/noticiasveraces.com\/index.php?rest_route=%2Fwp%2Fv2%2Fcategories&post=37411"},{"taxonomy":"post_tag","embeddable":true,"href":"https:\/\/noticiasveraces.com\/index.php?rest_route=%2Fwp%2Fv2%2Ftags&post=37411"}],"curies":[{"name":"wp","href":"https:\/\/api.w.org\/{rel}","templated":true}]}}