{"id":37406,"date":"2025-07-24T23:06:18","date_gmt":"2025-07-25T03:06:18","guid":{"rendered":"https:\/\/noticiasveraces.com\/?p=37406"},"modified":"2025-07-24T23:06:18","modified_gmt":"2025-07-25T03:06:18","slug":"rubio-cuestiona-decision-de-francia-sobre-estado-palestino-dw-25-07-2025","status":"publish","type":"post","link":"https:\/\/noticiasveraces.com\/?p=37406","title":{"rendered":"Rubio cuestiona decisi\u00f3n de Francia sobre Estado palestino \u2013 DW \u2013 25\/07\/2025"},"content":{"rendered":"<p> \n<\/p>\n<div>\n<p>El jefe de la diplomacia estadounidense, Marco Rubio, calific\u00f3 este jueves (24.07.2025) de \u00abimprudente\u00bb la decisi\u00f3n del presidente franc\u00e9s, Emmanuel Macron, de reconocer el Estado de Palestina durante la Asamblea General de la ONU que se celebrar\u00e1 en septiembre en Nueva York.<\/p>\n<p>\u00abEstados Unidos rechaza en\u00e9rgicamente el plan de Emmanuel Macron de reconocer un Estado palestino en la asamblea general de la ONU. Esta decisi\u00f3n imprudente solo sirve a la propaganda de Ham\u00e1s y retrasa la paz. Es una cachetada a las v\u00edctimas del 7 de octubre\u00bb, dijo Rubio en su cuenta de X, aludiendo al ataque de Ham\u00e1s en suelo israel\u00ed que desencaden\u00f3 la guerra en Gaza en 2023.  <\/p>\n<p>Cuando aumenta la presi\u00f3n sobre Israel, el presidente de Francia, Emmanuel Macron, afirm\u00f3 en redes sociales que su pa\u00eds reconocer\u00e1 al Estado palestino en septiembre durante la Asamblea General de la ONU en Nueva York.<\/p>\n<p>El primer ministro israel\u00ed, Benjamin Netanyahu, afirm\u00f3 que esta iniciativa \u00abrecompensa al terror\u00bb y puede establecer \u00abuna rampa de lanzamiento para aniquilar a Israel\u00bb.<\/p>\n<p>Sin embargo, Macron argument\u00f3 que la decisi\u00f3n busca \u00abaportar una contribuci\u00f3n clave a la paz en Oriente Medio\u00bb y se\u00f1al\u00f3 que \u00abla prioridad urgente a d\u00eda de hoy es terminar la guerra en Gaza y socorrer a la poblaci\u00f3n civil\u00bb.<\/p>\n<p>Las negociaciones indirectas entre ambos bandos iniciadas hace m\u00e1s de dos semanas en Qatar para acordar una tregua y la liberaci\u00f3n de algunos rehenes israel\u00edes est\u00e1n estancadas.<\/p>\n<p>La oficina de Netanyahu inform\u00f3 que, tras recibir la respuesta de Ham\u00e1s a la \u00faltima propuesta de tregua, decidi\u00f3 el retorno del equipo negociador para continuar las consultas en Israel.<\/p>\n<p>Seg\u00fan el primer ministro, se est\u00e1 \u00abtrabajando para alcanzar otro acuerdo para la liberaci\u00f3n de nuestros rehenes\u00bb.<\/p>\n<p>\u00abPero si Ham\u00e1s interpreta nuestra voluntad de alcanzar un acuerdo como una debilidad, como una oportunidad para dictar condiciones de rendici\u00f3n que puedan poner en peligro al Estado de Israel, est\u00e1n muy equivocados\u00bb, afirm\u00f3.<\/p>\n<p>El director general de la Organizaci\u00f3n Mundial de la Salud (OMS), Tedros Adhanom Ghebreyesus, afirm\u00f3 el mi\u00e9rcoles que \u00abgran parte\u00bb de la poblaci\u00f3n de Gaza sufre hambre.<\/p>\n<p>El martes, un hospital de Gaza afirm\u00f3 que 21 ni\u00f1os murieron de hambre y desnutrici\u00f3n en las 72 horas previas. <\/p>\n<p><span data-slot-id=\"Article_InContent-1\" class=\"rich-text-ad\"\/><\/p>\n<h2>Hambruna en Gaza<\/h2>\n<p>Un centenar de ONG denunciaron el mi\u00e9rcoles que el \u00abgobierno israel\u00ed mata de hambre a la poblaci\u00f3n de Gaza\u00bb y que los trabajadores humanitarios de estas organizaciones deben acudir a los puntos de distribuci\u00f3n de ayuda.<\/p>\n<p>El portavoz del gobierno israel\u00ed, David Mencer, afirm\u00f3 que \u00abno hay una hambruna causada por Israel. Se trata de una escasez provocada por Ham\u00e1s\u00bb, que gobierna en Gaza y que seg\u00fan \u00e9l impide el reparto de la ayuda y saquea una parte de la misma.<\/p>\n<p>Ham\u00e1s, considerado una organizaci\u00f3n terrorista por la Uni\u00f3n Europea y varios pa\u00edses, ha negado siempre estas acusaciones.<\/p>\n<p>Israel inform\u00f3 el jueves que alrededor de 70 camiones con ayuda hab\u00edan sido descargados la v\u00edspera en los puntos de entrada y \u00abm\u00e1s de 150 ya hab\u00edan sido recuperados por la ONU y organizaciones internacionales en Gaza\u00bb.<\/p>\n<p>Las agencias humanitarias afirman, por su parte, que las autorizaciones otorgadas por Israel son limitadas y la coordinaci\u00f3n para enviar los camiones constituye un desaf\u00edo importante en una zona de guerra.<\/p>\n<p>El ataque de Ham\u00e1s el 7 de octubre de 2023 en Israel caus\u00f3 la muerte de 1.219 personas, en su mayor\u00eda civiles, seg\u00fan un recuento de AFP basado en datos oficiales.<\/p>\n<p>La campa\u00f1a militar israel\u00ed en el enclave palestino mat\u00f3 a 59.587 palestinos, mayoritariamente civiles, seg\u00fan datos del Ministerio de Salud de Gaza, considerados fiables por la ONU.<\/p>\n<p>sLos milicianos capturaron adem\u00e1s aquel d\u00eda a 251 personas en territorio israel\u00ed, de las que 49 siguen cautivas en Gaza. De estas, 27 estar\u00edan fallecidas, seg\u00fan el ej\u00e9rcito.<\/p>\n<p>Mg (AFP, DPA)<\/p>\n<\/p>\n<\/p>\n<\/div>\n\n","protected":false},"excerpt":{"rendered":"<p>El jefe de la diplomacia estadounidense, Marco Rubio, calific\u00f3 este jueves (24.07.2025) de \u00abimprudente\u00bb la decisi\u00f3n del presidente franc\u00e9s, Emmanuel Macron, de reconocer el Estado de Palestina durante la Asamblea General de la ONU que se celebrar\u00e1 en septiembre en Nueva York. \u00abEstados Unidos rechaza en\u00e9rgicamente el plan de Emmanuel Macron de reconocer un Estado &hellip;<\/p>\n","protected":false},"author":1,"featured_media":37407,"comment_status":"open","ping_status":"open","sticky":false,"template":"","format":"standard","meta":{"fifu_image_url":"https:\/\/static.dw.com\/image\/73334168_6.jpg","fifu_image_alt":"","footnotes":""},"categories":[13],"tags":[],"class_list":["post-37406","post","type-post","status-publish","format-standard","has-post-thumbnail","","category-mundo"],"_links":{"self":[{"href":"https:\/\/noticiasveraces.com\/index.php?rest_route=\/wp\/v2\/posts\/37406","targetHints":{"allow":["GET"]}}],"collection":[{"href":"https:\/\/noticiasveraces.com\/index.php?rest_route=\/wp\/v2\/posts"}],"about":[{"href":"https:\/\/noticiasveraces.com\/index.php?rest_route=\/wp\/v2\/types\/post"}],"author":[{"embeddable":true,"href":"https:\/\/noticiasveraces.com\/index.php?rest_route=\/wp\/v2\/users\/1"}],"replies":[{"embeddable":true,"href":"https:\/\/noticiasveraces.com\/index.php?rest_route=%2Fwp%2Fv2%2Fcomments&post=37406"}],"version-history":[{"count":0,"href":"https:\/\/noticiasveraces.com\/index.php?rest_route=\/wp\/v2\/posts\/37406\/revisions"}],"wp:featuredmedia":[{"embeddable":true,"href":"https:\/\/noticiasveraces.com\/index.php?rest_route=\/wp\/v2\/media\/37407"}],"wp:attachment":[{"href":"https:\/\/noticiasveraces.com\/index.php?rest_route=%2Fwp%2Fv2%2Fmedia&parent=37406"}],"wp:term":[{"taxonomy":"category","embeddable":true,"href":"https:\/\/noticiasveraces.com\/index.php?rest_route=%2Fwp%2Fv2%2Fcategories&post=37406"},{"taxonomy":"post_tag","embeddable":true,"href":"https:\/\/noticiasveraces.com\/index.php?rest_route=%2Fwp%2Fv2%2Ftags&post=37406"}],"curies":[{"name":"wp","href":"https:\/\/api.w.org\/{rel}","templated":true}]}}