{"id":37364,"date":"2025-07-24T17:01:00","date_gmt":"2025-07-24T21:01:00","guid":{"rendered":"https:\/\/noticiasveraces.com\/?p=37364"},"modified":"2025-07-24T17:01:00","modified_gmt":"2025-07-24T21:01:00","slug":"macron-promete-el-reconocimiento-frances-de-estado-de-palestina-en-la-onu-en-septiembre","status":"publish","type":"post","link":"https:\/\/noticiasveraces.com\/?p=37364","title":{"rendered":"Macron promete el reconocimiento franc\u00e9s de &#8216;Estado de Palestina&#8217; en la ONU en septiembre"},"content":{"rendered":"<p> \n<\/p>\n<div>\n<div id=\"beyondwords-wrapper\" class=\"beyondwords-wrapper\">\n<p><span class=\"label-bg\">NUEVO<\/span>\u00a1Ahora puedes escuchar art\u00edculos de Fox News!\n  <\/p>\n<\/div>\n<p class=\"speakable\">El presidente franc\u00e9s, Emmanuel Macron, acudi\u00f3 a X el jueves para anunciar su intenci\u00f3n de que Francia reconozca el \u00abEstado de Palestina\u00bb en la Asamblea General de las Naciones Unidas el pr\u00f3ximo septiembre.<\/p>\n<p class=\"speakable\">\u00abLos franceses quieren paz en el Medio Oriente\u00bb, escribi\u00f3 Macron en una carta compartida y traducida al ingl\u00e9s en X. \u00abDepende de nosotros, los franceses, junto con los israel\u00edes, los palestinos y nuestros socios europeos e internacionales, para demostrar que es posible\u00bb.<\/p>\n<p>La carta, dirigida al Presidente de la Autoridad Palestina, afirm\u00f3 que \u00abla paz es posible\u00bb.<\/p>\n<p>Macron cit\u00f3 la necesidad de un \u00abalto el fuego inmediato\u00bb, as\u00ed como la liberaci\u00f3n de todos los rehenes y la ayuda humanitaria a la gente de Gaza en su razonamiento para la mudanza de Francia. Tambi\u00e9n afirm\u00f3 que Hamas debe ser desmilitarizado y Gaza reconstruido en su carta.<\/p>\n<p><strong>Trump Admin se encuentra con Israel, rechaza la resoluci\u00f3n de la ONU respaldada por el Reino Unido y Francia<\/strong><\/p>\n<div class=\"image-ct inline\">\n<div class=\"m\"><picture><source media=\"(max-width: 767px)\" srcset=\"https:\/\/a57.foxnews.com\/static.foxnews.com\/foxnews.com\/content\/uploads\/2025\/06\/343\/192\/macron.png?ve=1&amp;tl=1, https:\/\/a57.foxnews.com\/static.foxnews.com\/foxnews.com\/content\/uploads\/2025\/06\/686\/384\/macron.png?ve=1&amp;tl=1 2x\" height=\"192\" width=\"343\"><source media=\"(min-width: 768px) and (max-width: 1023px)\" srcset=\"https:\/\/a57.foxnews.com\/static.foxnews.com\/foxnews.com\/content\/uploads\/2025\/06\/672\/378\/macron.png?ve=1&amp;tl=1, https:\/\/a57.foxnews.com\/static.foxnews.com\/foxnews.com\/content\/uploads\/2025\/06\/1344\/756\/macron.png?ve=1&amp;tl=1 2x\" height=\"378\" width=\"672\"><source media=\"(min-width: 1024px) and (max-width: 1279px)\" srcset=\"https:\/\/a57.foxnews.com\/static.foxnews.com\/foxnews.com\/content\/uploads\/2025\/06\/931\/523\/macron.png?ve=1&amp;tl=1, https:\/\/a57.foxnews.com\/static.foxnews.com\/foxnews.com\/content\/uploads\/2025\/06\/1862\/1046\/macron.png?ve=1&amp;tl=1 2x\" height=\"523\" width=\"931\"><source media=\"(min-width: 1280px)\" srcset=\"https:\/\/a57.foxnews.com\/static.foxnews.com\/foxnews.com\/content\/uploads\/2025\/06\/720\/405\/macron.png?ve=1&amp;tl=1, https:\/\/a57.foxnews.com\/static.foxnews.com\/foxnews.com\/content\/uploads\/2025\/06\/1440\/810\/macron.png?ve=1&amp;tl=1 2x\" height=\"405\" width=\"720\"><img loading=\"lazy\" decoding=\"async\" src=\"https:\/\/a57.foxnews.com\/static.foxnews.com\/foxnews.com\/content\/uploads\/2025\/06\/1200\/675\/macron.png?ve=1&amp;tl=1\" alt=\"Presidente Emmanuel Macron\" width=\"1200\" height=\"675\"\/><\/source><\/source><\/source><\/source><\/picture><\/div>\n<div class=\"info\">\n<div class=\"caption\">\n<p><span>El presidente franc\u00e9s, Emmanuel Macron, acudi\u00f3 a X el jueves para anunciar el reconocimiento formal de Francia del estado palestino en la Asamblea General de las Naciones Unidas en septiembre.<\/span> <span>(Teresa Su\u00e1rez\/Pool\/AFP a trav\u00e9s de Getty Images)<\/span><\/p>\n<\/div>\n<\/div>\n<\/div>\n<p>La carta fue entregada por el c\u00f3nsul franc\u00e9s en Jersulaem, quien declar\u00f3 a trav\u00e9s de X que \u00abFrancia proceder\u00e1 con el reconocimiento total del estado de Palestina en septiembre\u00bb.<\/p>\n<p>Francia ha tomado medidas cada vez m\u00e1s firmes contra Israel en su lucha por la paz en el Medio Oriente recientemente. <\/p>\n<p>A principios de esta semana, Francia firm\u00f3 una condena conjunta con m\u00e1s de 20 naciones con respecto a la muerte reportada de 800 palestinos en Gaza en los sitios de ayuda.<\/p>\n<p><strong>Haga clic aqu\u00ed para obtener la aplicaci\u00f3n Fox News<\/strong><\/p>\n<p>\u00abLograremos la paz\u00bb, concluy\u00f3 Macron.<\/p>\n<p>Las sesiones 2025 de la Asamblea General de las Naciones Unidas comenzar\u00e1n el 9 de septiembre.<\/p>\n<p> <!----> <\/div>\n\n","protected":false},"excerpt":{"rendered":"<p>NUEVO\u00a1Ahora puedes escuchar art\u00edculos de Fox News! El presidente franc\u00e9s, Emmanuel Macron, acudi\u00f3 a X el jueves para anunciar su intenci\u00f3n de que Francia reconozca el \u00abEstado de Palestina\u00bb en la Asamblea General de las Naciones Unidas el pr\u00f3ximo septiembre. \u00abLos franceses quieren paz en el Medio Oriente\u00bb, escribi\u00f3 Macron en una carta compartida y &hellip;<\/p>\n","protected":false},"author":1,"featured_media":37366,"comment_status":"open","ping_status":"open","sticky":false,"template":"","format":"standard","meta":{"fifu_image_url":"https:\/\/static.foxnews.com\/foxnews.com\/content\/uploads\/2025\/06\/macron.png","fifu_image_alt":"","footnotes":""},"categories":[13],"tags":[],"class_list":["post-37364","post","type-post","status-publish","format-standard","has-post-thumbnail","","category-mundo"],"_links":{"self":[{"href":"https:\/\/noticiasveraces.com\/index.php?rest_route=\/wp\/v2\/posts\/37364","targetHints":{"allow":["GET"]}}],"collection":[{"href":"https:\/\/noticiasveraces.com\/index.php?rest_route=\/wp\/v2\/posts"}],"about":[{"href":"https:\/\/noticiasveraces.com\/index.php?rest_route=\/wp\/v2\/types\/post"}],"author":[{"embeddable":true,"href":"https:\/\/noticiasveraces.com\/index.php?rest_route=\/wp\/v2\/users\/1"}],"replies":[{"embeddable":true,"href":"https:\/\/noticiasveraces.com\/index.php?rest_route=%2Fwp%2Fv2%2Fcomments&post=37364"}],"version-history":[{"count":0,"href":"https:\/\/noticiasveraces.com\/index.php?rest_route=\/wp\/v2\/posts\/37364\/revisions"}],"wp:featuredmedia":[{"embeddable":true,"href":"https:\/\/noticiasveraces.com\/index.php?rest_route=\/wp\/v2\/media\/37366"}],"wp:attachment":[{"href":"https:\/\/noticiasveraces.com\/index.php?rest_route=%2Fwp%2Fv2%2Fmedia&parent=37364"}],"wp:term":[{"taxonomy":"category","embeddable":true,"href":"https:\/\/noticiasveraces.com\/index.php?rest_route=%2Fwp%2Fv2%2Fcategories&post=37364"},{"taxonomy":"post_tag","embeddable":true,"href":"https:\/\/noticiasveraces.com\/index.php?rest_route=%2Fwp%2Fv2%2Ftags&post=37364"}],"curies":[{"name":"wp","href":"https:\/\/api.w.org\/{rel}","templated":true}]}}