{"id":37336,"date":"2025-07-24T10:52:02","date_gmt":"2025-07-24T14:52:02","guid":{"rendered":"https:\/\/noticiasveraces.com\/?p=37336"},"modified":"2025-07-24T10:52:02","modified_gmt":"2025-07-24T14:52:02","slug":"las-5-claves-a-saber-sobre-el-tour-de-france-femenino-dw-24-07-2025","status":"publish","type":"post","link":"https:\/\/noticiasveraces.com\/?p=37336","title":{"rendered":"Las 5 claves a saber sobre el Tour de France femenino \u2013 DW \u2013 24\/07\/2025"},"content":{"rendered":"<p> \n<\/p>\n<div>\n<p>El Tour de Francia Femenino comienza su cuarta edici\u00f3n este s\u00e1bado. El recorrido abarca 1.168,6 kil\u00f3metros, desde la Grand D\u00e9part de Vannes, en Breta\u00f1a, hasta Ch\u00e2tel, en los Alpes. Por primera vez, la carrera coincide con la masculina por dos d\u00edas, y adem\u00e1s ha aumentado en una etapa, hasta un total de nueve. 154 ciclistas de 22 equipos compiten por los ya conocidos <em>jersey <\/em>amarillo, verde, blanco y de lunares. La etapa reina (8) finaliza en la cima del Col de la Madeleine. La carrera finalizar\u00e1 al d\u00eda siguiente, el 3 de agosto.<\/p>\n<p>Las ciclistas que libraron una emocionante batalla en la final de 2024 en Alpe d&#8217;Huez vuelven a estar entre las favoritas para el <em>jersey <\/em>amarillo. La polaca Kasia Niewiadoma aspira a defender con \u00e9xito su t\u00edtulo, mientras que la neerlandesa Demi Vollering busca repetir el \u00e9xito de 2023 con su nuevo equipo, el FDJ-Suez. Otras favoritas son la campeona mundial Lotte Kopecky, Pauline Ferrand-Prevot y Anna van der Breggen, quien ha regresado tras su retiro. Es probable que el primer <em>jersey <\/em>amarillo recaiga en una velocista. Lorena Wiebes, Marianne Vos y Charlotte Kool se encuentran entre las aspirantes.<\/p>\n<p>Seis ciclistas alemanas han sido nominadas por sus equipos. Liane Lippert llega con mucha confianza tras dos victorias de etapa en el Giro de Italia. Ricarda Bauernfeind gan\u00f3 una etapa hace dos a\u00f1os y regresa al Tour de France femenino. Franziska Brau\u00dfe, campeona ol\u00edmpica de pista en Tokio, debuta en el circuito franc\u00e9s. El Tour tambi\u00e9n es el momento culminante de la temporada para Franziska Koch, Clara Koppenburg y Hannah Ludwig.<\/p>\n<figure class=\"placeholder-image master_landscape big\"><img data-format=\"MASTER_LANDSCAPE\" data-id=\"62525528\" data-url=\"https:\/\/static.dw.com\/image\/62525528_${formatId}.jpeg\" data-aspect-ratio=\"16\/9\" alt=\"Marion Rousse Es La Director del Tour de France Femenino\" style=\"padding-bottom: 56.25%; height: 0; max-height: 0;\"\/><figcaption class=\"img-caption\">Marion Rousse Es La Director del Tour de France Femenino<small class=\"copyright\">Imagen: Alexandre Marchi\/dpa\/MAXPPP\/picture alliance<\/small><\/figcaption><\/figure>\n<p>La diferencia entre los circuitos masculino y femenino sigue siendo grande, pero se est\u00e1 acortando. El ciclismo femenino est\u00e1 en auge, y con \u00e9l el Tour de France para mujeres. La carrera ahora cuenta con nueve etapas en lugar de ocho. El recorrido es m\u00e1s exigente, lo que refleja el mayor nivel de rendimiento en la categor\u00eda. Sin embargo, la estructura no puede compararse (a\u00fan) con la carrera masculina; los paralelismos con tours como la Par\u00eds-Niza o el Crit\u00e9rium du Dauphin\u00e9 son m\u00e1s evidentes, y no solo por la ausencia de una final en los Campos El\u00edseos.<\/p>\n<ul>\n<li>\u00bfCu\u00e1les son los premios?<\/li>\n<\/ul>\n<p>La diferencia es especialmente grande en cuanto a premios. La ganadora recibe una prima de 50.000 euros, mientras que el ganador de la carrera masculina en Par\u00eds recibe diez veces esa cantidad, 500.000 euros. No obstante, se han producido avances. Las mujeres ahora tambi\u00e9n reciben un salario m\u00ednimo de 38.000 euros, mientras que las nuevas ciclistas profesionales ganan poco menos de 32.000 euros. Sin embargo, para la directora de carrera, Marion Rousse, las primas del Tour \u00abno son tan cruciales. Las corredoras no viven de ellas. Lo que quieren es un salario justo, y eso es importante\u00bb, seg\u00fan declar\u00f3 a la revista <em>Recorrido<\/em>. Comparar una carrera de 21 etapas con una de nueve d\u00edas es dif\u00edcil: \u00abTenemos que comparar lo que es comparable\u00bb, acot\u00f3.<\/p>\n<p>(Sid\/El)<\/p>\n<\/div>\n\n","protected":false},"excerpt":{"rendered":"<p>El Tour de Francia Femenino comienza su cuarta edici\u00f3n este s\u00e1bado. El recorrido abarca 1.168,6 kil\u00f3metros, desde la Grand D\u00e9part de Vannes, en Breta\u00f1a, hasta Ch\u00e2tel, en los Alpes. Por primera vez, la carrera coincide con la masculina por dos d\u00edas, y adem\u00e1s ha aumentado en una etapa, hasta un total de nueve. 154 ciclistas &hellip;<\/p>\n","protected":false},"author":1,"featured_media":37337,"comment_status":"open","ping_status":"open","sticky":false,"template":"","format":"standard","meta":{"fifu_image_url":"https:\/\/static.dw.com\/image\/73325452_6.jpg","fifu_image_alt":"","footnotes":""},"categories":[13],"tags":[],"class_list":["post-37336","post","type-post","status-publish","format-standard","has-post-thumbnail","","category-mundo"],"_links":{"self":[{"href":"https:\/\/noticiasveraces.com\/index.php?rest_route=\/wp\/v2\/posts\/37336","targetHints":{"allow":["GET"]}}],"collection":[{"href":"https:\/\/noticiasveraces.com\/index.php?rest_route=\/wp\/v2\/posts"}],"about":[{"href":"https:\/\/noticiasveraces.com\/index.php?rest_route=\/wp\/v2\/types\/post"}],"author":[{"embeddable":true,"href":"https:\/\/noticiasveraces.com\/index.php?rest_route=\/wp\/v2\/users\/1"}],"replies":[{"embeddable":true,"href":"https:\/\/noticiasveraces.com\/index.php?rest_route=%2Fwp%2Fv2%2Fcomments&post=37336"}],"version-history":[{"count":0,"href":"https:\/\/noticiasveraces.com\/index.php?rest_route=\/wp\/v2\/posts\/37336\/revisions"}],"wp:featuredmedia":[{"embeddable":true,"href":"https:\/\/noticiasveraces.com\/index.php?rest_route=\/wp\/v2\/media\/37337"}],"wp:attachment":[{"href":"https:\/\/noticiasveraces.com\/index.php?rest_route=%2Fwp%2Fv2%2Fmedia&parent=37336"}],"wp:term":[{"taxonomy":"category","embeddable":true,"href":"https:\/\/noticiasveraces.com\/index.php?rest_route=%2Fwp%2Fv2%2Fcategories&post=37336"},{"taxonomy":"post_tag","embeddable":true,"href":"https:\/\/noticiasveraces.com\/index.php?rest_route=%2Fwp%2Fv2%2Ftags&post=37336"}],"curies":[{"name":"wp","href":"https:\/\/api.w.org\/{rel}","templated":true}]}}