{"id":37334,"date":"2025-07-24T09:51:16","date_gmt":"2025-07-24T13:51:16","guid":{"rendered":"https:\/\/noticiasveraces.com\/?p=37334"},"modified":"2025-07-24T09:51:16","modified_gmt":"2025-07-24T13:51:16","slug":"calor-extremo-e-incendios-en-grecia-los-balcanes-y-turquia-dw-24-07-2025","status":"publish","type":"post","link":"https:\/\/noticiasveraces.com\/?p=37334","title":{"rendered":"Calor extremo e incendios en Grecia, los Balcanes y Turqu\u00eda \u2013 DW \u2013 24\/07\/2025"},"content":{"rendered":"<p> \n<\/p>\n<div>\n<p>Grecia\u00a0lucha este jueves (24.07.2025) por tercer d\u00eda consecutivo contra el gran incendio forestal que se declar\u00f3 el pasado martes en la regi\u00f3n de Corinto, en el sur del pa\u00eds, que ha obligado a evacuar a unas 2.000 personas y ya ha quemado m\u00e1s de 1.200 hect\u00e1reas de bosque, inform\u00f3 un portavoz de los bomberos.<\/p>\n<p>Aunque durante la ma\u00f1ana del mi\u00e9rcoles el fuego se encontraba en remisi\u00f3n y los bomberos luchaban solo contra peque\u00f1os focos dispersos, los fuertes vientos reavivaron las llamas y las propagaron r\u00e1pidamente hacia el suroeste, obligando a las autoridades a ordenar la evacuaci\u00f3n de tres pueblos, de unas 600 personas.<\/p>\n<p>El pasado martes ya se orden\u00f3 la evacuaci\u00f3n de otras siete localidades, con una poblaci\u00f3n total de 1.400 personas.<\/p>\n<p>Los bomberos siguen luchando contra peque\u00f1os focos dispersos cerca del pueblo de Mati, situado unos 120 kil\u00f3metros al suroeste de Atenas, a\u00f1adi\u00f3 el portavoz.<\/p>\n<figure class=\"placeholder-image master_landscape big\"><img data-format=\"MASTER_LANDSCAPE\" data-id=\"73397260\" data-url=\"https:\/\/static.dw.com\/image\/73397260_${formatId}.jpg\" data-aspect-ratio=\"16\/9\" alt=\"Voluntarios de la Cruz Roja reparten agua a los turistas en las calles de Atenas. (23.07.2025).\" style=\"padding-bottom: 56.25%; height: 0; max-height: 0;\"\/><figcaption class=\"img-caption\">La ola de calor que afecta al sur de Europa hace que voluntarios de la Cruz Roja repartan agua a los turistas en las calles de Atenas. (23.07.2025).<small class=\"copyright\">Imagen: Nikolas Kokovlis\/Nurphoto\/Picture Alliance <\/small><\/figcaption><\/figure>\n<p>Al menos 1.200 hect\u00e1reas de bosque virgen fueron calcinadas hasta el mediod\u00eda de ayer, mi\u00e9rcoles, seg\u00fan im\u00e1genes satelitales del programa de la Uni\u00f3n Europea Copernicus, analizadas por el Observatorio Nacional de Atenas.<\/p>\n<p>No obstante, se da por hecho que el \u00e1rea quemada es m\u00e1s grande, ya que unas horas despu\u00e9s de dicha medici\u00f3n las llamas se reavivaron propag\u00e1ndose hacia el oeste.<\/p>\n<p>Las redes de suministro de agua y riego, as\u00ed como las estaciones de bombeo y los pozos de la regi\u00f3n, han sufrido tambi\u00e9n \u00abda\u00f1os considerables\u00bb, seg\u00fan declar\u00f3 el alcalde del mu<\/p>\n<p>Oficiales de la Divisi\u00f3n de Delitos Incendiarios del Cuerpo de los Bomberos arrestaron el pasado martes a dos hombres bajo la acusaci\u00f3n de \u00abprovocar un incendio por negligencia\u00bb dado que realizaban trabajos de corte y soldadura el\u00e9ctrica dentro del bosque.<\/p>\n<figure class=\"placeholder-image master_landscape big\"><img data-format=\"MASTER_LANDSCAPE\" data-id=\"73391524\" data-url=\"https:\/\/static.dw.com\/image\/73391524_${formatId}.jpg\" data-aspect-ratio=\"16\/9\" alt=\"Imagen tomada con un dron con c\u00e1mara t\u00e9rmica muestra las variaciones de temperatura en los alrededores del Parten\u00f3n griego sobre la Acr\u00f3polis.\" style=\"padding-bottom: 56.25%; height: 0; max-height: 0;\"\/><figcaption class=\"img-caption\">Imagen tomada con un dron con c\u00e1mara t\u00e9rmica muestra las variaciones de temperatura en los alrededores del Parten\u00f3n griego sobre la Acr\u00f3polis. El Parten\u00f3n fue cerrado al p\u00fablico este jueves. (23.07.2025).<small class=\"copyright\">Imagen: Stelios Misinas\/REUTERS<\/small><\/figcaption><\/figure>\n<p>Grecia afronta desde este lunes la tercera ola de calor intenso en lo que va del actual verano boreal, con temperaturas que rozaron el martes los 45 grados en varias zonas y ciudades del centro del pa\u00eds.<\/p>\n<p>La can\u00edcula persistir\u00e1 al menos hasta el fin de semana. Las autoridades cerraron monumentos p\u00fablicos como el Parten\u00f3n y hay prohibici\u00f3n de trabajar al aire libre. Los pr\u00f3ximos viernes y s\u00e1bado se espera que las temperaturas alcancen los 44 grados en varias zonas de Grecia continental, seg\u00fan un pron\u00f3stico urgente emitido este jueves por el Servicio Meteorol\u00f3gico Nacional (EMY).<\/p>\n<p><span data-slot-id=\"Article_InContent-1\" class=\"rich-text-ad\"\/><\/p>\n<h2>Contin\u00faan\u00a0los incendios\u00a0y la ola de calor en los Balcanes<\/h2>\n<p>Macedonia del Norte, Montenegro y Albania tambi\u00e9n segu\u00edan luchando este jueves contra varios incendios en medio de la m\u00e1s reciente ola de calor en la regi\u00f3n de los Balcanes occidentales, con temperaturas cercanas o incluso por encima de los 40 grados.<\/p>\n<p>Solamente en el territorio de Macedonia del Norte se registraron en las \u00faltimas 24 horas un total de 27 incendios, inform\u00f3 el Centro de Gesti\u00f3n de Crisis (CUK).<\/p>\n<p>De \u00e9stos, cinco segu\u00edan activos este jueves, cuatro estaban bajo control y 18 fueron extinguidos.<\/p>\n<p>Los incendios activos se encuentran en diferentes partes del pa\u00eds, incluyendo \u00e1reas monta\u00f1osas y rurales.<\/p>\n<p>La vecina Albania lleva varios d\u00edas enfrent\u00e1ndose a incendios, que afectan diferentes regiones, como la monta\u00f1a Dukat, al sur de Albania, donde est\u00e1n en peligro viviendas y ganado, pero tambi\u00e9n en el cercano Parque Nacional de Llogara, entre Vlor\u00eb y Dh\u00ebrmi.<\/p>\n<figure class=\"placeholder-image master_landscape big\"><img data-format=\"MASTER_LANDSCAPE\" data-id=\"69950617\" data-url=\"https:\/\/static.dw.com\/image\/69950617_${formatId}.jpg\" data-aspect-ratio=\"16\/9\" alt=\"Incendios en los bosques de Macedonia del Norte.\" style=\"padding-bottom: 56.25%; height: 0; max-height: 0;\"\/><figcaption class=\"img-caption\">En Macedonia del Norte se registraron en las \u00faltimas 24 horas un total de 27 incendios.<small class=\"copyright\">Imagen: Ognen Teofilovski\/Reuters<\/small><\/figcaption><\/figure>\n<p>El incendio ha estado activo durante m\u00e1s de 15 d\u00edas, a pesar de la intervenci\u00f3n de bomberos y militares, as\u00ed como la ayuda de dos aviones cisterna enviados desde la vecina Grecia.<\/p>\n<p>Seg\u00fan el servicio de bomberos de Albania, por ahora se ha logrado evitar que el fuego se acerque a zonas pobladas y la intensidad del incendio ha disminuido.<\/p>\n<p>Mientras, en Bosnia-Herzegovina, en el centro de los Balcanes occidentales, se han emitido alertas naranja y amarilla debido a las altas temperaturas, cercanas a los 40 grados.<\/p>\n<p>Serbia, por su parte, lleva varios d\u00edas bajo una alerta meteorol\u00f3gica roja por una ola de calor extrema que a partir del viernes podr\u00eda llevar a temperaturas de hasta 42 grados.<\/p>\n<h2>Turqu\u00eda\u00a0combate incendios mortales con temperaturas de hasta 45 grados<\/h2>\n<p>Turqu\u00eda\u00a0sigue combatiendo este jueves incendios forestales desde la regi\u00f3n del M\u00e1rmara hasta Anatolia Central, avivados por una ola de calor extremo de hasta 45 grados, y que se han cobrado ya la vida de diez miembros de los equipos de extinci\u00f3n.<\/p>\n<p>Los focos de estos virulentos incendios surgieron en la provincia de Sakarya, en la regi\u00f3n de M\u00e1rmara, y se han propagado hacia el sureste hasta alcanzar Anatolia Central.<\/p>\n<figure class=\"placeholder-image master_landscape big\"><img data-format=\"MASTER_LANDSCAPE\" data-id=\"73391874\" data-url=\"https:\/\/static.dw.com\/image\/73391874_${formatId}.jpg\" data-aspect-ratio=\"16\/9\" alt=\"Un incendio en Eskisehir, Turqu\u00eda, que le cost\u00f3 la vida a 10 personas. Se ven llamas en una superficie extensa con \u00e1rboles y dos bomberos.\" style=\"padding-bottom: 56.25%; height: 0; max-height: 0;\"\/><figcaption class=\"img-caption\">Los incendios en Eskisehir, Turqu\u00eda, le costaron la vida a 10 personas.<small class=\"copyright\">Imagen: DHA<\/small><\/figcaption><\/figure>\n<p>Este jueves, los equipos de extinci\u00f3n mantienen sus esfuerzos por aire y tierra en condiciones muy adversas, agravadas por el calor sofocante y los fuertes vientos, para contener los incendios activos en las provincias de Sakarya, Bilecik, Eskisehir y Afyonkarahisar.<\/p>\n<p>En la noche del mi\u00e9rcoles, diez miembros de los equipos de extinci\u00f3n -cinco trabajadores forestales y cinco voluntarios- murieron en esa provincia mientras combat\u00edan el fuego, y otros 14 resultaron heridos.<\/p>\n<p>El ministro de Agricultura, Ibrahim Yumakli, llam\u00f3 a la poblaci\u00f3n a mantener la alerta m\u00e1xima este jueves y en los pr\u00f3ximos d\u00edas, advirtiendo que el pa\u00eds enfrenta un riesgo \u00abm\u00e1s all\u00e1 de los incendios forestales ordinarios\u00bb, debido a una combinaci\u00f3n de \u00abcalor extremo, vientos intensos y baja humedad\u00bb.<\/p>\n<p>La Direcci\u00f3n General de Meteorolog\u00eda de Turqu\u00eda (MGM) inform\u00f3 este jueves que las temperaturas seguir\u00e1n por encima de los valores habituales de estas fechas en todo el pa\u00eds, con registros de hasta 45 grados en algunas provincias.<\/p>\n<p>CP (EFE, APE, RTR)<\/p>\n<\/div>\n\n","protected":false},"excerpt":{"rendered":"<p>Grecia\u00a0lucha este jueves (24.07.2025) por tercer d\u00eda consecutivo contra el gran incendio forestal que se declar\u00f3 el pasado martes en la regi\u00f3n de Corinto, en el sur del pa\u00eds, que ha obligado a evacuar a unas 2.000 personas y ya ha quemado m\u00e1s de 1.200 hect\u00e1reas de bosque, inform\u00f3 un portavoz de los bomberos. Aunque &hellip;<\/p>\n","protected":false},"author":1,"featured_media":37335,"comment_status":"open","ping_status":"open","sticky":false,"template":"","format":"standard","meta":{"fifu_image_url":"https:\/\/static.dw.com\/image\/73140411_6.jpg","fifu_image_alt":"","footnotes":""},"categories":[13],"tags":[],"class_list":["post-37334","post","type-post","status-publish","format-standard","has-post-thumbnail","","category-mundo"],"_links":{"self":[{"href":"https:\/\/noticiasveraces.com\/index.php?rest_route=\/wp\/v2\/posts\/37334","targetHints":{"allow":["GET"]}}],"collection":[{"href":"https:\/\/noticiasveraces.com\/index.php?rest_route=\/wp\/v2\/posts"}],"about":[{"href":"https:\/\/noticiasveraces.com\/index.php?rest_route=\/wp\/v2\/types\/post"}],"author":[{"embeddable":true,"href":"https:\/\/noticiasveraces.com\/index.php?rest_route=\/wp\/v2\/users\/1"}],"replies":[{"embeddable":true,"href":"https:\/\/noticiasveraces.com\/index.php?rest_route=%2Fwp%2Fv2%2Fcomments&post=37334"}],"version-history":[{"count":0,"href":"https:\/\/noticiasveraces.com\/index.php?rest_route=\/wp\/v2\/posts\/37334\/revisions"}],"wp:featuredmedia":[{"embeddable":true,"href":"https:\/\/noticiasveraces.com\/index.php?rest_route=\/wp\/v2\/media\/37335"}],"wp:attachment":[{"href":"https:\/\/noticiasveraces.com\/index.php?rest_route=%2Fwp%2Fv2%2Fmedia&parent=37334"}],"wp:term":[{"taxonomy":"category","embeddable":true,"href":"https:\/\/noticiasveraces.com\/index.php?rest_route=%2Fwp%2Fv2%2Fcategories&post=37334"},{"taxonomy":"post_tag","embeddable":true,"href":"https:\/\/noticiasveraces.com\/index.php?rest_route=%2Fwp%2Fv2%2Ftags&post=37334"}],"curies":[{"name":"wp","href":"https:\/\/api.w.org\/{rel}","templated":true}]}}