{"id":37329,"date":"2025-07-24T09:27:32","date_gmt":"2025-07-24T13:27:32","guid":{"rendered":"https:\/\/noticiasveraces.com\/?p=37329"},"modified":"2025-07-24T09:27:32","modified_gmt":"2025-07-24T13:27:32","slug":"formacion-examen-y-transformacion-digital","status":"publish","type":"post","link":"https:\/\/noticiasveraces.com\/?p=37329","title":{"rendered":"formaci\u00f3n, examen y transformaci\u00f3n digital"},"content":{"rendered":"<p> \n<\/p>\n<div>\n<p><picture class=\"aligncenter first-post-image\" title=\"nuevo modelo de oposiciones A1 y A2 del Gobierno\" data-no-lazy=\"true\"><source type=\"image\/webp\" srcset=\"https:\/\/www.economiafinanzas.com\/wp-content\/uploads\/2025\/07\/nuevo-modelo-de-oposiciones-A1-y-A2-del-Gobierno-1.jpg.webp\"\/><img decoding=\"async\" fetchpriority=\"high\" src=\"https:\/\/www.economiafinanzas.com\/wp-content\/uploads\/2025\/07\/nuevo-modelo-de-oposiciones-A1-y-A2-del-Gobierno-1.jpg\" alt=\"nuevo modelo de oposiciones A1 y A2 del Gobierno\" data-no-lazy=\"true\"\/>\n<\/picture><\/p>\n<p><strong>La Administraci\u00f3n p\u00fablica espa\u00f1ola se prepara para una de sus reformas m\u00e1s ambiciosas en acceso y selecci\u00f3n de personal para los grupos A1 y A2.<\/strong> El Gobierno, a trav\u00e9s del Ministerio para la Transformaci\u00f3n Digital y de la Funci\u00f3n P\u00fablica, ha presentado un renovado sistema de oposiciones que pone el foco en la formaci\u00f3n previa al acceso y en la adaptaci\u00f3n a perfiles profesionales emergentes, con el objetivo de actualizar la funci\u00f3n p\u00fablica acorde con los retos actuales.<\/p>\n<p>La renovaci\u00f3n, impulsada bajo el marco \u201cConsenso para una Administraci\u00f3n Abierta\u201d, representa <strong>un giro respecto al mecanismo cl\u00e1sico de oposiciones<\/strong>. El nuevo procedimiento se define por la sustituci\u00f3n del tradicional examen eliminatorio por <strong>un itinerario formativo estructurado similar a un m\u00e1ster universitario gratuito<\/strong>. Solo quienes superen una primera prueba de acceso podr\u00e1n cursar estos programas, que tendr\u00e1n una duraci\u00f3n de dos a\u00f1os y ser\u00e1n impartidos por institutos y escuelas de formaci\u00f3n p\u00fablicas.<\/p>\n<h2>Formaci\u00f3n reglada y cr\u00e9ditos ECTS: as\u00ed ser\u00e1 la nueva oposici\u00f3n para A1 y A2<\/h2>\n<p><img loading=\"lazy\" width=\"1920\" height=\"1080\" decoding=\"async\" class=\"aligncenter\" title=\"nuevo modelo de acceso A1 y A2 Ministerio\" alt=\"nuevo modelo de acceso A1 y A2 Ministerio\" src=\"https:\/\/www.economiafinanzas.com\/wp-content\/uploads\/2025\/07\/nuevo-modelo-de-oposiciones-A1-y-A2-del-Gobierno.webp\"\/><img loading=\"lazy\" width=\"1920\" height=\"1080\" decoding=\"async\" class=\"aligncenter\" title=\"nuevo modelo de acceso A1 y A2 Ministerio\" src=\"https:\/\/www.economiafinanzas.com\/wp-content\/uploads\/2025\/07\/nuevo-modelo-de-oposiciones-A1-y-A2-del-Gobierno.webp\" alt=\"nuevo modelo de acceso A1 y A2 Ministerio\"\/><\/p>\n<p>El acceso a la funci\u00f3n p\u00fablica en <strong>los grupos A1 y A2<\/strong> estar\u00e1 condicionado a la superaci\u00f3n de dos fases. En primer lugar, los aspirantes deber\u00e1n pasar una prueba que les permitir\u00e1 acceder a un periodo formativo estructurado de dos cursos acad\u00e9micos. <strong>Esta formaci\u00f3n est\u00e1 adaptada al sistema europeo de cr\u00e9ditos ECTS<\/strong>: <strong>120 ECTS para el subgrupo A1 y 90 para A2<\/strong>. Durante este tiempo, los futuros funcionarios recibir\u00e1n contenidos espec\u00edficos en competencias digitales, gesti\u00f3n p\u00fablica y nuevas habilidades esenciales para las exigencias actuales de la administraci\u00f3n.<\/p>\n<p>Una vez finalizado este ciclo, <strong>los candidatos deber\u00e1n superar un examen final<\/strong> que determinar\u00e1 a qui\u00e9n se le otorga la plaza seg\u00fan las mejores calificaciones. El n\u00famero de alumnos admitidos en la fase formativa ser\u00e1 mayor que las plazas disponibles, lo que fomenta la competencia y garantiza la selecci\u00f3n de los perfiles m\u00e1s adecuados.<\/p>\n<p>Aquellos que completen la formaci\u00f3n pero no superen el examen final <strong>recibir\u00e1n un t\u00edtulo oficial<\/strong> equivalente a un posgrado universitario, acreditando as\u00ed su especializaci\u00f3n y esfuerzo.<\/p>\n<div class=\"post-relacionado-wrapper\"><picture fetchpriority=\"high\" decoding=\"async\" class=\"attachment-medium size-medium wp-post-image\"><source type=\"image\/webp\" data-lazy-srcset=\"https:\/\/www.economiafinanzas.com\/wp-content\/uploads\/2020\/11\/trabajo-correos-300x200.jpg.webp 300w, https:\/\/www.economiafinanzas.com\/wp-content\/uploads\/2020\/11\/trabajo-correos-1024x682.jpg.webp 1024w, https:\/\/www.economiafinanzas.com\/wp-content\/uploads\/2020\/11\/trabajo-correos-768x511.jpg.webp 768w, https:\/\/www.economiafinanzas.com\/wp-content\/uploads\/2020\/11\/trabajo-correos-400x266.jpg.webp 400w, https:\/\/www.economiafinanzas.com\/wp-content\/uploads\/2020\/11\/trabajo-correos-451x300.jpg.webp 451w, https:\/\/www.economiafinanzas.com\/wp-content\/uploads\/2020\/11\/trabajo-correos.jpg.webp 1200w\" sizes=\"(max-width: 300px) 100vw, 300px\"\/><img fetchpriority=\"high\" decoding=\"async\" width=\"300\" height=\"200\" alt=\"requisitos para presentarse a las ofertas de trabajo de correos\" srcset=\"https:\/\/www.economiafinanzas.com\/wp-content\/uploads\/2020\/11\/trabajo-correos-300x200.jpg 300w, https:\/\/www.economiafinanzas.com\/wp-content\/uploads\/2020\/11\/trabajo-correos-1024x682.jpg 1024w, https:\/\/www.economiafinanzas.com\/wp-content\/uploads\/2020\/11\/trabajo-correos-768x511.jpg 768w, https:\/\/www.economiafinanzas.com\/wp-content\/uploads\/2020\/11\/trabajo-correos-400x266.jpg 400w, https:\/\/www.economiafinanzas.com\/wp-content\/uploads\/2020\/11\/trabajo-correos-451x300.jpg 451w, https:\/\/www.economiafinanzas.com\/wp-content\/uploads\/2020\/11\/trabajo-correos.jpg 1200w\" data-lazy-sizes=\"(max-width: 300px) 100vw, 300px\" src=\"https:\/\/www.economiafinanzas.com\/wp-content\/uploads\/2020\/11\/trabajo-correos-300x200.jpg\"\/><img fetchpriority=\"high\" decoding=\"async\" width=\"300\" height=\"200\" src=\"https:\/\/www.economiafinanzas.com\/wp-content\/uploads\/2020\/11\/trabajo-correos-300x200.jpg\" alt=\"requisitos para presentarse a las ofertas de trabajo de correos\" srcset=\"https:\/\/www.economiafinanzas.com\/wp-content\/uploads\/2020\/11\/trabajo-correos-300x200.jpg 300w, https:\/\/www.economiafinanzas.com\/wp-content\/uploads\/2020\/11\/trabajo-correos-1024x682.jpg 1024w, https:\/\/www.economiafinanzas.com\/wp-content\/uploads\/2020\/11\/trabajo-correos-768x511.jpg 768w, https:\/\/www.economiafinanzas.com\/wp-content\/uploads\/2020\/11\/trabajo-correos-400x266.jpg 400w, https:\/\/www.economiafinanzas.com\/wp-content\/uploads\/2020\/11\/trabajo-correos-451x300.jpg 451w, https:\/\/www.economiafinanzas.com\/wp-content\/uploads\/2020\/11\/trabajo-correos.jpg 1200w\" sizes=\"(max-width: 300px) 100vw, 300px\"\/>\n<\/picture>\n<div>\n<p>Art\u00edculo relacionado:<\/p>\n<p>Las inscripciones a Oposiciones de Correos. Del 23\/11 al 2\/12 del 2020<\/p>\n<\/div>\n<\/div>\n<h2>Garant\u00eda de igualdad y sistema de becas<\/h2>\n<p><picture decoding=\"async\" class=\"aligncenter\" title=\"nuevo procedimiento de selecci\u00f3n para A1 y A2\"><source type=\"image\/webp\" data-lazy-srcset=\"https:\/\/www.economiafinanzas.com\/wp-content\/uploads\/2025\/07\/nuevo-modelo-de-oposiciones-A1-y-A2-del-Gobierno.jpg.webp\"\/><img decoding=\"async\" alt=\"nuevo procedimiento de selecci\u00f3n para A1 y A2\" src=\"https:\/\/www.economiafinanzas.com\/wp-content\/uploads\/2025\/07\/nuevo-modelo-de-oposiciones-A1-y-A2-del-Gobierno.jpg\"\/><img decoding=\"async\" src=\"https:\/\/www.economiafinanzas.com\/wp-content\/uploads\/2025\/07\/nuevo-modelo-de-oposiciones-A1-y-A2-del-Gobierno.jpg\" alt=\"nuevo procedimiento de selecci\u00f3n para A1 y A2\"\/>\n<\/picture><\/p>\n<p>Para evitar las desigualdades, <strong>la admisi\u00f3n al itinerario formativo se decide por una prueba \u00fanica<\/strong> y vinculada al m\u00e9rito. Adem\u00e1s, el Gobierno plantea integrar este proceso con el sistema estatal de becas, gestionado por el Ministerio de Educaci\u00f3n, para asegurar que ning\u00fan aspirante quede fuera por motivos econ\u00f3micos. Este enfoque refuerza el acceso igualitario y fomenta la diversidad en los perfiles seleccionados.<\/p>\n<p>El nuevo sistema se aplicar\u00e1 \u00fanicamente a opositores de los grupos A1 y A2, reservando el sistema cl\u00e1sico para otros subgrupos. Para C1 y C2, la formaci\u00f3n se impartir\u00e1 tras la obtenci\u00f3n de la plaza, permitiendo una adaptaci\u00f3n m\u00e1s espec\u00edfica a cada puesto.<\/p>\n<h2>Nuevas estrategias para la transformaci\u00f3n digital y servicios p\u00fablicos<\/h2>\n<p>Dentro del paquete de medidas del plan, el Ejecutivo ha previsto <strong>una inversi\u00f3n de 43 millones de euros<\/strong> destinada a digitalizar y modernizar la administraci\u00f3n. En este sentido, se desarrolla una <strong>plataforma de Inteligencia Artificial de desarrollo propio<\/strong>con el objetivo de simplificar tr\u00e1mites y anticipar las necesidades tanto de ciudadanos como de empresas.<\/p>\n<p>Uno de los cambios m\u00e1s esperados es la <strong>gradual eliminaci\u00f3n de la cita previa obligatoria<\/strong>. El Ministerio trabaja para que, mediante nuevas tecnolog\u00edas y la introducci\u00f3n de la IA en la gesti\u00f3n, el acceso a los servicios p\u00fablicos sea m\u00e1s \u00e1gil y cercano. Adem\u00e1s, se contempla la creaci\u00f3n de oficinas \u00fanicas integradas \u2014por ejemplo, en sedes de Correos\u2014, donde se puedan realizar m\u00faltiples gestiones administrativas desde un solo punto, facilitando la vida cotidiana de la ciudadan\u00eda.<\/p>\n<h2>Reacci\u00f3n social y horizonte normativo<\/h2>\n<p>El modelo, presentado por el ministro \u00d3scar L\u00f3pez y la secretaria de Estado Clara Mapelli, <strong>ha sido recibido con prudencia y algunas reservas<\/strong> por parte de asociaciones de funcionarios y sindicatos, que solicitan mayor claridad sobre la implantaci\u00f3n y el impacto en la objetividad y capacidad de selecci\u00f3n. El Gobierno, por su parte, enfatiza que la propuesta sigue est\u00e1ndares europeos y ser\u00e1 negociada con los agentes sociales para alcanzar el m\u00e1ximo consenso, adem\u00e1s de armonizar con las normativas de las comunidades aut\u00f3nomas.<\/p>\n<p>El despliegue de este nuevo sistema depender\u00e1 en parte del respaldo normativo del Congreso y de la colaboraci\u00f3n interinstitucional. Aunque el calendario a\u00fan no est\u00e1 completamente definido, el Ejecutivo conf\u00eda en que representar\u00e1 <strong>la mayor evoluci\u00f3n en el acceso al empleo p\u00fablico desde la llegada de internet<\/strong>.<\/p>\n<p><!-- CONTENT END 1 --><br \/>\n\t\t\n\t\t\t<\/div>\n\n","protected":false},"excerpt":{"rendered":"<p>La Administraci\u00f3n p\u00fablica espa\u00f1ola se prepara para una de sus reformas m\u00e1s ambiciosas en acceso y selecci\u00f3n de personal para los grupos A1 y A2. El Gobierno, a trav\u00e9s del Ministerio para la Transformaci\u00f3n Digital y de la Funci\u00f3n P\u00fablica, ha presentado un renovado sistema de oposiciones que pone el foco en la formaci\u00f3n previa &hellip;<\/p>\n","protected":false},"author":1,"featured_media":37331,"comment_status":"open","ping_status":"open","sticky":false,"template":"","format":"standard","meta":{"fifu_image_url":"https:\/\/www.economiafinanzas.com\/wp-content\/uploads\/2025\/07\/nuevo-modelo-de-oposiciones-A1-y-A2-del-Gobierno-1.jpg","fifu_image_alt":"","footnotes":""},"categories":[3],"tags":[],"class_list":["post-37329","post","type-post","status-publish","format-standard","has-post-thumbnail","","category-negocio"],"_links":{"self":[{"href":"https:\/\/noticiasveraces.com\/index.php?rest_route=\/wp\/v2\/posts\/37329","targetHints":{"allow":["GET"]}}],"collection":[{"href":"https:\/\/noticiasveraces.com\/index.php?rest_route=\/wp\/v2\/posts"}],"about":[{"href":"https:\/\/noticiasveraces.com\/index.php?rest_route=\/wp\/v2\/types\/post"}],"author":[{"embeddable":true,"href":"https:\/\/noticiasveraces.com\/index.php?rest_route=\/wp\/v2\/users\/1"}],"replies":[{"embeddable":true,"href":"https:\/\/noticiasveraces.com\/index.php?rest_route=%2Fwp%2Fv2%2Fcomments&post=37329"}],"version-history":[{"count":0,"href":"https:\/\/noticiasveraces.com\/index.php?rest_route=\/wp\/v2\/posts\/37329\/revisions"}],"wp:featuredmedia":[{"embeddable":true,"href":"https:\/\/noticiasveraces.com\/index.php?rest_route=\/wp\/v2\/media\/37331"}],"wp:attachment":[{"href":"https:\/\/noticiasveraces.com\/index.php?rest_route=%2Fwp%2Fv2%2Fmedia&parent=37329"}],"wp:term":[{"taxonomy":"category","embeddable":true,"href":"https:\/\/noticiasveraces.com\/index.php?rest_route=%2Fwp%2Fv2%2Fcategories&post=37329"},{"taxonomy":"post_tag","embeddable":true,"href":"https:\/\/noticiasveraces.com\/index.php?rest_route=%2Fwp%2Fv2%2Ftags&post=37329"}],"curies":[{"name":"wp","href":"https:\/\/api.w.org\/{rel}","templated":true}]}}