{"id":37319,"date":"2025-07-24T09:08:22","date_gmt":"2025-07-24T13:08:22","guid":{"rendered":"https:\/\/noticiasveraces.com\/?p=37319"},"modified":"2025-07-24T09:08:22","modified_gmt":"2025-07-24T13:08:22","slug":"el-escrutinio-de-ambien-crece-despues-de-que-hunter-biden-afirma-que-su-padre-uso-ayuda-para-dormir","status":"publish","type":"post","link":"https:\/\/noticiasveraces.com\/?p=37319","title":{"rendered":"El escrutinio de Ambien crece despu\u00e9s de que Hunter Biden afirma que su padre us\u00f3 ayuda para dormir"},"content":{"rendered":"<p> \n<\/p>\n<div>\n<div id=\"beyondwords-wrapper\" class=\"beyondwords-wrapper\">\n<p><span class=\"label-bg\">NUEVO<\/span>\u00a1Ahora puedes escuchar art\u00edculos de Fox News!\n  <\/p>\n<\/div>\n<p class=\"speakable\">Ambien est\u00e1 bajo escrutinio tras afirmaciones recientes sobre el uso de Joe Biden de la popular ayuda para dormir.<\/p>\n<p class=\"speakable\">En una entrevista con el presentador de YouTube Andrew Callaghan que se lanz\u00f3 el lunes, Hunter Biden aleg\u00f3 que las pastillas para dormir podr\u00edan haber contribuido a las aparentes luchas cognitivas de su padre durante el primer debate presidencial de 2024.<\/p>\n<p>\u00abTiene 81 a\u00f1os. Est\u00e1 cansado como S &#8212;-. Le dan Ambien para poder dormir\u00bb, afirm\u00f3 el hijo del ex presidente. \u00abSe sube al escenario, y parece que es un ciervo en los faros delanteros. Y alimenta una historia de F &#8212;&#8212; que cualquiera quiere contar\u00bb.<\/p>\n<p><strong><u>Ambien bajo escrutinio en medio de afirmaciones que Joe Biden hab\u00eda estado tomando drogas para dormir<\/u><\/strong><\/p>\n<p>En medio de estas afirmaciones, algunos han expresado su preocupaci\u00f3n por el posible uso de la droga por parte del ex presidente, que se ha relacionado con problemas de memoria y atenuaci\u00f3n diurna.<\/p>\n<p>Ambien (nombre gen\u00e9rico Zolpidem), un medicamento recetado para el insomnio, est\u00e1 destinado solo para uso a corto plazo, seg\u00fan GoodRX.<\/p>\n<div class=\"image-ct inline\">\n<div class=\"m\"><picture><source media=\"(max-width: 767px)\" srcset=\"https:\/\/a57.foxnews.com\/static.foxnews.com\/foxnews.com\/content\/uploads\/2025\/07\/343\/192\/ambien-joe-biden.jpg?ve=1&amp;tl=1, https:\/\/a57.foxnews.com\/static.foxnews.com\/foxnews.com\/content\/uploads\/2025\/07\/686\/384\/ambien-joe-biden.jpg?ve=1&amp;tl=1 2x\" height=\"192\" width=\"343\"><source media=\"(min-width: 768px) and (max-width: 1023px)\" srcset=\"https:\/\/a57.foxnews.com\/static.foxnews.com\/foxnews.com\/content\/uploads\/2025\/07\/672\/378\/ambien-joe-biden.jpg?ve=1&amp;tl=1, https:\/\/a57.foxnews.com\/static.foxnews.com\/foxnews.com\/content\/uploads\/2025\/07\/1344\/756\/ambien-joe-biden.jpg?ve=1&amp;tl=1 2x\" height=\"378\" width=\"672\"><source media=\"(min-width: 1024px) and (max-width: 1279px)\" srcset=\"https:\/\/a57.foxnews.com\/static.foxnews.com\/foxnews.com\/content\/uploads\/2025\/07\/931\/523\/ambien-joe-biden.jpg?ve=1&amp;tl=1, https:\/\/a57.foxnews.com\/static.foxnews.com\/foxnews.com\/content\/uploads\/2025\/07\/1862\/1046\/ambien-joe-biden.jpg?ve=1&amp;tl=1 2x\" height=\"523\" width=\"931\"><source media=\"(min-width: 1280px)\" srcset=\"https:\/\/a57.foxnews.com\/static.foxnews.com\/foxnews.com\/content\/uploads\/2025\/07\/720\/405\/ambien-joe-biden.jpg?ve=1&amp;tl=1, https:\/\/a57.foxnews.com\/static.foxnews.com\/foxnews.com\/content\/uploads\/2025\/07\/1440\/810\/ambien-joe-biden.jpg?ve=1&amp;tl=1 2x\" height=\"405\" width=\"720\"><img loading=\"lazy\" decoding=\"async\" src=\"https:\/\/a57.foxnews.com\/static.foxnews.com\/foxnews.com\/content\/uploads\/2025\/07\/1200\/675\/ambien-joe-biden.jpg?ve=1&amp;tl=1\" alt=\"Medicaci\u00f3n de Sleep Ambien - Joe Biden\" width=\"1200\" height=\"675\"\/><\/source><\/source><\/source><\/source><\/picture><\/div>\n<div class=\"info\">\n<div class=\"caption\">\n<p><span>En una entrevista publicada esta semana, Hunter Biden aleg\u00f3 que las pastillas para dormir podr\u00edan haber contribuido a las aparentes luchas cognitivas de su padre durante el primer debate presidencial de 2024.<\/span> <span>(Getty Images)<\/span><\/p>\n<\/div>\n<\/div>\n<\/div>\n<p>Algunos de los efectos secundarios m\u00e1s graves y raros pueden incluir alucinaciones, \u00abpensamiento anormal y comportamiento\u00bb y \u00abposible mayor riesgo de demencia en adultos mayores\u00bb.<\/p>\n<p>Durante una aparici\u00f3n el martes en \u00abFox and Friends\u00bb, la reportera pol\u00edtica y autora Salena Zito coment\u00f3 sobre el presunto uso de Ambien por parte del presidente.<\/p>\n<p><strong><u>Los m\u00e9dicos expresan su preocupaci\u00f3n por los aparentes problemas cognitivos de Biden durante el debate: \u00abindicadores preocupantes\u00bb<\/u><\/strong><\/p>\n<p>\u00abPara el tipo que se supone que debe contestar las llamadas telef\u00f3nicas de las 3 am, es desconcertante\u00bb, dijo. <\/p>\n<p>\u00abNo puedo imaginar que un m\u00e9dico le prescribiera eso a un presidente, y no puedo imaginar que esto haya sido un secreto\u00bb.<\/p>\n<h2><strong>\u00bfQui\u00e9n no deber\u00eda tomar Ambien?<\/strong><\/h2>\n<p>La informaci\u00f3n de prescripci\u00f3n del medicamento advierte sobre el \u00abdeterioro potencial de las actividades que requieren un alerta mental completa\u00bb, incluida la operaci\u00f3n de maquinaria o conducir un veh\u00edculo motorizado, que puede durar hasta el d\u00eda despu\u00e9s de tomarlo.<\/p>\n<p>La Administraci\u00f3n Federal de Aviaci\u00f3n (FAA) afirma que los pilotos y la tripulaci\u00f3n no deben volar dentro de las 24 horas posteriores a tomar una ayuda para dormir.<\/p>\n<blockquote class=\"pull-quote\">\n<p class=\"quote-text\">\u00abPara el tipo que se supone que debe contestar las llamadas telef\u00f3nicas de las 3 am, es desconcertante\u00bb.<\/p>\n<p> <!----><\/p><\/blockquote>\n<p>\u00abTodas las ayudas para dormir actualmente disponibles, tanto recetadas como OTC, pueden causar deterioro de los procesos mentales y los tiempos de reacci\u00f3n, incluso cuando el individuo se siente completamente despierto\u00bb, afirma la agencia en sus pautas de \u00abno volar\u00bb.<\/p>\n<div class=\"image-ct inline\">\n<div class=\"m\"><picture><source media=\"(max-width: 767px)\" srcset=\"https:\/\/a57.foxnews.com\/static.foxnews.com\/foxnews.com\/content\/uploads\/2025\/07\/343\/192\/sleepy-pilot.jpg?ve=1&amp;tl=1, https:\/\/a57.foxnews.com\/static.foxnews.com\/foxnews.com\/content\/uploads\/2025\/07\/686\/384\/sleepy-pilot.jpg?ve=1&amp;tl=1 2x\" height=\"192\" width=\"343\"><source media=\"(min-width: 768px) and (max-width: 1023px)\" srcset=\"https:\/\/a57.foxnews.com\/static.foxnews.com\/foxnews.com\/content\/uploads\/2025\/07\/672\/378\/sleepy-pilot.jpg?ve=1&amp;tl=1, https:\/\/a57.foxnews.com\/static.foxnews.com\/foxnews.com\/content\/uploads\/2025\/07\/1344\/756\/sleepy-pilot.jpg?ve=1&amp;tl=1 2x\" height=\"378\" width=\"672\"><source media=\"(min-width: 1024px) and (max-width: 1279px)\" srcset=\"https:\/\/a57.foxnews.com\/static.foxnews.com\/foxnews.com\/content\/uploads\/2025\/07\/931\/523\/sleepy-pilot.jpg?ve=1&amp;tl=1, https:\/\/a57.foxnews.com\/static.foxnews.com\/foxnews.com\/content\/uploads\/2025\/07\/1862\/1046\/sleepy-pilot.jpg?ve=1&amp;tl=1 2x\" height=\"523\" width=\"931\"><source media=\"(min-width: 1280px)\" srcset=\"https:\/\/a57.foxnews.com\/static.foxnews.com\/foxnews.com\/content\/uploads\/2025\/07\/720\/405\/sleepy-pilot.jpg?ve=1&amp;tl=1, https:\/\/a57.foxnews.com\/static.foxnews.com\/foxnews.com\/content\/uploads\/2025\/07\/1440\/810\/sleepy-pilot.jpg?ve=1&amp;tl=1 2x\" height=\"405\" width=\"720\"><img loading=\"lazy\" decoding=\"async\" src=\"https:\/\/a57.foxnews.com\/static.foxnews.com\/foxnews.com\/content\/uploads\/2025\/07\/1200\/675\/sleepy-pilot.jpg?ve=1&amp;tl=1\" alt=\"Piloto somnoliento\" width=\"1200\" height=\"675\"\/><\/source><\/source><\/source><\/source><\/picture><\/div>\n<div class=\"info\">\n<div class=\"caption\">\n<p><span>La Administraci\u00f3n Federal de Aviaci\u00f3n (FAA) afirma que los pilotos y la tripulaci\u00f3n no deben volar dentro de las 24 horas posteriores a tomar una ayuda para dormir.<\/span> <span>(Istock)<\/span><\/p>\n<\/div>\n<\/div>\n<\/div>\n<p>Los operadores de equipos pesados y maquinaria tambi\u00e9n deben abstenerse de operar maquinaria dentro de siete a ocho horas, o idealmente hasta el d\u00eda siguiente, despu\u00e9s de tomar el medicamento debido a la retraso de recuperaci\u00f3n cognitiva y motora, de acuerdo con la informaci\u00f3n de prescripci\u00f3n del medicamento.<\/p>\n<p><strong><u>Haga clic aqu\u00ed para registrarse en nuestro bolet\u00edn de salud<\/u><\/strong><\/p>\n<p>Los conductores de camiones comerciales deben adherirse a estas mismas precauciones. <\/p>\n<p>Para los conductores que toman una ayuda para dormir recetada, la Administraci\u00f3n Federal de Seguridad del Motorizador de Autoristas establece que un m\u00e9dico forense revisar\u00e1 cada medicamento y solicitar\u00e1 una carta del m\u00e9dico que prescribiera para determinar si el medicamento \u00abafectar\u00e1 negativamente la operaci\u00f3n segura\u00bb de un veh\u00edculo automotor comercial.<\/p>\n<div class=\"image-ct inline\">\n<div class=\"m\"><picture><source media=\"(max-width: 767px)\" srcset=\"https:\/\/a57.foxnews.com\/static.foxnews.com\/foxnews.com\/content\/uploads\/2025\/07\/343\/192\/drowsy-truck-driver.jpg?ve=1&amp;tl=1, https:\/\/a57.foxnews.com\/static.foxnews.com\/foxnews.com\/content\/uploads\/2025\/07\/686\/384\/drowsy-truck-driver.jpg?ve=1&amp;tl=1 2x\" height=\"192\" width=\"343\"><source media=\"(min-width: 768px) and (max-width: 1023px)\" srcset=\"https:\/\/a57.foxnews.com\/static.foxnews.com\/foxnews.com\/content\/uploads\/2025\/07\/672\/378\/drowsy-truck-driver.jpg?ve=1&amp;tl=1, https:\/\/a57.foxnews.com\/static.foxnews.com\/foxnews.com\/content\/uploads\/2025\/07\/1344\/756\/drowsy-truck-driver.jpg?ve=1&amp;tl=1 2x\" height=\"378\" width=\"672\"><source media=\"(min-width: 1024px) and (max-width: 1279px)\" srcset=\"https:\/\/a57.foxnews.com\/static.foxnews.com\/foxnews.com\/content\/uploads\/2025\/07\/931\/523\/drowsy-truck-driver.jpg?ve=1&amp;tl=1, https:\/\/a57.foxnews.com\/static.foxnews.com\/foxnews.com\/content\/uploads\/2025\/07\/1862\/1046\/drowsy-truck-driver.jpg?ve=1&amp;tl=1 2x\" height=\"523\" width=\"931\"><source media=\"(min-width: 1280px)\" srcset=\"https:\/\/a57.foxnews.com\/static.foxnews.com\/foxnews.com\/content\/uploads\/2025\/07\/720\/405\/drowsy-truck-driver.jpg?ve=1&amp;tl=1, https:\/\/a57.foxnews.com\/static.foxnews.com\/foxnews.com\/content\/uploads\/2025\/07\/1440\/810\/drowsy-truck-driver.jpg?ve=1&amp;tl=1 2x\" height=\"405\" width=\"720\"><img loading=\"lazy\" decoding=\"async\" src=\"https:\/\/a57.foxnews.com\/static.foxnews.com\/foxnews.com\/content\/uploads\/2025\/07\/1200\/675\/drowsy-truck-driver.jpg?ve=1&amp;tl=1\" alt=\"Conductor de cami\u00f3n somnoliento\" width=\"1200\" height=\"675\"\/><\/source><\/source><\/source><\/source><\/picture><\/div>\n<div class=\"info\">\n<div class=\"caption\">\n<p><span>Para los conductores que toman una ayuda para dormir recetada, la Administraci\u00f3n Federal de Seguridad del Motorizador de Autoristas establece que un m\u00e9dico forense revisar\u00e1 cada medicamento y solicitar\u00e1 una carta del m\u00e9dico que prescribiera para determinar si el medicamento \u00abafectar\u00e1 negativamente la operaci\u00f3n segura\u00bb de un veh\u00edculo automotor comercial.<\/span> <span>(Istock)<\/span><\/p>\n<\/div>\n<\/div>\n<\/div>\n<p>Los expertos tambi\u00e9n instan a la precauci\u00f3n por la aplicaci\u00f3n de la ley, los socorristas y los trabajadores m\u00e9dicos en entornos de atenci\u00f3n m\u00e9dica agudos debido al riesgo de tiempo de reacci\u00f3n lento, \u00abniebla cognitiva\u00bb y errores en el juicio.<\/p>\n<p>\u00abCreo que puede haber momentos en que los m\u00e9dicos requieren ayudas para dormir, pero no de una manera en la que puedan interferir con el rendimiento durante los procedimientos\u00bb, dijo a Fox Digital el Dr. Marc Siegel, analista m\u00e9dico senior de Fox News.<\/p>\n<p><strong><u>Haga clic aqu\u00ed para obtener la aplicaci\u00f3n Fox News<\/u><\/strong><\/p>\n<p>Para el personal militar, el Departamento de Defensa (DOD) requiere que los miembros del servicio duerman un m\u00ednimo de siete horas por noche para la \u00abpreparaci\u00f3n militar\u00bb. <\/p>\n<p>El Departamento de Defensa tambi\u00e9n ha advertido sobre los \u00abefectos secundarios negativos fisiol\u00f3gicos y cognitivos\u00bb de las ayudas para el sue\u00f1o.<\/p>\n<p><i><strong><u>Para m\u00e1s art\u00edculos de salud, visite <\/u><\/strong><\/i><i><strong><u>www.foxnews.com\/Health<\/u><\/strong><\/i><\/p>\n<p>Fox News Digital se comunic\u00f3 con los representantes de Joe Biden y a Cosette Pharmaceuticals, el actual fabricante de Ambien, para hacer comentarios.<\/p>\n<p> <!----> <\/p>\n<div class=\"article-meta\">\n<div class=\"author-bio\">\n<p>Melissa Rudy es editora de salud senior y miembro del equipo de estilo de vida en Fox News Digital. Los consejos de la historia se pueden enviar a melissa.rudy@fox.com.<\/p>\n<\/div>\n<\/div>\n<\/div>\n\n","protected":false},"excerpt":{"rendered":"<p>NUEVO\u00a1Ahora puedes escuchar art\u00edculos de Fox News! Ambien est\u00e1 bajo escrutinio tras afirmaciones recientes sobre el uso de Joe Biden de la popular ayuda para dormir. En una entrevista con el presentador de YouTube Andrew Callaghan que se lanz\u00f3 el lunes, Hunter Biden aleg\u00f3 que las pastillas para dormir podr\u00edan haber contribuido a las aparentes &hellip;<\/p>\n","protected":false},"author":1,"featured_media":37321,"comment_status":"open","ping_status":"open","sticky":false,"template":"","format":"standard","meta":{"fifu_image_url":"https:\/\/a57.foxnews.com\/static.foxnews.com\/foxnews.com\/content\/uploads\/2025\/07\/1200\/675\/ambien-joe-biden.jpg?ve=1&tl=1","fifu_image_alt":"","footnotes":""},"categories":[8],"tags":[],"class_list":["post-37319","post","type-post","status-publish","format-standard","has-post-thumbnail","","category-salud"],"_links":{"self":[{"href":"https:\/\/noticiasveraces.com\/index.php?rest_route=\/wp\/v2\/posts\/37319","targetHints":{"allow":["GET"]}}],"collection":[{"href":"https:\/\/noticiasveraces.com\/index.php?rest_route=\/wp\/v2\/posts"}],"about":[{"href":"https:\/\/noticiasveraces.com\/index.php?rest_route=\/wp\/v2\/types\/post"}],"author":[{"embeddable":true,"href":"https:\/\/noticiasveraces.com\/index.php?rest_route=\/wp\/v2\/users\/1"}],"replies":[{"embeddable":true,"href":"https:\/\/noticiasveraces.com\/index.php?rest_route=%2Fwp%2Fv2%2Fcomments&post=37319"}],"version-history":[{"count":0,"href":"https:\/\/noticiasveraces.com\/index.php?rest_route=\/wp\/v2\/posts\/37319\/revisions"}],"wp:featuredmedia":[{"embeddable":true,"href":"https:\/\/noticiasveraces.com\/index.php?rest_route=\/wp\/v2\/media\/37321"}],"wp:attachment":[{"href":"https:\/\/noticiasveraces.com\/index.php?rest_route=%2Fwp%2Fv2%2Fmedia&parent=37319"}],"wp:term":[{"taxonomy":"category","embeddable":true,"href":"https:\/\/noticiasveraces.com\/index.php?rest_route=%2Fwp%2Fv2%2Fcategories&post=37319"},{"taxonomy":"post_tag","embeddable":true,"href":"https:\/\/noticiasveraces.com\/index.php?rest_route=%2Fwp%2Fv2%2Ftags&post=37319"}],"curies":[{"name":"wp","href":"https:\/\/api.w.org\/{rel}","templated":true}]}}