{"id":37312,"date":"2025-07-24T07:49:12","date_gmt":"2025-07-24T11:49:12","guid":{"rendered":"https:\/\/noticiasveraces.com\/?p=37312"},"modified":"2025-07-24T07:49:12","modified_gmt":"2025-07-24T11:49:12","slug":"vacio-total-en-seleccionadas-alemanas-eliminadas-por-espana-dw-24-07-2025","status":"publish","type":"post","link":"https:\/\/noticiasveraces.com\/?p=37312","title":{"rendered":"Vac\u00edo total\u00bb en seleccionadas alemanas eliminadas por Espa\u00f1a \u2013 DW \u2013 24\/07\/2025"},"content":{"rendered":"<p> \n<\/p>\n<div>\n<p>Las l\u00e1grimas se hab\u00edan secado cuando la portera Ann-Katrin Berger y sus compa\u00f1eras abandonaron la lluviosa Z\u00farich. Sin embargo, la frustraci\u00f3n y la decepci\u00f3n a\u00fan prevalec\u00edan entre las futbolistas por la derrota en la semfinal de la Eurocopa femenina 2025, contra la selecci\u00f3n de Espa\u00f1a. Con una foto como recuerdo de las inolvidables semanas en la Eurocopa, las jugadoras del combinado se arrastraron hasta los pocos aficionados que hab\u00eda frente al hotel, firmaron aut\u00f3grafos y sonrieron con esfuerzo para las fotos, antes de despedirse. Las vacaciones les ayudar\u00e1n a digerir el fin de sus sue\u00f1os de t\u00edtulo contra Espa\u00f1a.<\/p>\n<p>\u00abEl vac\u00edo es total\u00bb, lament\u00f3 el entrenador de la selecci\u00f3n alemana femenina, Christian W\u00fcck. Luego de su \u00e9pico partido, con victoria en desventaja num\u00e9rica frente a la selecci\u00f3n de Francia, las germanas se sent\u00edan cerca de la final. Pero lleg\u00f3 en cambio la derrota ante las espa\u00f1olas campeonas del mundo, y la eliminaci\u00f3n por el \u00abdestello genial\u00bb de Aitana Bonmat\u00ed al minuto 113, en un momento demasiado amargo.<\/p>\n<figure class=\"placeholder-image master_landscape right\"><img data-format=\"MASTER_LANDSCAPE\" data-id=\"73390939\" data-url=\"https:\/\/static.dw.com\/image\/73390939_${formatId}.jpg\" data-aspect-ratio=\"16\/9\" alt=\"El gol en contra, al minuto 116 del partido, sumi\u00f3 a las jugadoras alemanas en el desconcierto.\" style=\"padding-bottom: 56.25%; height: 0; max-height: 0;\"\/><figcaption class=\"img-caption\">El gol en contra, al minuto 116 del partido, sumi\u00f3 a las jugadoras alemanas en el desconcierto.<small class=\"copyright\">Imagen: Memmler\/Eibner Press Photo\/Imelo<\/small><\/figcaption><\/figure>\n<h2>Una selecci\u00f3n alemana en evoluci\u00f3n<\/h2>\n<p>Las internacionales alemanas ahora necesitar\u00e1n \u00abtres, cuatro, cinco d\u00edas\u00bb para procesar dicho momento, dijo el seleccionador, \u00aby as\u00ed poder volver a pensar con claridad\u00bb. Pero el final del torneo fue solo el comienzo para el \u00abgrupo joven\u00bb (Berger) que conforma la actual selecci\u00f3n femenina de f\u00fatbol de Alemania.<\/p>\n<p><span data-slot-id=\"Article_InContent-1\" class=\"rich-text-ad\"\/><\/p>\n<p>El conjunto \u00abpuede confiar en el potencial a futuro de cada una\u00bb de las jugadoras, dijo Berger. El futuro, se\u00fan la portera, \u00abser\u00e1 mucho, mucho m\u00e1s grande, sin duda\u00bb. Rebecca Knaak tambi\u00e9n estaba segura: \u00abAlgo grande est\u00e1 creciendo\u00bb en el actual proyecto.<\/p>\n<p>Esto probablemente no anim\u00f3 a la\u00a0 portera Berger. La guardameta, quien hab\u00eda sido celebrada a nivel nacional tras su heroica actuaci\u00f3n contra Francia, asumi\u00f3 la culpa del gol encajado, en el cual no cubri\u00f3 el hueco al primer poste por el cual pas\u00f3 el disparo de Bonmat\u00ed. \u00abLo siento much\u00edsimo. Es culpa m\u00eda\u00bb, dijo la jugadora de 34 a\u00f1os.<\/p>\n<p>Sin embargo, W\u00fcck expres\u00f3 un claro deseo para el futuro. Se necesitan \u00abmuchas m\u00e1s\u00bb Carlotta Wamsers (21) y Franziska Ketts (20). Asegur\u00f3 que \u00abse ha iniciado un desarrollo\u00bb en el f\u00fatbol femenino de Alemania, pero \u00abtenemos que mejorar, especialmente con las selecciones juveniles\u00bb, acot\u00f3.<\/p>\n<figure class=\"placeholder-image master_landscape left\"><img data-format=\"MASTER_LANDSCAPE\" data-id=\"73390790\" data-url=\"https:\/\/static.dw.com\/image\/73390790_${formatId}.jpg\" data-aspect-ratio=\"16\/9\" alt=\"El gol de Aitana Bonmat\u00ed fue un &quot;momento genial&quot;seg\u00fan el entrenador alem\u00e1n Christian W\u00fcck.\" style=\"padding-bottom: 56.25%; height: 0; max-height: 0;\"\/><figcaption class=\"img-caption\">El gol de Aitana Bonmat\u00ed fue un \u00abmomento genial\u00bb, seg\u00fan el entrenador alem\u00e1n Christian W\u00fcck.<small class=\"copyright\">Imagen: Matthew Childs\/Reuters<\/small><\/figcaption><\/figure>\n<p>No obstante, W\u00fcck se mostr\u00f3 \u00aborgulloso\u00bb de que su equipo hubiera \u00abdespertado tanta euforia\u00bb en casa, donde una media de 14,26 millones de personas sintonizaron el partido el mi\u00e9rcoles por la noche.<\/p>\n<p>El camino futuro de la selecci\u00f3n alemana femenina tiene retos claros, con la vista puesta en el Mundial de Brasil 2027, y la semifinal de la Liga de Naciones contra Francia, en octubre pr\u00f3ximo.<\/p>\n<p>(Sid\/El)<\/p>\n<\/div>\n\n","protected":false},"excerpt":{"rendered":"<p>Las l\u00e1grimas se hab\u00edan secado cuando la portera Ann-Katrin Berger y sus compa\u00f1eras abandonaron la lluviosa Z\u00farich. Sin embargo, la frustraci\u00f3n y la decepci\u00f3n a\u00fan prevalec\u00edan entre las futbolistas por la derrota en la semfinal de la Eurocopa femenina 2025, contra la selecci\u00f3n de Espa\u00f1a. Con una foto como recuerdo de las inolvidables semanas en &hellip;<\/p>\n","protected":false},"author":1,"featured_media":37313,"comment_status":"open","ping_status":"open","sticky":false,"template":"","format":"standard","meta":{"fifu_image_url":"https:\/\/static.dw.com\/image\/73390297_6.jpg","fifu_image_alt":"","footnotes":""},"categories":[13],"tags":[],"class_list":["post-37312","post","type-post","status-publish","format-standard","has-post-thumbnail","","category-mundo"],"_links":{"self":[{"href":"https:\/\/noticiasveraces.com\/index.php?rest_route=\/wp\/v2\/posts\/37312","targetHints":{"allow":["GET"]}}],"collection":[{"href":"https:\/\/noticiasveraces.com\/index.php?rest_route=\/wp\/v2\/posts"}],"about":[{"href":"https:\/\/noticiasveraces.com\/index.php?rest_route=\/wp\/v2\/types\/post"}],"author":[{"embeddable":true,"href":"https:\/\/noticiasveraces.com\/index.php?rest_route=\/wp\/v2\/users\/1"}],"replies":[{"embeddable":true,"href":"https:\/\/noticiasveraces.com\/index.php?rest_route=%2Fwp%2Fv2%2Fcomments&post=37312"}],"version-history":[{"count":0,"href":"https:\/\/noticiasveraces.com\/index.php?rest_route=\/wp\/v2\/posts\/37312\/revisions"}],"wp:featuredmedia":[{"embeddable":true,"href":"https:\/\/noticiasveraces.com\/index.php?rest_route=\/wp\/v2\/media\/37313"}],"wp:attachment":[{"href":"https:\/\/noticiasveraces.com\/index.php?rest_route=%2Fwp%2Fv2%2Fmedia&parent=37312"}],"wp:term":[{"taxonomy":"category","embeddable":true,"href":"https:\/\/noticiasveraces.com\/index.php?rest_route=%2Fwp%2Fv2%2Fcategories&post=37312"},{"taxonomy":"post_tag","embeddable":true,"href":"https:\/\/noticiasveraces.com\/index.php?rest_route=%2Fwp%2Fv2%2Ftags&post=37312"}],"curies":[{"name":"wp","href":"https:\/\/api.w.org\/{rel}","templated":true}]}}