{"id":37295,"date":"2025-07-24T04:53:29","date_gmt":"2025-07-24T08:53:29","guid":{"rendered":"https:\/\/noticiasveraces.com\/?p=37295"},"modified":"2025-07-24T04:53:29","modified_gmt":"2025-07-24T08:53:29","slug":"el-xi-de-china-exige-el-manejo-adecuado-de-las-fricciones-en-la-tensa-cumbre-con-funcionarios-de-la-ue","status":"publish","type":"post","link":"https:\/\/noticiasveraces.com\/?p=37295","title":{"rendered":"El XI de China exige el \u00abmanejo adecuado de las fricciones\u00bb en la tensa cumbre con funcionarios de la UE"},"content":{"rendered":"<p> \n<br \/><img decoding=\"async\" src=\"https:\/\/media-cldnry.s-nbcnews.com\/image\/upload\/t_fit_1500w\/rockcms\/2025-07\/250724-xi-and-ursula-rs-7e5ec9.jpg\" \/><\/p>\n<div>\n<p id=\"anchor-083718\" class=\"body-graf\">BEIJING &#8211; El presidente chino, Xi Jinping, inst\u00f3 el jueves a los altos funcionarios de la Uni\u00f3n Europea a \u00abmanejar adecuadamente las diferencias y fricciones\u00bb, ya que critic\u00f3 las recientes acciones comerciales de Bruselas contra Beijing en una tensa cumbre dominada por las preocupaciones sobre el comercio y la guerra de Ucrania.<\/p>\n<p id=\"anchor-785e84\" class=\"body-graf\">Las expectativas fueron bajas para la cumbre en la capital china que marca 50 a\u00f1os de lazos diplom\u00e1ticos despu\u00e9s de semanas de tensi\u00f3n creciente y disputas por su formato, con la duraci\u00f3n a la mitad abruptamente a un solo d\u00eda a pedido de Beijing.<\/p>\n<p id=\"anchor-4c68cd\" class=\"body-graf\">\u00abLos desaf\u00edos actuales que enfrenta Europa no provienen de China\u00bb, dijo Xi al presidente de la Comisi\u00f3n Europea, Ursula von der Leyen, y el presidente del Consejo Europeo, Antonio Costa, la agencia estatal de noticias Xinhua.<\/p>\n<p id=\"anchor-b8cd00\" class=\"body-graf\">Inst\u00f3 a la UE a \u00abadherirse a abrir la cooperaci\u00f3n y manejar adecuadamente las diferencias y fricciones\u00bb, despu\u00e9s de que Von der Leyen pidi\u00f3 un reequilibrio de los lazos comerciales con la segunda econom\u00eda m\u00e1s grande del mundo, diciendo que las relaciones estaban en un \u00abpunto de inflexi\u00f3n\u00bb.<\/p>\n<p id=\"anchor-c2bf3b\" class=\"body-graf\">\u00abMejorar la competitividad no puede confiar en &#8216;construir muros y fortalezas'\u00bb, agreg\u00f3 Xi, seg\u00fan Xinhua. \u00ab&#8216;Las cadenas de desacoplamiento y ruptura&#8217; solo dar\u00e1n como resultado un aislamiento\u00bb.<\/p>\n<p id=\"anchor-be7ddd\" class=\"body-graf\">\u00abSe espera que el lado europeo mantenga el mercado de comercio e inversi\u00f3n abierto y se abstiene de utilizar herramientas econ\u00f3micas y comerciales restrictivas\u00bb, dijo Xi.<\/p>\n<p id=\"anchor-0e6f5c\" class=\"body-graf\">Durante la reuni\u00f3n en el Gran Sal\u00f3n del Pueblo de Beijing, Von der Leyen le dijo a Xi: \u00abA medida que nuestra cooperaci\u00f3n se ha profundizado, tambi\u00e9n lo han hecho desequilibrios\u00bb, seg\u00fan un informe de la piscina.<\/p>\n<p id=\"anchor-87d9df\" class=\"body-graf\">\u00abHemos alcanzado un punto de inflexi\u00f3n\u00bb, agreg\u00f3, instando a China a \u00abpresentar soluciones reales\u00bb.<\/p>\n<p id=\"anchor-01a8b7\" class=\"body-graf\">Se refer\u00eda al d\u00e9ficit comercial de la UE con China, que se dispar\u00f3 a 305.8 mil millones de euros hist\u00f3ricos ($ 360 mil millones) el a\u00f1o pasado.<\/p>\n<p id=\"anchor-c70a7f\" class=\"body-graf\">Las acciones comerciales de la UE en el \u00faltimo a\u00f1o se han dirigido a las exportaciones chinas de EV entre otros bienes, y sus funcionarios se han quejado repetidamente de la sobrecapacidad industrial china.<\/p>\n<p id=\"anchor-89bcbe\" class=\"body-graf\">En otras cr\u00edticas veladas de la reciente postura agresiva de Bruselas sobre China, Xi tambi\u00e9n advirti\u00f3 a los l\u00edderes de la UE que \u00abtomen decisiones estrat\u00e9gicas correctas\u00bb.<\/p>\n<p id=\"anchor-272950\" class=\"body-graf\">Los dos funcionarios de la UE estaban programados para reunirse con el primer ministro chino Li Qiang m\u00e1s tarde. Ambas partes esperan alcanzar una modesta declaraci\u00f3n conjunta sobre el clima, ahora uno de los puntos brillantes raros en su cooperaci\u00f3n.<\/p>\n<p id=\"anchor-a08565\" class=\"body-graf\">Al comienzo del segundo mandato del presidente Donald Trump, ambas partes tuvieron m\u00e1s consenso en trabajar juntos para abordar los desaf\u00edos comerciales de los Estados Unidos, dijo Cui Hongjian, profesor de pol\u00edtica exterior en la Universidad de Estudios Extranjeros de Beijing.<\/p>\n<p id=\"anchor-f188be\" class=\"body-graf\">\u00abRecientemente la situaci\u00f3n ha cambiado\u00bb, dijo Cui. \u00abLa UE ha seguido comprometi\u00e9ndose con los Estados Unidos, lo que significa que actualmente hay una falta de impulso para que los lazos de la UE-China se acercan\u00bb.<\/p>\n<p id=\"anchor-d84a50\" class=\"body-graf\">El per\u00edodo previo a la cumbre vio disputas comerciales de tit-for-ot y una ret\u00f3rica europea agresiva, como una acusaci\u00f3n del 8 de julio de Von der Leyen de que China estaba inundando los mercados globales como resultado de su sobrecapacidad y \u00abpermitiendo la econom\u00eda de guerra de Rusia\u00bb.<\/p>\n<p id=\"anchor-fca78f\" class=\"body-graf\">Sin embargo, en una publicaci\u00f3n sobre X el jueves, von der Leyen dio un tono m\u00e1s conciliador, describiendo la cumbre como una oportunidad para \u00abavanzar y reequilibrar nuestra relaci\u00f3n\u00bb.<\/p>\n<p id=\"anchor-b27fdd\" class=\"body-graf\">Se espera que los temas europeos planteen en las conversaciones son veh\u00edculos el\u00e9ctricos y los controles de exportaci\u00f3n de tierras raras de China que interrumpieron las cadenas de suministro de todo el mundo, lo que causa partos temporales en las l\u00edneas de producci\u00f3n automotriz europeas en mayo.<\/p>\n<p id=\"anchor-fdda6c\" class=\"body-graf\">Pero las exportaciones de China de imanes de tierras raras a la UE aumentaron en junio en un 245% desde mayo, para pararse en 1.364 toneladas m\u00e9tricas (1,503 toneladas cortas), aunque eso todav\u00eda era un 35% m\u00e1s bajo que la cifra de costos de a\u00f1o, mostraron los datos de aduanas.<\/p>\n<p id=\"anchor-24eef1\" class=\"endmark body-graf\">Es probable que la UE selle un acuerdo comercial con Estados Unidos para una arancel amplia del 15% en sus exportaciones despu\u00e9s de intensas negociaciones, evitando una cifra m\u00e1s dura del 30% amenazada por Trump.<\/p>\n<\/div>\n\n","protected":false},"excerpt":{"rendered":"<p>BEIJING &#8211; El presidente chino, Xi Jinping, inst\u00f3 el jueves a los altos funcionarios de la Uni\u00f3n Europea a \u00abmanejar adecuadamente las diferencias y fricciones\u00bb, ya que critic\u00f3 las recientes acciones comerciales de Bruselas contra Beijing en una tensa cumbre dominada por las preocupaciones sobre el comercio y la guerra de Ucrania. Las expectativas fueron &hellip;<\/p>\n","protected":false},"author":1,"featured_media":37297,"comment_status":"open","ping_status":"open","sticky":false,"template":"","format":"standard","meta":{"fifu_image_url":"https:\/\/media-cldnry.s-nbcnews.com\/image\/upload\/t_nbcnews-fp-1200-630,f_auto,q_auto:best\/rockcms\/2025-07\/250724-xi-and-ursula-rs-7e5ec9.jpg","fifu_image_alt":"","footnotes":""},"categories":[4],"tags":[],"class_list":["post-37295","post","type-post","status-publish","format-standard","has-post-thumbnail","","category-historias-destacadas"],"_links":{"self":[{"href":"https:\/\/noticiasveraces.com\/index.php?rest_route=\/wp\/v2\/posts\/37295","targetHints":{"allow":["GET"]}}],"collection":[{"href":"https:\/\/noticiasveraces.com\/index.php?rest_route=\/wp\/v2\/posts"}],"about":[{"href":"https:\/\/noticiasveraces.com\/index.php?rest_route=\/wp\/v2\/types\/post"}],"author":[{"embeddable":true,"href":"https:\/\/noticiasveraces.com\/index.php?rest_route=\/wp\/v2\/users\/1"}],"replies":[{"embeddable":true,"href":"https:\/\/noticiasveraces.com\/index.php?rest_route=%2Fwp%2Fv2%2Fcomments&post=37295"}],"version-history":[{"count":0,"href":"https:\/\/noticiasveraces.com\/index.php?rest_route=\/wp\/v2\/posts\/37295\/revisions"}],"wp:featuredmedia":[{"embeddable":true,"href":"https:\/\/noticiasveraces.com\/index.php?rest_route=\/wp\/v2\/media\/37297"}],"wp:attachment":[{"href":"https:\/\/noticiasveraces.com\/index.php?rest_route=%2Fwp%2Fv2%2Fmedia&parent=37295"}],"wp:term":[{"taxonomy":"category","embeddable":true,"href":"https:\/\/noticiasveraces.com\/index.php?rest_route=%2Fwp%2Fv2%2Fcategories&post=37295"},{"taxonomy":"post_tag","embeddable":true,"href":"https:\/\/noticiasveraces.com\/index.php?rest_route=%2Fwp%2Fv2%2Ftags&post=37295"}],"curies":[{"name":"wp","href":"https:\/\/api.w.org\/{rel}","templated":true}]}}