{"id":37291,"date":"2025-07-24T03:39:55","date_gmt":"2025-07-24T07:39:55","guid":{"rendered":"https:\/\/noticiasveraces.com\/?p=37291"},"modified":"2025-07-24T03:39:55","modified_gmt":"2025-07-24T07:39:55","slug":"von-der-leyen-aboga-por-reequilibrar-lazos-con-china-dw-24-07-2025","status":"publish","type":"post","link":"https:\/\/noticiasveraces.com\/?p=37291","title":{"rendered":"Von der Leyen aboga por \u00abreequilibrar\u00bb lazos con China \u2013 DW \u2013 24\/07\/2025"},"content":{"rendered":"<p> \n<\/p>\n<div>\n<p>La presidenta de la Comisi\u00f3n Europea, Ursula von der Leyen, abog\u00f3 este jueves (24.07.2025) por \u00abreequilibrar\u00bb una relaci\u00f3n entre Pek\u00edn, y dijo Bruselas que ha llegado a su \u00abpunto de inflexi\u00f3n\u00bb, durante la cumbre China-UE celebrada hoy en la capital china.<\/p>\n<p>En su intervenci\u00f3n inicial durante su reuni\u00f3n con el presidente chino, Xi Jinping, Von der Leyen lament\u00f3 los \u00abcrecientes desequilibrios\u00bb en la relaci\u00f3n de la Uni\u00f3n Europea (UE) con China a medida que \u00abla cooperaci\u00f3n entre ambos se ha profundizado\u00bb, seg\u00fan un comunicado publicado por la Comisi\u00f3n Europea.<\/p>\n<p>Acompa\u00f1ada en Pek\u00edn por el presidente del Consejo Europeo, Ant\u00f3nio Costa, la presidenta de la Comisi\u00f3n indic\u00f3 que desde el establecimiento de relaciones entre la UE y China, de las que hoy se cumplen 50 a\u00f1os, \u00abla cooperaci\u00f3n ha crecido en profundidad y escala y tanto China como Europa han cambiado enormemente\u00bb.<\/p>\n<figure class=\"placeholder-image master_landscape right\"><img data-format=\"MASTER_LANDSCAPE\" data-id=\"73391768\" data-url=\"https:\/\/static.dw.com\/image\/73391768_${formatId}.jpg\" data-aspect-ratio=\"16\/9\" alt=\"China Beijing 2025 | Delegaci\u00f3n de la UE antes de la Cumbre de la UE China en el gran sal\u00f3n de la gente\" style=\"padding-bottom: 56.25%; height: 0; max-height: 0;\"\/><figcaption class=\"img-caption\"><small class=\"copyright\">Imagen: Andres Martinez Casares\/EPA\/dpa\/picture alliance<\/small><\/figcaption><\/figure>\n<p>Von der Leyen asever\u00f3 que los europeos han \u00abcreado la UE y un Mercado \u00danico de alrededor de 450 millones de personas\u00bb, mientras China \u00abse ha convertido en una potencia manufacturera y tecnol\u00f3gica, con 800 millones de personas saliendo de la pobreza\u00bb.<\/p>\n<p>\u00abEs una transformaci\u00f3n que ha impresionado e inspirado al mundo\u00bb, asegur\u00f3 y a\u00f1adi\u00f3: \u00abNuestra relaci\u00f3n es una de las m\u00e1s importantes y trascendentales del mundo\u00bb.<\/p>\n<p>La presidenta de la Comisi\u00f3n Europea se\u00f1al\u00f3 que la UE \u00abha apoyado el desarrollo econ\u00f3mico de China durante d\u00e9cadas y contin\u00faa haci\u00e9ndolo\u00bb, si bien lament\u00f3 \u00ablos desequilibrios\u00bb surgidos.<\/p>\n<figure class=\"placeholder-image master_landscape left\"><img data-format=\"MASTER_LANDSCAPE\" data-id=\"73391734\" data-url=\"https:\/\/static.dw.com\/image\/73391734_${formatId}.jpg\" data-aspect-ratio=\"16\/9\" alt=\"China Beijing 2025 | Cumbre de la UE China con Xi Jinping y los mejores pol\u00edticos europeos\" style=\"padding-bottom: 56.25%; height: 0; max-height: 0;\"\/><figcaption class=\"img-caption\"><small class=\"copyright\">Imagen: Andres Martinez Casares\/AP Photo\/picture alliance<\/small><\/figcaption><\/figure>\n<p>\u00abHemos llegado a un punto de inflexi\u00f3n. Reequilibrar nuestra relaci\u00f3n bilateral es esencial\u00bb, declar\u00f3 y agreg\u00f3 que \u00abpara ser sostenibles, las relaciones deben ser mutuamente beneficiosas\u00bb.<\/p>\n<p>Von der Leyen recomend\u00f3 que China y Europa \u00abreconozcan sus preocupaciones y propongan soluciones reales\u00bb.<\/p>\n<p>Al mismo tiempo, destac\u00f3 la \u00abagenda positiva\u00bb de ambas partes en la protecci\u00f3n del medio ambiente y subray\u00f3 el compromiso bilateral con el Acuerdo de Par\u00eds, del que Estados Unidos anunci\u00f3 su retirada este a\u00f1o.<\/p>\n<p>Xi Jinping: relaciones entre China y la UE para aportar \u00abm\u00e1s estabilidad y certidumbre\u00bb<\/p>\n<p>Por su parte, Xi inst\u00f3 a que las relaciones entre China y la UE aporten \u00abm\u00e1s estabilidad y certidumbre\u00bb en un contexto internacional \u00abcambiante y complejo\u00bb, seg\u00fan un comunicado de la Canciller\u00eda china.<\/p>\n<p>Xi afirm\u00f3 que la relaci\u00f3n entre ambas partes se encuentra en un \u00abpunto cr\u00edtico\u00bb y subray\u00f3 la necesidad de \u00abrespetarse mutuamente y buscar puntos en com\u00fan\u00bb.<\/p>\n<p>Bruselas hab\u00eda avanzado que trasladar\u00eda a Pek\u00edn su malestar por las barreras al acceso al mercado chino, la falta de reciprocidad, el uso de tierras raras como herramienta de presi\u00f3n y las pr\u00e1cticas industriales de China que considera \u00abinjustas\u00bb.<\/p>\n<p>Los europeos indicaron que abordar\u00edan asimismo en la cumbre su preocupaci\u00f3n por el desequilibrio comercial con China, que el Consejo Europeo ha calificado de \u00abinsostenible\u201d y ha instado a corregir mediante una relaci\u00f3n \u00abjusta y equilibrada\u201d.<\/p>\n<p>La UE adelant\u00f3 asimismo que instar\u00eda a China a poner fin a cualquier tipo de apoyo a Rusia, pa\u00eds con el que Pek\u00edn ha reforzado sus lazos en los \u00faltimos tres a\u00f1os pese a la agresi\u00f3n rusa a Ucrania.<\/p>\n<p>CP (EFE, AFP)<\/p>\n<\/div>\n\n","protected":false},"excerpt":{"rendered":"<p>La presidenta de la Comisi\u00f3n Europea, Ursula von der Leyen, abog\u00f3 este jueves (24.07.2025) por \u00abreequilibrar\u00bb una relaci\u00f3n entre Pek\u00edn, y dijo Bruselas que ha llegado a su \u00abpunto de inflexi\u00f3n\u00bb, durante la cumbre China-UE celebrada hoy en la capital china. En su intervenci\u00f3n inicial durante su reuni\u00f3n con el presidente chino, Xi Jinping, Von &hellip;<\/p>\n","protected":false},"author":1,"featured_media":37292,"comment_status":"open","ping_status":"open","sticky":false,"template":"","format":"standard","meta":{"fifu_image_url":"https:\/\/static.dw.com\/image\/73391794_6.jpg","fifu_image_alt":"","footnotes":""},"categories":[13],"tags":[],"class_list":["post-37291","post","type-post","status-publish","format-standard","has-post-thumbnail","","category-mundo"],"_links":{"self":[{"href":"https:\/\/noticiasveraces.com\/index.php?rest_route=\/wp\/v2\/posts\/37291","targetHints":{"allow":["GET"]}}],"collection":[{"href":"https:\/\/noticiasveraces.com\/index.php?rest_route=\/wp\/v2\/posts"}],"about":[{"href":"https:\/\/noticiasveraces.com\/index.php?rest_route=\/wp\/v2\/types\/post"}],"author":[{"embeddable":true,"href":"https:\/\/noticiasveraces.com\/index.php?rest_route=\/wp\/v2\/users\/1"}],"replies":[{"embeddable":true,"href":"https:\/\/noticiasveraces.com\/index.php?rest_route=%2Fwp%2Fv2%2Fcomments&post=37291"}],"version-history":[{"count":0,"href":"https:\/\/noticiasveraces.com\/index.php?rest_route=\/wp\/v2\/posts\/37291\/revisions"}],"wp:featuredmedia":[{"embeddable":true,"href":"https:\/\/noticiasveraces.com\/index.php?rest_route=\/wp\/v2\/media\/37292"}],"wp:attachment":[{"href":"https:\/\/noticiasveraces.com\/index.php?rest_route=%2Fwp%2Fv2%2Fmedia&parent=37291"}],"wp:term":[{"taxonomy":"category","embeddable":true,"href":"https:\/\/noticiasveraces.com\/index.php?rest_route=%2Fwp%2Fv2%2Fcategories&post=37291"},{"taxonomy":"post_tag","embeddable":true,"href":"https:\/\/noticiasveraces.com\/index.php?rest_route=%2Fwp%2Fv2%2Ftags&post=37291"}],"curies":[{"name":"wp","href":"https:\/\/api.w.org\/{rel}","templated":true}]}}