{"id":37287,"date":"2025-07-24T01:36:05","date_gmt":"2025-07-24T05:36:05","guid":{"rendered":"https:\/\/noticiasveraces.com\/?p=37287"},"modified":"2025-07-24T01:36:05","modified_gmt":"2025-07-24T05:36:05","slug":"xi-pide-a-ue-reforzar-su-relacion-en-la-direccion-correcta-dw-24-07-2025","status":"publish","type":"post","link":"https:\/\/noticiasveraces.com\/?p=37287","title":{"rendered":"Xi pide a UE reforzar su relaci\u00f3n en la \u00abdirecci\u00f3n correcta\u00bb \u2013 DW \u2013 24\/07\/2025"},"content":{"rendered":"<p> \n<\/p>\n<div>\n<p>El presidente chino, Xi Jinping, pidi\u00f3 este jueves (24.07.2025) que la relaci\u00f3n entre China y la Uni\u00f3n Europea (UE) brinde \u00abmayor estabilidad y certidumbre globales\u00bb ante una \u00absituaci\u00f3n internacional cambiante y compleja\u00bb, durante la cumbre China-UE celebrada en la capital china.<\/p>\n<p>Durante su reuni\u00f3n con la presidenta de la Comisi\u00f3n Europea, Ursula von der Leyen, y el presidente del Consejo Europeo, Ant\u00f3nio Costa, Xi abog\u00f3 por que ambas partes \u00abse respeten mutuamente y busquen puntos en com\u00fan respetando las diferencias de cada uno\u00bb, seg\u00fan un comunicado oficial.<\/p>\n<p>Xi indic\u00f3 en el encuentro, celebrado en el Gran Palacio del Pueblo, que las relaciones entre Pek\u00edn y Bruselas han llegado a \u00abun punto cr\u00edtico\u00bb en su historia, de la que hoy se cumplen 50 a\u00f1os, al tiempo que destacaba los \u00abresultados fruct\u00edferos en los intercambios y la cooperaci\u00f3n\u00bb entre ambas partes.<\/p>\n<p>El mandatario chino expres\u00f3 su esperanza de que China y la UE, a las que describi\u00f3 como \u00abfuerzas constructivas del multilateralismo y la apertura\u00bb, \u00abfortalezcan la comunicaci\u00f3n y fomenten su confianza\u00bb.<\/p>\n<p>\u00abAnte una transformaci\u00f3n global acelerada, sin precedentes en un siglo, y un mundo cambiante y turbulento, los l\u00edderes chinos y de la UE deben demostrar una vez m\u00e1s visi\u00f3n y liderazgo, y tomar las decisiones estrat\u00e9gicas correctas que satisfagan las expectativas de la gente y resistan el escrutinio de la historia\u00bb, asegur\u00f3 Xi. <\/p>\n<p>El l\u00edder chino hizo hincapi\u00e9 en impulsar la relaci\u00f3n bilateral en la \u00abdirecci\u00f3n correcta\u00bb y subray\u00f3 la importancia del \u00abtrabajo conjunto\u00bb para unos \u00ab50 a\u00f1os m\u00e1s prometedores\u00bb.<\/p>\n<p><span data-slot-id=\"Article_InContent-1\" class=\"rich-text-ad\"\/><\/p>\n<h2>Tensiones comerciales<\/h2>\n<p>El comunicado de la Canciller\u00eda china no recogi\u00f3 de momento ninguna declaraci\u00f3n de los representantes de los Veintisiete. <\/p>\n<p>Von der Leyen durante la reuni\u00f3n con XI\u00a0abog\u00f3\u00a0por \u00abreequilibrar\u00bb una relaci\u00f3n entre Pek\u00edn y Bruselas que ha llegado a su \u00abpunto de inflexi\u00f3n\u00bb.<\/p>\n<p>En su intervenci\u00f3n inicial durante su reuni\u00f3n con el presidente chino, Lament\u00f3 los \u00abcrecientes desequilibrios\u00bb en la relaci\u00f3n de la UE\u00a0con China a medida que \u00abla cooperaci\u00f3n entre ambos se ha profundizado\u00bb, seg\u00fan un comunicado publicado por la Comisi\u00f3n Europea.<\/p>\n<p>De su lado, el presidente del Consejo Europeo, Antonio Costa, urgi\u00f3 a China \u00abusar su influencia\u00bb con Rusia para ayudar a detener la guerra en Ucrania.<\/p>\n<p>\u00abComo miembro permanente del Consejo de Seguridad de Naciones Unidas, llamamos a China a usar su influencia sobre Rusia para que respete la Carta de las Naciones Unidas y ponga fin (a la) guerra de agresi\u00f3n contra Ucrania\u00bb, declar\u00f3 Costa en Pek\u00edn.<\/p>\n<p>La cita viene marcada por tensiones comerciales, la guerra en Ucrania y desaf\u00edos globales como el cambio clim\u00e1tico.<\/p>\n<p>Bruselas hab\u00eda avanzado que trasladar\u00eda a Pek\u00edn su malestar por las barreras al acceso al mercado chino, la falta de reciprocidad, el uso de tierras raras como herramienta de presi\u00f3n y las pr\u00e1cticas industriales de China que considera \u00abinjustas\u00bb.<\/p>\n<p>Los funcionarios europeos indicaron que abordar\u00edan asimismo en la cumbre su preocupaci\u00f3n por el desequilibrio comercial con China, que el Consejo Europeo ha calificado de \u00abinsostenible\u201d y ha instado a corregir mediante una relaci\u00f3n \u00abjusta y equilibrada\u201d.<\/p>\n<p>La UE avanz\u00f3 asimismo que instar\u00eda a China a poner fin a cualquier tipo de apoyo a Rusia, pa\u00eds con el que Pek\u00edn ha reforzado sus lazos en los \u00faltimos tres a\u00f1os pese a la agresi\u00f3n rusa a Ucrania. <\/p>\n<p>MG (EFE, AFP)<\/p>\n<\/p>\n<\/div>\n\n","protected":false},"excerpt":{"rendered":"<p>El presidente chino, Xi Jinping, pidi\u00f3 este jueves (24.07.2025) que la relaci\u00f3n entre China y la Uni\u00f3n Europea (UE) brinde \u00abmayor estabilidad y certidumbre globales\u00bb ante una \u00absituaci\u00f3n internacional cambiante y compleja\u00bb, durante la cumbre China-UE celebrada en la capital china. Durante su reuni\u00f3n con la presidenta de la Comisi\u00f3n Europea, Ursula von der Leyen, &hellip;<\/p>\n","protected":false},"author":1,"featured_media":37288,"comment_status":"open","ping_status":"open","sticky":false,"template":"","format":"standard","meta":{"fifu_image_url":"https:\/\/static.dw.com\/image\/73391734_6.jpg","fifu_image_alt":"","footnotes":""},"categories":[13],"tags":[],"class_list":["post-37287","post","type-post","status-publish","format-standard","has-post-thumbnail","","category-mundo"],"_links":{"self":[{"href":"https:\/\/noticiasveraces.com\/index.php?rest_route=\/wp\/v2\/posts\/37287","targetHints":{"allow":["GET"]}}],"collection":[{"href":"https:\/\/noticiasveraces.com\/index.php?rest_route=\/wp\/v2\/posts"}],"about":[{"href":"https:\/\/noticiasveraces.com\/index.php?rest_route=\/wp\/v2\/types\/post"}],"author":[{"embeddable":true,"href":"https:\/\/noticiasveraces.com\/index.php?rest_route=\/wp\/v2\/users\/1"}],"replies":[{"embeddable":true,"href":"https:\/\/noticiasveraces.com\/index.php?rest_route=%2Fwp%2Fv2%2Fcomments&post=37287"}],"version-history":[{"count":0,"href":"https:\/\/noticiasveraces.com\/index.php?rest_route=\/wp\/v2\/posts\/37287\/revisions"}],"wp:featuredmedia":[{"embeddable":true,"href":"https:\/\/noticiasveraces.com\/index.php?rest_route=\/wp\/v2\/media\/37288"}],"wp:attachment":[{"href":"https:\/\/noticiasveraces.com\/index.php?rest_route=%2Fwp%2Fv2%2Fmedia&parent=37287"}],"wp:term":[{"taxonomy":"category","embeddable":true,"href":"https:\/\/noticiasveraces.com\/index.php?rest_route=%2Fwp%2Fv2%2Fcategories&post=37287"},{"taxonomy":"post_tag","embeddable":true,"href":"https:\/\/noticiasveraces.com\/index.php?rest_route=%2Fwp%2Fv2%2Ftags&post=37287"}],"curies":[{"name":"wp","href":"https:\/\/api.w.org\/{rel}","templated":true}]}}