{"id":37265,"date":"2025-07-23T23:33:59","date_gmt":"2025-07-24T03:33:59","guid":{"rendered":"https:\/\/noticiasveraces.com\/?p=37265"},"modified":"2025-07-23T23:33:59","modified_gmt":"2025-07-24T03:33:59","slug":"el-proyecto-de-ley-anticorrupcion-provoca-protestas-generalizadas-en-ucrania-mientras-zelenskyy-senala-a-rusia","status":"publish","type":"post","link":"https:\/\/noticiasveraces.com\/?p=37265","title":{"rendered":"El proyecto de ley anticorrupci\u00f3n provoca protestas generalizadas en Ucrania mientras Zelenskyy se\u00f1ala a Rusia"},"content":{"rendered":"<p> \n<\/p>\n<div>\n<div id=\"beyondwords-wrapper\" class=\"beyondwords-wrapper\">\n<p><span class=\"label-bg\">NUEVO<\/span>\u00a1Ahora puedes escuchar art\u00edculos de Fox News!\n  <\/p>\n<\/div>\n<p class=\"speakable\">Los ucranianos est\u00e1n saliendo a las calles despu\u00e9s de la aprobaci\u00f3n de un proyecto de ley controvertido que amenaza la autonom\u00eda de dos agencias anticorrupci\u00f3n. <\/p>\n<p class=\"speakable\">La legislaci\u00f3n otorga al Fiscal General, que es nombrado por el Presidente, aument\u00f3 la autoridad sobre la Oficina Nacional de Corrupci\u00f3n de Ucrania (NABU) y la Oficina de Fiscal de Corrupci\u00f3n Especializada (SAPO). <\/p>\n<p>El presidente ucraniano, Volodymyr Zelenskyy, ahora enfrenta las mayores protestas desde la invasi\u00f3n de Rusia en 2022. Los manifestantes se reunieron fuera de la administraci\u00f3n presidencial en Kiev, mientras que otras protestas tuvieron lugar en ciudades m\u00e1s peque\u00f1as de todo el pa\u00eds.<\/p>\n<div class=\"image-ct inline\">\n<div class=\"m\"><picture><source media=\"(max-width: 767px)\" srcset=\"https:\/\/a57.foxnews.com\/static.foxnews.com\/foxnews.com\/content\/uploads\/2025\/07\/343\/192\/ukraiane-protest.jpg?ve=1&amp;tl=1, https:\/\/a57.foxnews.com\/static.foxnews.com\/foxnews.com\/content\/uploads\/2025\/07\/686\/384\/ukraiane-protest.jpg?ve=1&amp;tl=1 2x\" height=\"192\" width=\"343\"><source media=\"(min-width: 768px) and (max-width: 1023px)\" srcset=\"https:\/\/a57.foxnews.com\/static.foxnews.com\/foxnews.com\/content\/uploads\/2025\/07\/672\/378\/ukraiane-protest.jpg?ve=1&amp;tl=1, https:\/\/a57.foxnews.com\/static.foxnews.com\/foxnews.com\/content\/uploads\/2025\/07\/1344\/756\/ukraiane-protest.jpg?ve=1&amp;tl=1 2x\" height=\"378\" width=\"672\"><source media=\"(min-width: 1024px) and (max-width: 1279px)\" srcset=\"https:\/\/a57.foxnews.com\/static.foxnews.com\/foxnews.com\/content\/uploads\/2025\/07\/931\/523\/ukraiane-protest.jpg?ve=1&amp;tl=1, https:\/\/a57.foxnews.com\/static.foxnews.com\/foxnews.com\/content\/uploads\/2025\/07\/1862\/1046\/ukraiane-protest.jpg?ve=1&amp;tl=1 2x\" height=\"523\" width=\"931\"><source media=\"(min-width: 1280px)\" srcset=\"https:\/\/a57.foxnews.com\/static.foxnews.com\/foxnews.com\/content\/uploads\/2025\/07\/720\/405\/ukraiane-protest.jpg?ve=1&amp;tl=1, https:\/\/a57.foxnews.com\/static.foxnews.com\/foxnews.com\/content\/uploads\/2025\/07\/1440\/810\/ukraiane-protest.jpg?ve=1&amp;tl=1 2x\" height=\"405\" width=\"720\"><img loading=\"lazy\" decoding=\"async\" src=\"https:\/\/a57.foxnews.com\/static.foxnews.com\/foxnews.com\/content\/uploads\/2025\/07\/1200\/675\/ukraiane-protest.jpg?ve=1&amp;tl=1\" alt=\"Los manifestantes se re\u00fanen en Ucrania\" width=\"1200\" height=\"675\"\/><\/source><\/source><\/source><\/source><\/picture><\/div>\n<div class=\"info\">\n<div class=\"caption\">\n<p><span>Los ucranianos protestan en la primera manifestaci\u00f3n en tiempos de guerra contra una ley recientemente aprobada, que frena la independencia de las instituciones anticorrupci\u00f3n, en medio del ataque de Rusia contra Ucrania, en el centro de Lviv, Ucrania, el 22 de julio de 2025. <\/span> <span>(Reuters\/Roman Baluk)<\/span><\/p>\n<\/div>\n<\/div>\n<\/div>\n<p><strong>Zelenskyy de Ucrania nombra al nuevo primer ministro por primera vez desde que comenz\u00f3 la guerra de Rusia<\/strong><\/p>\n<p>La votaci\u00f3n se produjo un d\u00eda despu\u00e9s de que dos funcionarios de Nabu fueron arrestados por presuntos v\u00ednculos con Rusia, seg\u00fan Reuters. El medio dijo que la agencia de seguridad nacional de Ucrania, que realiz\u00f3 los arrestos, tambi\u00e9n realiz\u00f3 verificaciones de antecedentes. <\/p>\n<p>\u00abReun\u00ed a todos los jefes de las agencias de aplicaci\u00f3n de la ley y anticorrupci\u00f3n de Ucrania, junto con el Fiscal General. Fue una reuni\u00f3n muy necesaria, una conversaci\u00f3n franca y constructiva que realmente ayuda\u00bb, escribi\u00f3 Zelenskyy sobre X. \u00abTodos compartimos un enemigo com\u00fan: los ocupantes rusos y la defensa del estado de Ukrainiano requiere una ley lo suficientemente fuerte y anti-corrupci\u00f3n, todos los que garantizan la justicia real.<\/p>\n<div class=\"image-ct inline\">\n<div class=\"m\"><picture><source media=\"(max-width: 767px)\" srcset=\"https:\/\/a57.foxnews.com\/static.foxnews.com\/foxnews.com\/content\/uploads\/2025\/07\/343\/192\/zelenskyy-1.jpg?ve=1&amp;tl=1, https:\/\/a57.foxnews.com\/static.foxnews.com\/foxnews.com\/content\/uploads\/2025\/07\/686\/384\/zelenskyy-1.jpg?ve=1&amp;tl=1 2x\" height=\"192\" width=\"343\"><source media=\"(min-width: 768px) and (max-width: 1023px)\" srcset=\"https:\/\/a57.foxnews.com\/static.foxnews.com\/foxnews.com\/content\/uploads\/2025\/07\/672\/378\/zelenskyy-1.jpg?ve=1&amp;tl=1, https:\/\/a57.foxnews.com\/static.foxnews.com\/foxnews.com\/content\/uploads\/2025\/07\/1344\/756\/zelenskyy-1.jpg?ve=1&amp;tl=1 2x\" height=\"378\" width=\"672\"><source media=\"(min-width: 1024px) and (max-width: 1279px)\" srcset=\"https:\/\/a57.foxnews.com\/static.foxnews.com\/foxnews.com\/content\/uploads\/2025\/07\/931\/523\/zelenskyy-1.jpg?ve=1&amp;tl=1, https:\/\/a57.foxnews.com\/static.foxnews.com\/foxnews.com\/content\/uploads\/2025\/07\/1862\/1046\/zelenskyy-1.jpg?ve=1&amp;tl=1 2x\" height=\"523\" width=\"931\"><source media=\"(min-width: 1280px)\" srcset=\"https:\/\/a57.foxnews.com\/static.foxnews.com\/foxnews.com\/content\/uploads\/2025\/07\/720\/405\/zelenskyy-1.jpg?ve=1&amp;tl=1, https:\/\/a57.foxnews.com\/static.foxnews.com\/foxnews.com\/content\/uploads\/2025\/07\/1440\/810\/zelenskyy-1.jpg?ve=1&amp;tl=1 2x\" height=\"405\" width=\"720\"><img loading=\"lazy\" decoding=\"async\" src=\"https:\/\/a57.foxnews.com\/static.foxnews.com\/foxnews.com\/content\/uploads\/2025\/07\/1200\/675\/zelenskyy-1.jpg?ve=1&amp;tl=1\" alt=\"Presidente ucraniano Volodymyr Zelenskyy\" width=\"1200\" height=\"675\"\/><\/source><\/source><\/source><\/source><\/picture><\/div>\n<div class=\"info\">\n<div class=\"caption\">\n<p><span>El presidente ucraniano, Volodymyr Zelensky y el primer ministro italiano, Giorgia Meloni (no en la foto) celebran una conferencia de prensa conjunta durante la Conferencia de Recuperaci\u00f3n de Ucrania 2025 (URC2025) en el Centro de Convenciones Roma La Nuvola, el 10 de julio de 2025, en Roma, Italia.<\/span> <span>(Antonio Masiello\/Getty Images)<\/span><\/p>\n<\/div>\n<\/div>\n<\/div>\n<p><strong>El Senado se mueve para controlar la pol\u00edtica fluctuante de Ucrania de la administraci\u00f3n Trump<\/strong><\/p>\n<p>\u00abEn efecto, si este proyecto de ley se convierte en ley, el jefe de SAPO se convertir\u00e1 en una cifra nominal, mientras que Nabu perder\u00e1 su independencia y se convertir\u00e1 en una subdivisi\u00f3n de la oficina del Fiscal General\u00bb, dijeron las agencias en una declaraci\u00f3n conjunta sobre Telegram, seg\u00fan The Associated Press.<\/p>\n<p>La comisionada europea para la ampliaci\u00f3n Marta Kos expres\u00f3 su preocupaci\u00f3n por la votaci\u00f3n, diciendo que \u00abel desmantelamiento de salvaguardas clave que protegen la independencia de Nabu es un fuerte paso atr\u00e1s\u00bb.<\/p>\n<p>Zelenskyy dijo en otro puesto X, luego de una reuni\u00f3n que incluy\u00f3 al director de Nabu, Semen Kryvonos, al fiscal de SAPO, Oleksandr Klymenko, al fiscal general Ruslan Kravchenko, y al Servicio de Seguridad de Ucrania Vasyl Maliuk, que \u00abla infraestructura anticorrupci\u00f3n\u00bb debe ser \u00abautorizada\u00bb de \u00abinfluencia rusa\u00bb \u00ab\u00bb.<\/p>\n<div class=\"image-ct inline\">\n<div class=\"m\"><picture><source media=\"(max-width: 767px)\" srcset=\"https:\/\/a57.foxnews.com\/static.foxnews.com\/foxnews.com\/content\/uploads\/2025\/07\/343\/192\/ukraiane-protest-1.jpg?ve=1&amp;tl=1, https:\/\/a57.foxnews.com\/static.foxnews.com\/foxnews.com\/content\/uploads\/2025\/07\/686\/384\/ukraiane-protest-1.jpg?ve=1&amp;tl=1 2x\" height=\"192\" width=\"343\"><source media=\"(min-width: 768px) and (max-width: 1023px)\" srcset=\"https:\/\/a57.foxnews.com\/static.foxnews.com\/foxnews.com\/content\/uploads\/2025\/07\/672\/378\/ukraiane-protest-1.jpg?ve=1&amp;tl=1, https:\/\/a57.foxnews.com\/static.foxnews.com\/foxnews.com\/content\/uploads\/2025\/07\/1344\/756\/ukraiane-protest-1.jpg?ve=1&amp;tl=1 2x\" height=\"378\" width=\"672\"><source media=\"(min-width: 1024px) and (max-width: 1279px)\" srcset=\"https:\/\/a57.foxnews.com\/static.foxnews.com\/foxnews.com\/content\/uploads\/2025\/07\/931\/523\/ukraiane-protest-1.jpg?ve=1&amp;tl=1, https:\/\/a57.foxnews.com\/static.foxnews.com\/foxnews.com\/content\/uploads\/2025\/07\/1862\/1046\/ukraiane-protest-1.jpg?ve=1&amp;tl=1 2x\" height=\"523\" width=\"931\"><source media=\"(min-width: 1280px)\" srcset=\"https:\/\/a57.foxnews.com\/static.foxnews.com\/foxnews.com\/content\/uploads\/2025\/07\/720\/405\/ukraiane-protest-1.jpg?ve=1&amp;tl=1, https:\/\/a57.foxnews.com\/static.foxnews.com\/foxnews.com\/content\/uploads\/2025\/07\/1440\/810\/ukraiane-protest-1.jpg?ve=1&amp;tl=1 2x\" height=\"405\" width=\"720\"><img loading=\"lazy\" decoding=\"async\" src=\"https:\/\/a57.foxnews.com\/static.foxnews.com\/foxnews.com\/content\/uploads\/2025\/07\/1200\/675\/ukraiane-protest-1.jpg?ve=1&amp;tl=1\" alt=\"Protestas de ucranianos\" width=\"1200\" height=\"675\"\/><\/source><\/source><\/source><\/source><\/picture><\/div>\n<div class=\"info\">\n<div class=\"caption\">\n<p><span>Los manifestantes tienen pancartas durante una manifestaci\u00f3n contra una ley que restringe la independencia de las instituciones anti -corrupci\u00f3n el 22 de julio de 2025, en Kiev, Ucrania.<\/span> <span>(Ivan Antypenko\/Sospilne Ucrania\/JSC \u00abUA: PBC\u00bb\/Global Images Ucrania a trav\u00e9s de Getty Images)<\/span><\/p>\n<\/div>\n<\/div>\n<\/div>\n<p><strong><u>Haga clic aqu\u00ed para obtener la aplicaci\u00f3n Fox News<\/u><\/strong><\/p>\n<p>El \u00faltimo movimiento del gobierno ucraniano corre el riesgo de poner en peligro su intento de unirse a la Uni\u00f3n Europea, ya que una represi\u00f3n de la corrupci\u00f3n interna es un requisito. Adem\u00e1s, podr\u00eda forzar la relaci\u00f3n de calentamiento entre Zelenskyy y el presidente Donald Trump, quien acus\u00f3 al l\u00edder ucraniano de ser un \u00abdictador sin elecciones\u00bb.<\/p>\n<p>Tanto los Estados Unidos como la UE han respaldado a los activistas en Ucrania que exigen que las instituciones independientes se establezcan y se faculten para limpiar la corrupci\u00f3n, seg\u00fan Axios. Sin embargo, la presi\u00f3n disminuy\u00f3 significativamente despu\u00e9s de que Rusia invadi\u00f3 Ucrania.<\/p>\n<p> <!----> <\/p>\n<div class=\"article-meta\">\n<div class=\"author-bio\">\n<p>Rachel Wolf es una escritora de noticias de Fox News Digital y Fox Business.<\/p>\n<\/div>\n<\/div>\n<\/div>\n\n","protected":false},"excerpt":{"rendered":"<p>NUEVO\u00a1Ahora puedes escuchar art\u00edculos de Fox News! Los ucranianos est\u00e1n saliendo a las calles despu\u00e9s de la aprobaci\u00f3n de un proyecto de ley controvertido que amenaza la autonom\u00eda de dos agencias anticorrupci\u00f3n. La legislaci\u00f3n otorga al Fiscal General, que es nombrado por el Presidente, aument\u00f3 la autoridad sobre la Oficina Nacional de Corrupci\u00f3n de Ucrania &hellip;<\/p>\n","protected":false},"author":1,"featured_media":37267,"comment_status":"open","ping_status":"open","sticky":false,"template":"","format":"standard","meta":{"fifu_image_url":"https:\/\/static.foxnews.com\/foxnews.com\/content\/uploads\/2025\/07\/ukraiane-protest.jpg","fifu_image_alt":"","footnotes":""},"categories":[13],"tags":[],"class_list":["post-37265","post","type-post","status-publish","format-standard","has-post-thumbnail","","category-mundo"],"_links":{"self":[{"href":"https:\/\/noticiasveraces.com\/index.php?rest_route=\/wp\/v2\/posts\/37265","targetHints":{"allow":["GET"]}}],"collection":[{"href":"https:\/\/noticiasveraces.com\/index.php?rest_route=\/wp\/v2\/posts"}],"about":[{"href":"https:\/\/noticiasveraces.com\/index.php?rest_route=\/wp\/v2\/types\/post"}],"author":[{"embeddable":true,"href":"https:\/\/noticiasveraces.com\/index.php?rest_route=\/wp\/v2\/users\/1"}],"replies":[{"embeddable":true,"href":"https:\/\/noticiasveraces.com\/index.php?rest_route=%2Fwp%2Fv2%2Fcomments&post=37265"}],"version-history":[{"count":0,"href":"https:\/\/noticiasveraces.com\/index.php?rest_route=\/wp\/v2\/posts\/37265\/revisions"}],"wp:featuredmedia":[{"embeddable":true,"href":"https:\/\/noticiasveraces.com\/index.php?rest_route=\/wp\/v2\/media\/37267"}],"wp:attachment":[{"href":"https:\/\/noticiasveraces.com\/index.php?rest_route=%2Fwp%2Fv2%2Fmedia&parent=37265"}],"wp:term":[{"taxonomy":"category","embeddable":true,"href":"https:\/\/noticiasveraces.com\/index.php?rest_route=%2Fwp%2Fv2%2Fcategories&post=37265"},{"taxonomy":"post_tag","embeddable":true,"href":"https:\/\/noticiasveraces.com\/index.php?rest_route=%2Fwp%2Fv2%2Ftags&post=37265"}],"curies":[{"name":"wp","href":"https:\/\/api.w.org\/{rel}","templated":true}]}}