{"id":37251,"date":"2025-07-23T21:32:04","date_gmt":"2025-07-24T01:32:04","guid":{"rendered":"https:\/\/noticiasveraces.com\/?p=37251"},"modified":"2025-07-23T21:32:04","modified_gmt":"2025-07-24T01:32:04","slug":"las-naciones-ricas-en-la-corte-de-la-onu-deben-cumplir-con-los-compromisos-climaticos-o-pagarlo","status":"publish","type":"post","link":"https:\/\/noticiasveraces.com\/?p=37251","title":{"rendered":"Las naciones ricas en la corte de la ONU deben cumplir con los compromisos clim\u00e1ticos o pagarlo"},"content":{"rendered":"<p> \n<\/p>\n<div>\n<div id=\"beyondwords-wrapper\" class=\"beyondwords-wrapper\">\n<p><span class=\"label-bg\">NUEVO<\/span>\u00a1Ahora puedes escuchar art\u00edculos de Fox News!\n  <\/p>\n<\/div>\n<p class=\"speakable\">El tribunal m\u00e1s alto de las Naciones Unidas dictamin\u00f3 el mi\u00e9rcoles que los pa\u00edses ricos deben cumplir con sus compromisos de frenar los combustibles f\u00f3siles y la contaminaci\u00f3n o el riesgo de ser responsables financieros por las naciones m\u00e1s afectados por el cambio clim\u00e1tico. <\/p>\n<p class=\"speakable\">La Corte Internacional de Justicia de la ONU de 15 miembros dijo que los tratados obligan a las naciones ricas al calentamiento global y que los pa\u00edses tambi\u00e9n fueron responsables de las acciones de las empresas bajo su jurisdicci\u00f3n o control, inform\u00f3 Reuters. <\/p>\n<p>\u00abLos estados deben cooperar para lograr objetivos de reducci\u00f3n de emisiones concretas\u00bb, dijo el juez Yuji Iwasawa en La Haya. \u00abLas emisiones de gases de efecto invernadero son causadas inequ\u00edvocamente por actividades humanas que no son territorialmente limitadas\u00bb.<\/p>\n<p><strong><u>Trump celebra los l\u00edmites de la Corte Suprema en el &#8216;abuso colosal de poder&#8217; por parte de jueces federales<\/u><\/strong><\/p>\n<div class=\"image-ct inline\">\n<div class=\"m\"><picture><source media=\"(max-width: 767px)\" srcset=\"https:\/\/a57.foxnews.com\/static.foxnews.com\/foxnews.com\/content\/uploads\/2025\/07\/343\/192\/un-ruling.jpg?ve=1&amp;tl=1, https:\/\/a57.foxnews.com\/static.foxnews.com\/foxnews.com\/content\/uploads\/2025\/07\/686\/384\/un-ruling.jpg?ve=1&amp;tl=1 2x\" height=\"192\" width=\"343\"><source media=\"(min-width: 768px) and (max-width: 1023px)\" srcset=\"https:\/\/a57.foxnews.com\/static.foxnews.com\/foxnews.com\/content\/uploads\/2025\/07\/672\/378\/un-ruling.jpg?ve=1&amp;tl=1, https:\/\/a57.foxnews.com\/static.foxnews.com\/foxnews.com\/content\/uploads\/2025\/07\/1344\/756\/un-ruling.jpg?ve=1&amp;tl=1 2x\" height=\"378\" width=\"672\"><source media=\"(min-width: 1024px) and (max-width: 1279px)\" srcset=\"https:\/\/a57.foxnews.com\/static.foxnews.com\/foxnews.com\/content\/uploads\/2025\/07\/931\/523\/un-ruling.jpg?ve=1&amp;tl=1, https:\/\/a57.foxnews.com\/static.foxnews.com\/foxnews.com\/content\/uploads\/2025\/07\/1862\/1046\/un-ruling.jpg?ve=1&amp;tl=1 2x\" height=\"523\" width=\"931\"><source media=\"(min-width: 1280px)\" srcset=\"https:\/\/a57.foxnews.com\/static.foxnews.com\/foxnews.com\/content\/uploads\/2025\/07\/720\/405\/un-ruling.jpg?ve=1&amp;tl=1, https:\/\/a57.foxnews.com\/static.foxnews.com\/foxnews.com\/content\/uploads\/2025\/07\/1440\/810\/un-ruling.jpg?ve=1&amp;tl=1 2x\" height=\"405\" width=\"720\"><img loading=\"lazy\" decoding=\"async\" src=\"https:\/\/a57.foxnews.com\/static.foxnews.com\/foxnews.com\/content\/uploads\/2025\/07\/1200\/675\/un-ruling.jpg?ve=1&amp;tl=1\" alt=\"Manifestantes clim\u00e1ticos fuera del CIJ\" width=\"1200\" height=\"675\"\/><\/source><\/source><\/source><\/source><\/picture><\/div>\n<div class=\"info\">\n<div class=\"caption\">\n<p><span>Los activistas y activistas clim\u00e1ticos demuestran fuera de la Corte Internacional de Justicia (CIJ) antes de la opini\u00f3n del mi\u00e9rcoles que probablemente determinar\u00e1 el curso del cambio clim\u00e1tico futuro en La Haya, Pa\u00edses Bajos, 23 de julio de 2025. <\/span> <span>(Reuters\/Marta Fiorin)<\/span><\/p>\n<\/div>\n<\/div>\n<\/div>\n<p>De lo contrario, podr\u00eda dar lugar a \u00abreparaciones completas a los estados lesionados en forma de restituci\u00f3n, compensaci\u00f3n y satisfacci\u00f3n, siempre que se cumplan las condiciones generales de la ley de responsabilidad estatal\u00bb, establece el informe. <\/p>\n<p>En respuesta al fallo, la portavoz de la Casa Blanca, Taylor Rogers, dijo a Fox News Digital que \u00abcomo siempre, el presidente Trump y toda la administraci\u00f3n se comprometen a poner a Estados Unidos primero y priorizar los intereses de los estadounidenses cotidianos\u00bb.<\/p>\n<p>El secretario general de la ONU, Antonio Guterres, dijo que la opini\u00f3n de la corte afirma que los objetivos del acuerdo clim\u00e1tico de Par\u00eds deben ser la base de todas las pol\u00edticas clim\u00e1ticas.<\/p>\n<p><strong><u>Scotus regla en la orden de ciudadan\u00eda de derecho de nacimiento de Trump, probando poderes de los tribunales inferiores<\/u><\/strong><\/p>\n<div class=\"image-ct inline\">\n<div class=\"m\"><picture><source media=\"(max-width: 767px)\" srcset=\"https:\/\/a57.foxnews.com\/static.foxnews.com\/foxnews.com\/content\/uploads\/2025\/07\/343\/192\/un-ruling1.jpg?ve=1&amp;tl=1, https:\/\/a57.foxnews.com\/static.foxnews.com\/foxnews.com\/content\/uploads\/2025\/07\/686\/384\/un-ruling1.jpg?ve=1&amp;tl=1 2x\" height=\"192\" width=\"343\"><source media=\"(min-width: 768px) and (max-width: 1023px)\" srcset=\"https:\/\/a57.foxnews.com\/static.foxnews.com\/foxnews.com\/content\/uploads\/2025\/07\/672\/378\/un-ruling1.jpg?ve=1&amp;tl=1, https:\/\/a57.foxnews.com\/static.foxnews.com\/foxnews.com\/content\/uploads\/2025\/07\/1344\/756\/un-ruling1.jpg?ve=1&amp;tl=1 2x\" height=\"378\" width=\"672\"><source media=\"(min-width: 1024px) and (max-width: 1279px)\" srcset=\"https:\/\/a57.foxnews.com\/static.foxnews.com\/foxnews.com\/content\/uploads\/2025\/07\/931\/523\/un-ruling1.jpg?ve=1&amp;tl=1, https:\/\/a57.foxnews.com\/static.foxnews.com\/foxnews.com\/content\/uploads\/2025\/07\/1862\/1046\/un-ruling1.jpg?ve=1&amp;tl=1 2x\" height=\"523\" width=\"931\"><source media=\"(min-width: 1280px)\" srcset=\"https:\/\/a57.foxnews.com\/static.foxnews.com\/foxnews.com\/content\/uploads\/2025\/07\/720\/405\/un-ruling1.jpg?ve=1&amp;tl=1, https:\/\/a57.foxnews.com\/static.foxnews.com\/foxnews.com\/content\/uploads\/2025\/07\/1440\/810\/un-ruling1.jpg?ve=1&amp;tl=1 2x\" height=\"405\" width=\"720\"><img loading=\"lazy\" decoding=\"async\" src=\"https:\/\/a57.foxnews.com\/static.foxnews.com\/foxnews.com\/content\/uploads\/2025\/07\/1200\/675\/un-ruling1.jpg?ve=1&amp;tl=1\" alt=\"Manifestantes clim\u00e1ticos en el Hauge\" width=\"1200\" height=\"675\"\/><\/source><\/source><\/source><\/source><\/picture><\/div>\n<div class=\"info\">\n<div class=\"caption\">\n<p><span>La delegaci\u00f3n de Tuvalu llega a las audiencias p\u00fablicas de la Tribunal Internacional de Justicia de las Naciones Unidas (ICI) en un caso de opini\u00f3n asesor, que puede convertirse en un punto de referencia en la definici\u00f3n de las obligaciones legales de los pa\u00edses de combatir el cambio clim\u00e1tico, en Hague, Pa\u00edses Bajos, 2 de diciembre de 2024. <\/span> <span>(Reuters\/Piroschka van de wouw\/foto de archivo)<\/span><\/p>\n<\/div>\n<\/div>\n<\/div>\n<p>\u00abEsta es una victoria para nuestro planeta, para la justicia clim\u00e1tica y para el poder de los j\u00f3venes para marcar la diferencia\u00bb, dijo. \u00abEl mundo debe responder\u00bb.<\/p>\n<p>El fallo del mi\u00e9rcoles fue aclamado por varios peque\u00f1os estados nacionales. <\/p>\n<p>\u00abNo esperaba que fuera tan bueno\u00bb, dijo Ralph Regenvanu, ministro clim\u00e1tico de la naci\u00f3n isle\u00f1a del Pac\u00edfico de Vanuatu.<\/p>\n<p><strong><u>Haga clic aqu\u00ed para obtener la aplicaci\u00f3n Fox News<\/u><\/strong><\/p>\n<p>Muchas naciones en desarrollo y peque\u00f1os estados isle\u00f1os han dicho que corren un gran riesgo del aumento del nivel del mar. Algunos han buscado aclaraciones de la corte despu\u00e9s del acuerdo de Par\u00eds de 2015, no frenar el crecimiento de las emisiones mundiales de gases de efecto invernadero.<\/p>\n<p> <!----> <\/div>\n\n","protected":false},"excerpt":{"rendered":"<p>NUEVO\u00a1Ahora puedes escuchar art\u00edculos de Fox News! El tribunal m\u00e1s alto de las Naciones Unidas dictamin\u00f3 el mi\u00e9rcoles que los pa\u00edses ricos deben cumplir con sus compromisos de frenar los combustibles f\u00f3siles y la contaminaci\u00f3n o el riesgo de ser responsables financieros por las naciones m\u00e1s afectados por el cambio clim\u00e1tico. La Corte Internacional de &hellip;<\/p>\n","protected":false},"author":1,"featured_media":37253,"comment_status":"open","ping_status":"open","sticky":false,"template":"","format":"standard","meta":{"fifu_image_url":"https:\/\/static.foxnews.com\/foxnews.com\/content\/uploads\/2025\/07\/un-ruling.jpg","fifu_image_alt":"","footnotes":""},"categories":[13],"tags":[],"class_list":["post-37251","post","type-post","status-publish","format-standard","has-post-thumbnail","","category-mundo"],"_links":{"self":[{"href":"https:\/\/noticiasveraces.com\/index.php?rest_route=\/wp\/v2\/posts\/37251","targetHints":{"allow":["GET"]}}],"collection":[{"href":"https:\/\/noticiasveraces.com\/index.php?rest_route=\/wp\/v2\/posts"}],"about":[{"href":"https:\/\/noticiasveraces.com\/index.php?rest_route=\/wp\/v2\/types\/post"}],"author":[{"embeddable":true,"href":"https:\/\/noticiasveraces.com\/index.php?rest_route=\/wp\/v2\/users\/1"}],"replies":[{"embeddable":true,"href":"https:\/\/noticiasveraces.com\/index.php?rest_route=%2Fwp%2Fv2%2Fcomments&post=37251"}],"version-history":[{"count":0,"href":"https:\/\/noticiasveraces.com\/index.php?rest_route=\/wp\/v2\/posts\/37251\/revisions"}],"wp:featuredmedia":[{"embeddable":true,"href":"https:\/\/noticiasveraces.com\/index.php?rest_route=\/wp\/v2\/media\/37253"}],"wp:attachment":[{"href":"https:\/\/noticiasveraces.com\/index.php?rest_route=%2Fwp%2Fv2%2Fmedia&parent=37251"}],"wp:term":[{"taxonomy":"category","embeddable":true,"href":"https:\/\/noticiasveraces.com\/index.php?rest_route=%2Fwp%2Fv2%2Fcategories&post=37251"},{"taxonomy":"post_tag","embeddable":true,"href":"https:\/\/noticiasveraces.com\/index.php?rest_route=%2Fwp%2Fv2%2Ftags&post=37251"}],"curies":[{"name":"wp","href":"https:\/\/api.w.org\/{rel}","templated":true}]}}