{"id":37226,"date":"2025-07-23T17:13:27","date_gmt":"2025-07-23T21:13:27","guid":{"rendered":"https:\/\/noticiasveraces.com\/?p=37226"},"modified":"2025-07-23T17:13:27","modified_gmt":"2025-07-23T21:13:27","slug":"richard-rios-y-otamendi-hacen-las-paces-video-de-benfica-es-viral","status":"publish","type":"post","link":"https:\/\/noticiasveraces.com\/?p=37226","title":{"rendered":"Richard R\u00edos y Otamendi hacen las paces: v\u00eddeo de Benfica es viral"},"content":{"rendered":"<p> \n<br \/><img decoding=\"async\" src=\"https:\/\/www.futbolred.com\/files\/article_graphic\/uploads\/2025\/07\/23\/688138e98e4c8.jpeg\" \/><\/p>\n<header>\n<h3>\n<p>                Curiosidades de f\u00fatbol<br \/>\n            <\/h3>\n<h1>\n<p>            Richard R\u00edos y Otamendi hacen las paces: v\u00eddeo de Benfica es viral<br \/>\n        <\/h1>\n<address>\n            <a>Andres Julian Abril Gomez<br \/>\n        <\/address>\n<p>            23 de julio 2025 , 02:35 p.\u00a0m.<\/p>\n<\/header>\n<p>El colombiano y el argentino fueron protagonistas en un v\u00eddeo que se hizo tendencia.<\/p>\n<p><b>Richard R\u00edos <\/b>fue confirmado durante la jornada del martes como nuevo jugador de <b>Benfica<\/b> de Portugal luego de pagarle una cifra cercana a los 30 millones de euros a Palmeiras por el volante colombiano.  <\/p>\n<p>El mediocampista firm\u00f3 contrato hasta 2030 y ya se puso a las \u00f3rdenes de Bruno Lage quien seguramente lo tendr\u00e1 en cuenta en el once titular dada la calidad del nacido en Vegach\u00ed.  <\/p>\n<p>Pues bien, R\u00edos se sum\u00f3 a los entrenamientos este mi\u00e9rcoles y all\u00ed comparti\u00f3 por primera vez con sus compa\u00f1eros y entre ellos est\u00e1 el argentino <b>Nicol\u00e1s Otamendi <\/b>con quien tuvo un cruce en el \u00faltimo partido de Eliminatorias entre Argentina y Colombia.<\/p>\n<p>R\u00edos y Otamendi comenzaron un forcejeo y luego tuvieron un intercambio de palabras. Otamendi le dijo a R\u00edos: \u201cSacate la vinchita, bobo\u201d, as\u00ed que R\u00edos le respondi\u00f3: \u201cEst\u00e1s viejo. Cerr\u00e1 el c&#8230;, bobo. Est\u00e1s viejo, no te da ni para correr\u201d. <\/p>\n<p>Ante este hecho, Benfica aprovech\u00f3 para hacer un v\u00eddeo en donde se ve a R\u00edos entrando a las instalaciones del club y all\u00ed se encuentra a Otamendi que estaba practicando boxeo.  <\/p>\n<p>R\u00edos entra al cuarto donde est\u00e1 el argentino y Otamendi encara al colombiano y le dice: Y ahora que hermano, vamos a ver qui\u00e9n es el viejo mientras R\u00edos se pone los guantes de boxeo.  <\/p>\n<p>El video termina con los dos haciendo las paces, abrazados y diciendo que van a trabajar juntos de aqu\u00ed en adelante.<\/p>\n\n","protected":false},"excerpt":{"rendered":"<p>Curiosidades de f\u00fatbol Richard R\u00edos y Otamendi hacen las paces: v\u00eddeo de Benfica es viral Andres Julian Abril Gomez 23 de julio 2025 , 02:35 p.\u00a0m. El colombiano y el argentino fueron protagonistas en un v\u00eddeo que se hizo tendencia. Richard R\u00edos fue confirmado durante la jornada del martes como nuevo jugador de Benfica de &hellip;<\/p>\n","protected":false},"author":1,"featured_media":37228,"comment_status":"open","ping_status":"open","sticky":false,"template":"","format":"standard","meta":{"fifu_image_url":"https:\/\/www.futbolred.com\/files\/og_thumbnail\/uploads\/2025\/07\/23\/688138e98e4c8.jpeg","fifu_image_alt":"","footnotes":""},"categories":[6],"tags":[],"class_list":["post-37226","post","type-post","status-publish","format-standard","has-post-thumbnail","","category-deportes"],"_links":{"self":[{"href":"https:\/\/noticiasveraces.com\/index.php?rest_route=\/wp\/v2\/posts\/37226","targetHints":{"allow":["GET"]}}],"collection":[{"href":"https:\/\/noticiasveraces.com\/index.php?rest_route=\/wp\/v2\/posts"}],"about":[{"href":"https:\/\/noticiasveraces.com\/index.php?rest_route=\/wp\/v2\/types\/post"}],"author":[{"embeddable":true,"href":"https:\/\/noticiasveraces.com\/index.php?rest_route=\/wp\/v2\/users\/1"}],"replies":[{"embeddable":true,"href":"https:\/\/noticiasveraces.com\/index.php?rest_route=%2Fwp%2Fv2%2Fcomments&post=37226"}],"version-history":[{"count":0,"href":"https:\/\/noticiasveraces.com\/index.php?rest_route=\/wp\/v2\/posts\/37226\/revisions"}],"wp:featuredmedia":[{"embeddable":true,"href":"https:\/\/noticiasveraces.com\/index.php?rest_route=\/wp\/v2\/media\/37228"}],"wp:attachment":[{"href":"https:\/\/noticiasveraces.com\/index.php?rest_route=%2Fwp%2Fv2%2Fmedia&parent=37226"}],"wp:term":[{"taxonomy":"category","embeddable":true,"href":"https:\/\/noticiasveraces.com\/index.php?rest_route=%2Fwp%2Fv2%2Fcategories&post=37226"},{"taxonomy":"post_tag","embeddable":true,"href":"https:\/\/noticiasveraces.com\/index.php?rest_route=%2Fwp%2Fv2%2Ftags&post=37226"}],"curies":[{"name":"wp","href":"https:\/\/api.w.org\/{rel}","templated":true}]}}