{"id":37221,"date":"2025-07-23T17:06:06","date_gmt":"2025-07-23T21:06:06","guid":{"rendered":"https:\/\/noticiasveraces.com\/?p=37221"},"modified":"2025-07-23T17:06:06","modified_gmt":"2025-07-23T21:06:06","slug":"el-supuesto-uso-de-ambien-de-biden-las-preocupaciones-de-salud-de-trump-y-la-muerte-por-resonancia-magnetica","status":"publish","type":"post","link":"https:\/\/noticiasveraces.com\/?p=37221","title":{"rendered":"El supuesto uso de Ambien de Biden, las preocupaciones de salud de Trump y la muerte por resonancia magn\u00e9tica"},"content":{"rendered":"<p> \n<\/p>\n<div>\n<div id=\"beyondwords-wrapper\" class=\"beyondwords-wrapper\">\n<p><span class=\"label-bg\">NUEVO<\/span>\u00a1Ahora puedes escuchar art\u00edculos de Fox News!\n  <\/p>\n<\/div>\n<h3><strong>El bolet\u00edn de salud de Fox News le trae historias sobre los \u00faltimos desarrollos en atenci\u00f3n m\u00e9dica, bienestar, enfermedades, salud mental y m\u00e1s.<\/strong><\/h3>\n<h2><strong>Top 3:<\/strong><\/h2>\n<h3>&#8211; Consejos de seguridad despu\u00e9s del accidente de resonancia magn\u00e9tica<\/h3>\n<h3>&#8211; Ambien bajo escrutinio en medio de afirmaciones de uso de Biden<\/h3>\n<h3>&#8211; Los m\u00e9dicos reaccionan a las presuntas preocupaciones de salud de Trump<\/h3>\n<div class=\"image-ct inline\">\n<div class=\"m\"><picture><source media=\"(max-width: 767px)\" srcset=\"https:\/\/a57.foxnews.com\/static.foxnews.com\/foxnews.com\/content\/uploads\/2025\/07\/343\/192\/health-nl-7-23.jpg?ve=1&amp;tl=1, https:\/\/a57.foxnews.com\/static.foxnews.com\/foxnews.com\/content\/uploads\/2025\/07\/686\/384\/health-nl-7-23.jpg?ve=1&amp;tl=1 2x\" height=\"192\" width=\"343\"><source media=\"(min-width: 768px) and (max-width: 1023px)\" srcset=\"https:\/\/a57.foxnews.com\/static.foxnews.com\/foxnews.com\/content\/uploads\/2025\/07\/672\/378\/health-nl-7-23.jpg?ve=1&amp;tl=1, https:\/\/a57.foxnews.com\/static.foxnews.com\/foxnews.com\/content\/uploads\/2025\/07\/1344\/756\/health-nl-7-23.jpg?ve=1&amp;tl=1 2x\" height=\"378\" width=\"672\"><source media=\"(min-width: 1024px) and (max-width: 1279px)\" srcset=\"https:\/\/a57.foxnews.com\/static.foxnews.com\/foxnews.com\/content\/uploads\/2025\/07\/931\/523\/health-nl-7-23.jpg?ve=1&amp;tl=1, https:\/\/a57.foxnews.com\/static.foxnews.com\/foxnews.com\/content\/uploads\/2025\/07\/1862\/1046\/health-nl-7-23.jpg?ve=1&amp;tl=1 2x\" height=\"523\" width=\"931\"><source media=\"(min-width: 1280px)\" srcset=\"https:\/\/a57.foxnews.com\/static.foxnews.com\/foxnews.com\/content\/uploads\/2025\/07\/720\/405\/health-nl-7-23.jpg?ve=1&amp;tl=1, https:\/\/a57.foxnews.com\/static.foxnews.com\/foxnews.com\/content\/uploads\/2025\/07\/1440\/810\/health-nl-7-23.jpg?ve=1&amp;tl=1 2x\" height=\"405\" width=\"720\"><img loading=\"lazy\" decoding=\"async\" src=\"https:\/\/a57.foxnews.com\/static.foxnews.com\/foxnews.com\/content\/uploads\/2025\/07\/1200\/675\/health-nl-7-23.jpg?ve=1&amp;tl=1\" alt=\"Salud NL 7-23\" width=\"1200\" height=\"675\"\/><\/source><\/source><\/source><\/source><\/picture><\/div>\n<div class=\"info\">\n<div class=\"caption\">\n<p><span>Algunas de las historias de salud m\u00e1s grandes de esta semana cubrieron una muerte relacionada con la resonancia magn\u00e9tica en Nueva York, preocupaciones sobre el supuesto uso de Ambien de Joe Biden y las preocupaciones m\u00e9dicas sobre el presidente Trump.<\/span> <span>(Istock \/ Getty Images)<\/span><\/p>\n<\/div>\n<\/div>\n<\/div>\n<h2>M\u00e1s en salud<\/h2>\n<p class=\"speakable\"><strong>Milagro m\u00e9dico &#8211;<\/strong> El tumor mortal de c\u00e1ncer cerebral de un hombre desapareci\u00f3 despu\u00e9s de un ensayo experimental de drogas. <i><strong>Continuar leyendo &#8230;<\/strong><\/i><\/p>\n<div class=\"ad-container tablet ad-h-50 ad-w-300\"> <\/div>\n<div class=\"ad-container mobile ad-h-250 ad-w-300 ad-placeholder-load\"> <\/div>\n<p class=\"speakable\"><strong>Amenaza at\u00f3mica <\/strong>&#8211; Las tasas de c\u00e1ncer m\u00e1s altas se han relacionado con los desechos radiactivos de la Segunda Guerra Mundial en un arroyo del Medio Oeste. <i><strong>Continuar leyendo &#8230;<\/strong><\/i><\/p>\n<h3><strong>Sigue a Fox News en las redes sociales<\/strong><\/h3>\n<p><u>Facebook<\/u><\/p>\n<div class=\"ad-container desktop ad-h-50 ad-w-300\"> <\/div>\n<p><u>Instagram<\/u><\/p>\n<div class=\"ad-container mobile ad-h-250 ad-w-300 ad-placeholder-load\"> <\/div>\n<p><u>YouTube<\/u><\/p>\n<div class=\"ad-container tablet ad-h-50 ad-w-300\"> <\/div>\n<p><a href=\"https:\/\/twitter.com\/FoxNews\" target=\"_blank\" rel=\"noopener\"><u>Gorjeo<\/u><\/a><\/p>\n<p><u>LinkedIn<\/u><\/p>\n<h3><strong>Reg\u00edstrese en nuestros boletines<\/strong><\/h3>\n<div class=\"ad-container mobile ad-h-250 ad-w-300 ad-placeholder-load\"> <\/div>\n<p><u>Fox News primero<\/u><\/p>\n<p><u>Opini\u00f3n de Fox News<\/u><\/p>\n<div class=\"ad-container tablet ad-h-50 ad-w-300\"> <\/div>\n<p><u>Estilo de vida de Fox News<\/u><\/p>\n<p><u>Fox News Health<\/u><\/p>\n<div class=\"ad-container desktop ad-h-50 ad-w-300\"> <\/div>\n<div class=\"ad-container mobile ad-h-250 ad-w-300 ad-placeholder-load\"> <\/div>\n<p>Auto de Fox News<\/p>\n<p><u>Fox News Entertainment (Fox411)<\/u><\/p>\n<h3><strong>Descarga nuestras aplicaciones<\/strong><\/h3>\n<p><u>Fox News<\/u><\/p>\n<div class=\"ad-container tablet ad-h-50 ad-w-300\"> <\/div>\n<div class=\"ad-container mobile ad-h-250 ad-w-300 ad-placeholder-load\"> <\/div>\n<p><u>Negocio de zorro<\/u><\/p>\n<p><u>Clima de zorro<\/u><\/p>\n<p><u>Fox Sports<\/u><\/p>\n<div class=\"ad-container mobile ad-h-250 ad-w-300 ad-placeholder-load\"> <\/div>\n<p><u>Tuber\u00eda<\/u><\/p>\n<h3><strong>Mira Fox News Online<\/strong><\/h3>\n<div class=\"ad-container desktop ad-h-50 ad-w-300\"> <\/div>\n<div class=\"ad-container tablet ad-h-50 ad-w-300\"> <\/div>\n<p><u>Fox News Go<\/u><\/p>\n<h3><strong>Stream Fox Nation<\/strong><\/h3>\n<p><u>Naci\u00f3n zorro<\/u><\/p>\n<p> <!----> <\/p>\n<div class=\"article-meta\">\n<div class=\"author-bio\">\n<p>Este art\u00edculo fue escrito por el personal de Fox News.<\/p>\n<\/div>\n<\/div>\n<\/div>\n<p><script async src=\"https:\/\/platform.twitter.com\/widgets.js\" charset=\"utf-8\"><\/script><script async src=\"\/\/www.instagram.com\/embed.js\"><\/script><br \/>\n<br \/>\n","protected":false},"excerpt":{"rendered":"<p>NUEVO\u00a1Ahora puedes escuchar art\u00edculos de Fox News! El bolet\u00edn de salud de Fox News le trae historias sobre los \u00faltimos desarrollos en atenci\u00f3n m\u00e9dica, bienestar, enfermedades, salud mental y m\u00e1s. Top 3: &#8211; Consejos de seguridad despu\u00e9s del accidente de resonancia magn\u00e9tica &#8211; Ambien bajo escrutinio en medio de afirmaciones de uso de Biden &#8211; &hellip;<\/p>\n","protected":false},"author":1,"featured_media":37223,"comment_status":"open","ping_status":"open","sticky":false,"template":"","format":"standard","meta":{"fifu_image_url":"https:\/\/a57.foxnews.com\/static.foxnews.com\/foxnews.com\/content\/uploads\/2025\/07\/1200\/675\/health-nl-7-23.jpg?ve=1&tl=1","fifu_image_alt":"","footnotes":""},"categories":[8],"tags":[],"class_list":["post-37221","post","type-post","status-publish","format-standard","has-post-thumbnail","","category-salud"],"_links":{"self":[{"href":"https:\/\/noticiasveraces.com\/index.php?rest_route=\/wp\/v2\/posts\/37221","targetHints":{"allow":["GET"]}}],"collection":[{"href":"https:\/\/noticiasveraces.com\/index.php?rest_route=\/wp\/v2\/posts"}],"about":[{"href":"https:\/\/noticiasveraces.com\/index.php?rest_route=\/wp\/v2\/types\/post"}],"author":[{"embeddable":true,"href":"https:\/\/noticiasveraces.com\/index.php?rest_route=\/wp\/v2\/users\/1"}],"replies":[{"embeddable":true,"href":"https:\/\/noticiasveraces.com\/index.php?rest_route=%2Fwp%2Fv2%2Fcomments&post=37221"}],"version-history":[{"count":0,"href":"https:\/\/noticiasveraces.com\/index.php?rest_route=\/wp\/v2\/posts\/37221\/revisions"}],"wp:featuredmedia":[{"embeddable":true,"href":"https:\/\/noticiasveraces.com\/index.php?rest_route=\/wp\/v2\/media\/37223"}],"wp:attachment":[{"href":"https:\/\/noticiasveraces.com\/index.php?rest_route=%2Fwp%2Fv2%2Fmedia&parent=37221"}],"wp:term":[{"taxonomy":"category","embeddable":true,"href":"https:\/\/noticiasveraces.com\/index.php?rest_route=%2Fwp%2Fv2%2Fcategories&post=37221"},{"taxonomy":"post_tag","embeddable":true,"href":"https:\/\/noticiasveraces.com\/index.php?rest_route=%2Fwp%2Fv2%2Ftags&post=37221"}],"curies":[{"name":"wp","href":"https:\/\/api.w.org\/{rel}","templated":true}]}}