{"id":37212,"date":"2025-07-23T16:51:16","date_gmt":"2025-07-23T20:51:16","guid":{"rendered":"https:\/\/noticiasveraces.com\/?p=37212"},"modified":"2025-07-23T16:51:16","modified_gmt":"2025-07-23T20:51:16","slug":"el-fiscal-del-caso-juana-rivas-propone-un-retorno-del-menor-a-su-padre-en-privado-y-con-ayuda-profesional-presente-sociedad","status":"publish","type":"post","link":"https:\/\/noticiasveraces.com\/?p=37212","title":{"rendered":"El fiscal del \u2018caso Juana Rivas\u2019 propone un retorno del menor a su padre en privado y con ayuda profesional presente | Sociedad"},"content":{"rendered":"<p> \n<br \/><img decoding=\"async\" src=\"https:\/\/imagenes.elpais.com\/resizer\/v2\/APKI2C5BVRG2XKYQ2MNVC4ZDYQ.JPG?auth=af198c981d8416c3866a503d96996f1ada0d77d6912c002f6fe8fd728453d7c1\" \/><\/p>\n<div data-dtm-region=\"articulo_cuerpo\">\n<p class=\"\">La jueza Cristina Luis V\u00edlchez, los abogados de Juana Rivas, los de Francesco Arcuri y el fiscal del caso se han reunido este mi\u00e9rcoles por la ma\u00f1ana en una cita que ha durado alrededor de 15 minutos. El objetivo era determinar c\u00f3mo hacer que el segundo intento de retorno del hijo menor de la pareja con su padre sea mucho m\u00e1s pac\u00edfico y menos ca\u00f3tico que en la primera ocasi\u00f3n, ocurrida este martes. El Ayuntamiento de Maracena ha escrito una petici\u00f3n al Ministerio de Presidencia para que tome medidas e impida la entrega del pr\u00f3ximo viernes, algo que el ministerio ha se\u00f1alado que va a estudiar. Mientras, el hijo menor Rivas ha pedido ayuda por carta a Naciones Unidas, Amnist\u00eda Internacional y Save the Children.<\/p>\n<p class=\"\">En cualquier caso, la jueza ha pedido en la ma\u00f1ana de este mi\u00e9rcoles a los profesionales que atendieron el primer intento este martes un informe que le ayude a definir el c\u00f3mo y el d\u00f3nde, pero todav\u00eda no ha tomado una decisi\u00f3n sobre la hora y el punto de entrega. Lo que es definitivo es que en esta ocasi\u00f3n ser\u00e1 un acto mucho m\u00e1s \u00edntimo, restringido a las personas estrictamente necesarias y en un lugar en el que no sea posible que la prensa, familiares y amigos <i>revoloteen<\/i> en el exterior de donde se haga la entrega. <\/p>\n<p class=\"\">Fuentes conocedoras del caso y de la reuni\u00f3n han explicado que ha sido el fiscal el que ha hecho una propuesta, que ha sido aceptada en distinto grado por las partes. La Fiscal\u00eda ha considerado necesario que se incorpore una profesional de apoyo al menor en la transici\u00f3n entre la despedida de la madre y el encuentro con su padre. <\/p>\n<p class=\"\">A partir de ah\u00ed, la propuesta incluye un tiempo de despedida con la madre, unos minutos de descompresi\u00f3n con profesionales y el encuentro con su padre que, si es necesario, estar\u00e1 tambi\u00e9n apoyado por profesionales. La previsi\u00f3n de Arcuri es salir inmediatamente de Granada y volver a Italia. Las partes han tenido tambi\u00e9n acceso a un largo informe en el que los expertos detallaban lo ocurrido en el Punto de Encuentro. <\/p>\n<p class=\"\">Por otro lado, Enrique Zambrano, abogado de Arcuri, ha explicado a este diario que ha pedido que \u201cel ni\u00f1o, a diferencia de ayer martes, acuda con una maleta y documentaci\u00f3n\u201d. Zambrano ha recordado que Daniel lleg\u00f3 al Punto de Encuentro Familiar sin nada, \u201cevidenciando que no lo hab\u00edan preparado para irse ni de viaje ni volver con su padre\u201d. Zambrano tambi\u00e9n se queja de la presencia del hermano, quien estuvo acompa\u00f1ando al menor casi todo el tiempo y quien tuvo una fuerte ascendencia sobre Daniel durante toda la ma\u00f1ana. <\/p>\n<h3 class=\"\">Petici\u00f3n al Ministerio de la Presidencia<\/h3>\n<p class=\"\">La responsable del Centro de la Mujer de Maracena, Paqui Granados, ha remitido despu\u00e9s una petici\u00f3n al ministro de Justicia, F\u00e9lix Bola\u00f1os, en el que le insta a que, como \u201cautoridad central espa\u00f1ola\u201d, intervenga para evitar el pr\u00f3ximo viernes la entrega de su hijo menor al padre invocando una excepci\u00f3n incluida en el Convenio de La Haya de 1980. En el escrito, presentado por el Ayuntamiento granadino, esgrimen la petici\u00f3n con el objetivo de salvaguardar el inter\u00e9s superior del menor, de 11 a\u00f1os, hasta que tenga lugar el juicio contra Arcuri por presunto maltrato hacia sus hijos, que est\u00e1 previsto que se celebre el pr\u00f3ximo septiembre en Italia.<\/p>\n<p class=\"\">Fuentes del ministerio que preside F\u00e9lix Bola\u00f1os confirman que han recibido \u201cuna solicitud del Ayuntamiento de Maracena (Granada) sobre la entrega de un menor en el marco de un proceso judicial para la ejecuci\u00f3n de una sentencia de un tribunal italiano\u201d. Ahora, \u201cla solicitud se est\u00e1 examinando detenidamente con el fin de dar una respuesta fundamentada en Derecho antes del pr\u00f3ximo viernes 25, fecha fijada por la Justicia para la entrega del menor\u201d.<\/p>\n<p class=\"\">Y a\u00f1aden: \u201cA lo largo de estos meses, el Ministerio ha defendido siempre el inter\u00e9s superior del menor, que incluye el derecho a ser escuchado. Aunque se trata de un procedimiento judicializado de acuerdo con el Reglamento (UE) 2019\/1111, el Ministerio ha hecho valer estas cuestiones en su \u00e1mbito de actuaci\u00f3n, particularmente en lo relativo a su relaci\u00f3n con las autoridades italianas\u201d.<\/p>\n<p class=\"\">De hecho, \u201cel pasado 11 de marzo, el Gobierno de Italia se dirigi\u00f3 al Ministerio instando su colaboraci\u00f3n en la ejecuci\u00f3n inmediata de la sentencia que ordenaba la restituci\u00f3n del menor\u201d. Ante eso, \u201cel Ministerio de Presidencia, Justicia y Relaciones con las Cortes respondi\u00f3 negando dicha colaboraci\u00f3n por ser un proceso judicializado en el que la parte afectada ten\u00eda derecho a manifestar su oposici\u00f3n\u201d.<\/p>\n<p class=\"\">Y concluyen: \u201cEl pasado lunes 14 de julio, ante una nueva solicitud de la autoridad central italiana instando la implicaci\u00f3n del Ministerio, se hizo llegar a la autoridad italiana diversos informes en los que, entre otras cuestiones, se detallaba el rechazo del menor a ser entregado a su padre, inmerso en un proceso judicial por maltrato en Italia, y su deseo de ser escuchado antes de tomar una decisi\u00f3n definitiva\u201d. <\/p>\n<h3 class=\"\">Una entrega ca\u00f3tica <\/h3>\n<p class=\"\">La entrega del hijo menor de Juana Rivas a su padre el martes se hizo en medio de un gran revuelo: un grupo de alrededor de 12 familiares y amigos de Rivas hizo su aparici\u00f3n calle arriba del lugar de encuentro, con Juana echada sobre el hombro de la directora del Centro de la mujer de Maracena, llorando mientras caminaba, y sus hijos Gabriel y Daniel agarrados de la mano en el centro de la imagen. <\/p>\n<p class=\"\">El grupo apareci\u00f3 50 o 60 metros antes de la puerta y hacia ellos se dirigieron varias decenas de periodistas a todo correr, intercept\u00e1ndolos a mitad de camino e interrumpiendo el tr\u00e1fico. A la escena se sumaban dos decenas de personas en apoyo a Juana, abogados de una y otra parte y fuerzas de seguridad. Una situaci\u00f3n dif\u00edcilmente digerible para un ni\u00f1o de 11 a\u00f1os que tiene que dejar a su madre para irse con su padre. La entrega del menor se retras\u00f3 hasta el viernes, por lo que la escena podr\u00eda volver a pasar. La jueza lo quiere evitar a toda costa y va a poner los medios para que la situaci\u00f3n sea distinta.<\/p>\n<p class=\"\">Para ello, la titular del juzgado ha solicitado \u201ccon car\u00e1cter urgente\u201d un informe del personal t\u00e9cnico del Punto de Encuentro Familiar de Granada que el martes intervino en la \u201cdiligencia con el menor\u201d, que no fue sino la entrega finalmente no completada de Daniel a su padre. Ese informe debe contener datos sobre c\u00f3mo proceder en cuanto al \u201clugar, condiciones y modo en que podr\u00eda tener lugar la efectiva entrega, salvaguardando el superior inter\u00e9s del menor y sin sometimiento del mismo a exposiciones innecesarias para su beneficio\u201d.<\/p>\n<p class=\"\">El primer intento de entrega del menor estaba establecido por orden judicial este martes 22 de julio entre las 10 y las 11 en el Punto de Encuentro Familiar de Granada. All\u00ed entr\u00f3 Arcuri, que lleg\u00f3 un rato antes de la hora prevista, sobre las 9.30 y esper\u00f3 a que al filo de las 11 entrara el menor. Este lleg\u00f3 acompa\u00f1ado de su hermano mayor y de una psic\u00f3loga \u2014\u201centra como amiga, no como perita\u201d, confirm\u00f3 luego su abogado\u2014. El ni\u00f1o tard\u00f3 un rato en encontrarse con su padre. Tanto que este telefone\u00f3 a su abogado, que esperaba en la calle, para coment\u00e1rselo y preguntar qu\u00e9 estaba pasando. El equipo jur\u00eddico, en alerta ya a partir de la una del mediod\u00eda, realiz\u00f3 algunas llamadas que, en primera instancia, le tranquilizaron. <\/p>\n<p class=\"\">Dentro, mientras tanto, un equipo de dos psic\u00f3logas, asistentes sociales y otros especialistas, entre los que hab\u00eda una perita del despacho jur\u00eddico de Enrique Zambrano, letrado de Arcuri, interven\u00eda con el menor, que no se separ\u00f3 de su hermano la mayor parte del tiempo. <\/p>\n<p class=\"\">En un momento concreto, el ni\u00f1o pudo ir con su padre y el equipo especializado inform\u00f3 a la jueza, seg\u00fan relata ella en la providencia en la que retrasaba la entrega al viernes, que en un acto como ese es \u201cabsolutamente descartable que se emplee en la entrega del menor ning\u00fan tipo de fuerza f\u00edsica o coacci\u00f3n\u201d. De esas palabras se deduce que el menor y su hermano se opusieron con cierta rotundidad a ir con su padre y que los expertos consideraron que no se daban las condiciones. <\/p>\n<p class=\"\">Entre el mi\u00e9rcoles y el jueves, y tras la reuni\u00f3n de la ma\u00f1ana y los distintos informes, la jueza decidir\u00e1 c\u00f3mo debe ser el proceso de retorno con su padre \u2014que en ning\u00fan caso pone la magistrada en duda\u2014 el pr\u00f3ximo viernes. <\/p>\n<div class=\"a_de\" data-dtm-region=\"articulo_sumarioenlaces-despiece\">\n<h3 class=\"a_de_t\">Reforma de la ley de protecci\u00f3n a la infancia<\/h3>\n<div class=\"a_de_txt\">\n<p>La ministra de Juventud e Infancia, Sira Rego, ha explicado este mi\u00e9rcoles que quiere iniciar el septiembre la tramitaci\u00f3n de la reforma de la ley de protecci\u00f3n a la infancia frente a la violencia para que se garantice que los menores sean escuchados en los procedimientos. En declaraciones en Onda Cero recogidas por EFE, Rego ha asegurado que se podr\u00eda haber evitado la situaci\u00f3n y la imagen generadas en relaci\u00f3n con la entrega en el punto de encuentro del menor al padre, si se hubiera escuchado al propio Daniel, de 11 a\u00f1os, en la Fiscal\u00eda o en un juzgado de guardia. \u201cDaniel no se fue ayer porque no quiso irse, estamos hablando de un ni\u00f1o que tiene derecho a plantear sus temores y sus miedos, y nosotros tenemos la obligaci\u00f3n de proteger al ni\u00f1o y poner el inter\u00e9s del menor por delante\u201d, ha se\u00f1alado la ministra.<\/p>\n<\/div>\n<\/div>\n<\/div>\n\n","protected":false},"excerpt":{"rendered":"<p>La jueza Cristina Luis V\u00edlchez, los abogados de Juana Rivas, los de Francesco Arcuri y el fiscal del caso se han reunido este mi\u00e9rcoles por la ma\u00f1ana en una cita que ha durado alrededor de 15 minutos. El objetivo era determinar c\u00f3mo hacer que el segundo intento de retorno del hijo menor de la pareja &hellip;<\/p>\n","protected":false},"author":1,"featured_media":37214,"comment_status":"open","ping_status":"open","sticky":false,"template":"","format":"standard","meta":{"fifu_image_url":"https:\/\/imagenes.elpais.com\/resizer\/v2\/APKI2C5BVRG2XKYQ2MNVC4ZDYQ.JPG?auth=af198c981d8416c3866a503d96996f1ada0d77d6912c002f6fe8fd728453d7c1&width=1200","fifu_image_alt":"","footnotes":""},"categories":[11],"tags":[],"class_list":["post-37212","post","type-post","status-publish","format-standard","has-post-thumbnail","","category-viaje"],"_links":{"self":[{"href":"https:\/\/noticiasveraces.com\/index.php?rest_route=\/wp\/v2\/posts\/37212","targetHints":{"allow":["GET"]}}],"collection":[{"href":"https:\/\/noticiasveraces.com\/index.php?rest_route=\/wp\/v2\/posts"}],"about":[{"href":"https:\/\/noticiasveraces.com\/index.php?rest_route=\/wp\/v2\/types\/post"}],"author":[{"embeddable":true,"href":"https:\/\/noticiasveraces.com\/index.php?rest_route=\/wp\/v2\/users\/1"}],"replies":[{"embeddable":true,"href":"https:\/\/noticiasveraces.com\/index.php?rest_route=%2Fwp%2Fv2%2Fcomments&post=37212"}],"version-history":[{"count":0,"href":"https:\/\/noticiasveraces.com\/index.php?rest_route=\/wp\/v2\/posts\/37212\/revisions"}],"wp:featuredmedia":[{"embeddable":true,"href":"https:\/\/noticiasveraces.com\/index.php?rest_route=\/wp\/v2\/media\/37214"}],"wp:attachment":[{"href":"https:\/\/noticiasveraces.com\/index.php?rest_route=%2Fwp%2Fv2%2Fmedia&parent=37212"}],"wp:term":[{"taxonomy":"category","embeddable":true,"href":"https:\/\/noticiasveraces.com\/index.php?rest_route=%2Fwp%2Fv2%2Fcategories&post=37212"},{"taxonomy":"post_tag","embeddable":true,"href":"https:\/\/noticiasveraces.com\/index.php?rest_route=%2Fwp%2Fv2%2Ftags&post=37212"}],"curies":[{"name":"wp","href":"https:\/\/api.w.org\/{rel}","templated":true}]}}