{"id":37194,"date":"2025-07-23T07:12:28","date_gmt":"2025-07-23T11:12:28","guid":{"rendered":"https:\/\/noticiasveraces.com\/?p=37194"},"modified":"2025-07-23T07:12:28","modified_gmt":"2025-07-23T11:12:28","slug":"el-uso-de-ambien-podria-explicar-las-luchas-de-debate-de-biden-su-sugiere-son-hunter","status":"publish","type":"post","link":"https:\/\/noticiasveraces.com\/?p=37194","title":{"rendered":"El uso de Ambien podr\u00eda explicar las luchas de debate de Biden, su sugiere Son Hunter"},"content":{"rendered":"<p> \n<\/p>\n<div>\n<div id=\"beyondwords-wrapper\" class=\"beyondwords-wrapper\">\n<p><span class=\"label-bg\">NUEVO<\/span>\u00a1Ahora puedes escuchar art\u00edculos de Fox News!\n  <\/p>\n<\/div>\n<p class=\"speakable\">Los m\u00e9dicos intervienen despu\u00e9s de que Hunter Biden afirm\u00f3 que las pastillas para dormir podr\u00edan haber contribuido a las aparentes luchas cognitivas de su padre durante los debates presidenciales de 2024.<\/p>\n<p class=\"speakable\"><u>Ex presidente Joe Biden&#8217;s<\/u> Son hizo las declaraciones durante una entrevista con el presentador de YouTube Andrew Callaghan que se lanz\u00f3 el lunes.<\/p>\n<p>Al discutir el desempe\u00f1o de su padre en el primer debate presidencial el 27 de junio de 2024, que se describi\u00f3 ampliamente como \u00abdesastroso\u00bb y finalmente llev\u00f3 a que Joe Biden abandonara la carrera, Hunter Biden se\u00f1al\u00f3 el presunto uso de su padre de la ayuda para el sue\u00f1o Ambien.<\/p>\n<p><strong><u>Los m\u00e9dicos expresan su preocupaci\u00f3n por los aparentes problemas cognitivos de Biden durante el debate: \u00abindicadores preocupantes\u00bb<\/u><\/strong><\/p>\n<p>\u00abTe dir\u00e9 qu\u00e9, s\u00e9 exactamente lo que sucedi\u00f3 en ese debate. Vol\u00f3 alrededor del mundo, b\u00e1sicamente, y el kilometraje que podr\u00eda haber volado alrededor del mundo tres veces\u00bb, dijo Hunter Biden durante la aparici\u00f3n en \u00abChannel 5 con Andrew Callaghan\u00bb.<\/p>\n<p>\u00abTiene 81 a\u00f1os. Est\u00e1 cansado como S &#8212;-. Le dan Ambien para poder dormir. Se sube al escenario y parece que es un ciervo en los faros delanteros. Y se alimenta de una historia que cualquiera quiere contar\u00bb.<\/p>\n<div class=\"image-ct inline\">\n<div class=\"m\"><picture><source media=\"(max-width: 767px)\" srcset=\"https:\/\/a57.foxnews.com\/static.foxnews.com\/foxnews.com\/content\/uploads\/2025\/07\/343\/192\/ambien-joe-biden.jpg?ve=1&amp;tl=1, https:\/\/a57.foxnews.com\/static.foxnews.com\/foxnews.com\/content\/uploads\/2025\/07\/686\/384\/ambien-joe-biden.jpg?ve=1&amp;tl=1 2x\" height=\"192\" width=\"343\"><source media=\"(min-width: 768px) and (max-width: 1023px)\" srcset=\"https:\/\/a57.foxnews.com\/static.foxnews.com\/foxnews.com\/content\/uploads\/2025\/07\/672\/378\/ambien-joe-biden.jpg?ve=1&amp;tl=1, https:\/\/a57.foxnews.com\/static.foxnews.com\/foxnews.com\/content\/uploads\/2025\/07\/1344\/756\/ambien-joe-biden.jpg?ve=1&amp;tl=1 2x\" height=\"378\" width=\"672\"><source media=\"(min-width: 1024px) and (max-width: 1279px)\" srcset=\"https:\/\/a57.foxnews.com\/static.foxnews.com\/foxnews.com\/content\/uploads\/2025\/07\/931\/523\/ambien-joe-biden.jpg?ve=1&amp;tl=1, https:\/\/a57.foxnews.com\/static.foxnews.com\/foxnews.com\/content\/uploads\/2025\/07\/1862\/1046\/ambien-joe-biden.jpg?ve=1&amp;tl=1 2x\" height=\"523\" width=\"931\"><source media=\"(min-width: 1280px)\" srcset=\"https:\/\/a57.foxnews.com\/static.foxnews.com\/foxnews.com\/content\/uploads\/2025\/07\/720\/405\/ambien-joe-biden.jpg?ve=1&amp;tl=1, https:\/\/a57.foxnews.com\/static.foxnews.com\/foxnews.com\/content\/uploads\/2025\/07\/1440\/810\/ambien-joe-biden.jpg?ve=1&amp;tl=1 2x\" height=\"405\" width=\"720\"><img loading=\"lazy\" decoding=\"async\" src=\"https:\/\/a57.foxnews.com\/static.foxnews.com\/foxnews.com\/content\/uploads\/2025\/07\/1200\/675\/ambien-joe-biden.jpg?ve=1&amp;tl=1\" alt=\"Medicaci\u00f3n de Sleep Ambien - Joe Biden\" width=\"1200\" height=\"675\"\/><\/source><\/source><\/source><\/source><\/picture><\/div>\n<div class=\"info\">\n<div class=\"caption\">\n<p><span>Los m\u00e9dicos intervienen despu\u00e9s de que Hunter Biden afirm\u00f3 que las pastillas para dormir podr\u00edan haber contribuido a las aparentes luchas cognitivas de su padre durante los debates presidenciales de 2024.<\/span> <span>(Getty Images)<\/span><\/p>\n<\/div>\n<\/div>\n<\/div>\n<p>Ambien (nombre gen\u00e9rico Zolpidem) es un medicamento recetado para el insomnio. Se pretende solo para uso a corto plazo, seg\u00fan GoodRX.<\/p>\n<p>Algunos de los efectos secundarios m\u00e1s comunes de Ambien incluyen mareos, somnolencia, n\u00e1useas, v\u00f3mitos, diarrea, dolor de cabeza, dolor muscular y articular, y visi\u00f3n doble o borrosa, la fuente anterior establecida.<\/p>\n<p><strong><u>Despu\u00e9s de que Biden abandona la raza, los m\u00e9dicos revelan por qu\u00e9 la decisi\u00f3n puede haber sido la mejor para su salud<\/u><\/strong><\/p>\n<p>El medicamento tambi\u00e9n puede causar problemas de memoria y grogginess durante el d\u00eda.<\/p>\n<p>Los efectos secundarios m\u00e1s graves y raros pueden incluir alucinaciones, \u00abpensamiento anormal y comportamiento\u00bb y \u00abposible mayor riesgo de demencia en adultos mayores\u00bb, seg\u00fan Goodrx.<\/p>\n<div class=\"image-ct inline\">\n<div class=\"m\"><picture><source media=\"(max-width: 767px)\" srcset=\"https:\/\/a57.foxnews.com\/static.foxnews.com\/foxnews.com\/content\/uploads\/2024\/06\/343\/192\/BIDEN-DEBATE-SPLIT.jpg?ve=1&amp;tl=1, https:\/\/a57.foxnews.com\/static.foxnews.com\/foxnews.com\/content\/uploads\/2024\/06\/686\/384\/BIDEN-DEBATE-SPLIT.jpg?ve=1&amp;tl=1 2x\" height=\"192\" width=\"343\"><source media=\"(min-width: 768px) and (max-width: 1023px)\" srcset=\"https:\/\/a57.foxnews.com\/static.foxnews.com\/foxnews.com\/content\/uploads\/2024\/06\/672\/378\/BIDEN-DEBATE-SPLIT.jpg?ve=1&amp;tl=1, https:\/\/a57.foxnews.com\/static.foxnews.com\/foxnews.com\/content\/uploads\/2024\/06\/1344\/756\/BIDEN-DEBATE-SPLIT.jpg?ve=1&amp;tl=1 2x\" height=\"378\" width=\"672\"><source media=\"(min-width: 1024px) and (max-width: 1279px)\" srcset=\"https:\/\/a57.foxnews.com\/static.foxnews.com\/foxnews.com\/content\/uploads\/2024\/06\/931\/523\/BIDEN-DEBATE-SPLIT.jpg?ve=1&amp;tl=1, https:\/\/a57.foxnews.com\/static.foxnews.com\/foxnews.com\/content\/uploads\/2024\/06\/1862\/1046\/BIDEN-DEBATE-SPLIT.jpg?ve=1&amp;tl=1 2x\" height=\"523\" width=\"931\"><source media=\"(min-width: 1280px)\" srcset=\"https:\/\/a57.foxnews.com\/static.foxnews.com\/foxnews.com\/content\/uploads\/2024\/06\/720\/405\/BIDEN-DEBATE-SPLIT.jpg?ve=1&amp;tl=1, https:\/\/a57.foxnews.com\/static.foxnews.com\/foxnews.com\/content\/uploads\/2024\/06\/1440\/810\/BIDEN-DEBATE-SPLIT.jpg?ve=1&amp;tl=1 2x\" height=\"405\" width=\"720\"><img loading=\"lazy\" decoding=\"async\" src=\"https:\/\/a57.foxnews.com\/static.foxnews.com\/foxnews.com\/content\/uploads\/2024\/06\/1200\/675\/BIDEN-DEBATE-SPLIT.jpg?ve=1&amp;tl=1\" alt=\"Tres disparos de Biden durante el debate\" width=\"1200\" height=\"675\"\/><\/source><\/source><\/source><\/source><\/picture><\/div>\n<div class=\"info\">\n<div class=\"caption\">\n<p><span>El debate del ex presidente Biden contra Donald Trump en 2024 abri\u00f3 las compuertas a las cr\u00edticas sobre su agudeza mental. <\/span> <span>(Foto de Justin Sullivan\/Getty Images | Foto de Andrew Caballero-Reynolds\/AFP a trav\u00e9s de Getty Images | Foto de Justin Sullivan\/Getty Images)<\/span><\/p>\n<\/div>\n<\/div>\n<\/div>\n<p>\u00abPor s\u00ed mismo, Zolpidem puede causar un mayor riesgo de ca\u00eddas, comportamiento alterado y sobresedaci\u00f3n. Si se combina con otras sustancias, los riesgos son a\u00fan m\u00e1s altos\u00bb, establece la fuente anterior.<\/p>\n<p>\u00abZolpidem puede causar somnolencia diurna, mareos, confusi\u00f3n y actividad cerebral lenta, especialmente cuando se combina con alcohol, benzodiacepinas, opioides o antidepresivos tric\u00edclicos\u00bb.<\/p>\n<blockquote class=\"pull-quote\">\n<p class=\"quote-text\">\u00abLos estudios han sugerido que incluso el uso a corto plazo de Ambien puede causar delirio y confusi\u00f3n\u00bb.<\/p>\n<p> <!----><\/p><\/blockquote>\n<p>Se recomienda que las personas de 65 a\u00f1os o m\u00e1s \u00abusen atenci\u00f3n adicional\u00bb despu\u00e9s de tomar el medicamento, ya que puede causar un mayor riesgo de caer.<\/p>\n<p>El Dr. Marc Siegel, analista m\u00e9dico senior de Fox News, estuvo de acuerdo en que Ambien puede causar confusi\u00f3n, alucinaciones o experiencias fuera del cuerpo.<\/p>\n<p>\u00abAmbien no es una gran droga para los ancianos por estas razones\u00bb, dijo Siegel, quien no ha tratado a Biden, a Fox News Digital.<\/p>\n<div class=\"image-ct inline\">\n<div class=\"m\"><picture><source media=\"(max-width: 767px)\" srcset=\"https:\/\/a57.foxnews.com\/static.foxnews.com\/foxnews.com\/content\/uploads\/2025\/07\/343\/192\/older-man-holding-head.jpg?ve=1&amp;tl=1, https:\/\/a57.foxnews.com\/static.foxnews.com\/foxnews.com\/content\/uploads\/2025\/07\/686\/384\/older-man-holding-head.jpg?ve=1&amp;tl=1 2x\" height=\"192\" width=\"343\"><source media=\"(min-width: 768px) and (max-width: 1023px)\" srcset=\"https:\/\/a57.foxnews.com\/static.foxnews.com\/foxnews.com\/content\/uploads\/2025\/07\/672\/378\/older-man-holding-head.jpg?ve=1&amp;tl=1, https:\/\/a57.foxnews.com\/static.foxnews.com\/foxnews.com\/content\/uploads\/2025\/07\/1344\/756\/older-man-holding-head.jpg?ve=1&amp;tl=1 2x\" height=\"378\" width=\"672\"><source media=\"(min-width: 1024px) and (max-width: 1279px)\" srcset=\"https:\/\/a57.foxnews.com\/static.foxnews.com\/foxnews.com\/content\/uploads\/2025\/07\/931\/523\/older-man-holding-head.jpg?ve=1&amp;tl=1, https:\/\/a57.foxnews.com\/static.foxnews.com\/foxnews.com\/content\/uploads\/2025\/07\/1862\/1046\/older-man-holding-head.jpg?ve=1&amp;tl=1 2x\" height=\"523\" width=\"931\"><source media=\"(min-width: 1280px)\" srcset=\"https:\/\/a57.foxnews.com\/static.foxnews.com\/foxnews.com\/content\/uploads\/2025\/07\/720\/405\/older-man-holding-head.jpg?ve=1&amp;tl=1, https:\/\/a57.foxnews.com\/static.foxnews.com\/foxnews.com\/content\/uploads\/2025\/07\/1440\/810\/older-man-holding-head.jpg?ve=1&amp;tl=1 2x\" height=\"405\" width=\"720\"><img loading=\"lazy\" decoding=\"async\" src=\"https:\/\/a57.foxnews.com\/static.foxnews.com\/foxnews.com\/content\/uploads\/2025\/07\/1200\/675\/older-man-holding-head.jpg?ve=1&amp;tl=1\" alt=\"Hombre mayor sosteniendo la cabeza\" width=\"1200\" height=\"675\"\/><\/source><\/source><\/source><\/source><\/picture><\/div>\n<div class=\"info\">\n<div class=\"caption\">\n<p><span>El Dr. Marc Siegel, analista m\u00e9dico senior de Fox News, advirti\u00f3 que Ambien puede causar confusi\u00f3n, alucinaciones o experiencias fuera del cuerpo.<\/span> <span>(Istock)<\/span><\/p>\n<\/div>\n<\/div>\n<\/div>\n<p>Sin embargo, el m\u00e9dico continu\u00f3: \u00abNo tenemos una fuente verificable para asegurarnos de que esto sea cierto sobre el Ambien &#8230; podr\u00eda haber estado tomando cualquier cosa\u00bb.<\/p>\n<p>Siegel tambi\u00e9n se\u00f1al\u00f3 que Ambien no es un sedante, y si Biden lo tom\u00f3 la noche anterior, deber\u00eda haber desaparecido en el momento del debate.<\/p>\n<p>\u00abY tomarlo justo antes de que el debate no tenga ning\u00fan sentido, ning\u00fan m\u00e9dico lo recomendar\u00eda\u00bb, dijo Siegel.<\/p>\n<p><strong><u>Haga clic aqu\u00ed para obtener la aplicaci\u00f3n Fox News<\/u><\/strong><\/p>\n<p>La Dra. Michaela Robbins, una enfermera practicante certificada por la junta en Nueva York y fundadora de East X West Med, una pr\u00e1ctica de hormona y longevidad, no ha estado involucrado en el cuidado de Biden, sino que coment\u00f3 sobre el posible papel de Ambien en su supuesta condici\u00f3n.<\/p>\n<p>\u00abEs dif\u00edcil decir sin proporcionar una evaluaci\u00f3n m\u00e9dica completa, pero en general el uso de Ambien puede causar absolutamente el tipo de confusi\u00f3n que Biden parec\u00eda experimentar\u00bb, dijo a Fox News Digital.<\/p>\n<div class=\"image-ct inline\">\n<div class=\"m\"><picture><source media=\"(max-width: 767px)\" srcset=\"https:\/\/a57.foxnews.com\/static.foxnews.com\/foxnews.com\/content\/uploads\/2025\/07\/343\/192\/medication-elderly.jpg?ve=1&amp;tl=1, https:\/\/a57.foxnews.com\/static.foxnews.com\/foxnews.com\/content\/uploads\/2025\/07\/686\/384\/medication-elderly.jpg?ve=1&amp;tl=1 2x\" height=\"192\" width=\"343\"><source media=\"(min-width: 768px) and (max-width: 1023px)\" srcset=\"https:\/\/a57.foxnews.com\/static.foxnews.com\/foxnews.com\/content\/uploads\/2025\/07\/672\/378\/medication-elderly.jpg?ve=1&amp;tl=1, https:\/\/a57.foxnews.com\/static.foxnews.com\/foxnews.com\/content\/uploads\/2025\/07\/1344\/756\/medication-elderly.jpg?ve=1&amp;tl=1 2x\" height=\"378\" width=\"672\"><source media=\"(min-width: 1024px) and (max-width: 1279px)\" srcset=\"https:\/\/a57.foxnews.com\/static.foxnews.com\/foxnews.com\/content\/uploads\/2025\/07\/931\/523\/medication-elderly.jpg?ve=1&amp;tl=1, https:\/\/a57.foxnews.com\/static.foxnews.com\/foxnews.com\/content\/uploads\/2025\/07\/1862\/1046\/medication-elderly.jpg?ve=1&amp;tl=1 2x\" height=\"523\" width=\"931\"><source media=\"(min-width: 1280px)\" srcset=\"https:\/\/a57.foxnews.com\/static.foxnews.com\/foxnews.com\/content\/uploads\/2025\/07\/720\/405\/medication-elderly.jpg?ve=1&amp;tl=1, https:\/\/a57.foxnews.com\/static.foxnews.com\/foxnews.com\/content\/uploads\/2025\/07\/1440\/810\/medication-elderly.jpg?ve=1&amp;tl=1 2x\" height=\"405\" width=\"720\"><img loading=\"lazy\" decoding=\"async\" src=\"https:\/\/a57.foxnews.com\/static.foxnews.com\/foxnews.com\/content\/uploads\/2025\/07\/1200\/675\/medication-elderly.jpg?ve=1&amp;tl=1\" alt=\"Persona mayor vertiendo p\u00edldoras en la mano.\" width=\"1200\" height=\"675\"\/><\/source><\/source><\/source><\/source><\/picture><\/div>\n<div class=\"info\">\n<div class=\"caption\">\n<p><span>Se recomienda que las personas de 65 a\u00f1os o m\u00e1s \u00abusen atenci\u00f3n adicional\u00bb despu\u00e9s de tomar el medicamento, ya que puede causar un mayor riesgo de caer.<\/span> <span>(Istock)<\/span><\/p>\n<\/div>\n<\/div>\n<\/div>\n<p>\u00abLos estudios han sugerido que incluso el uso a corto plazo de Ambien puede causar delirio y confusi\u00f3n, y el uso a largo plazo se ha asociado con un mayor riesgo de demencia y deterioro cognitivo, especialmente en la poblaci\u00f3n geri\u00e1trica\u00bb.<\/p>\n<p>\u00abEs menos probable que cause ese tipo de impacto en un individuo m\u00e1s joven y saludable, pero para la edad de alguien Biden, la confusi\u00f3n inducida por medicamentos es com\u00fan, especialmente con sedantes\u00bb, agreg\u00f3.<\/p>\n<p><strong><u>Haga clic aqu\u00ed para registrarse en nuestro bolet\u00edn de salud<\/u><\/strong><\/p>\n<p>En general, dijo Robbins, Ambien es reconocido como un \u00abmedicamento problem\u00e1tico e inapropiado\u00bb cuando se prescribe a personas mayores. <\/p>\n<p>\u00abAmbien puede ser una droga realmente peligrosa en adultos mayores, especialmente cuando o si se combina con otros medicamentos\u00bb, dijo.<\/p>\n<blockquote class=\"pull-quote\">\n<p class=\"quote-text\">\u00abPara la edad de alguien Biden, la confusi\u00f3n inducida por medicamentos es com\u00fan, especialmente con los sedantes\u00bb.<\/p>\n<p> <!----><\/p><\/blockquote>\n<p>Cada vez que se prescribe Ambien, se recomienda que el paciente reciba una evaluaci\u00f3n m\u00e9dica exhaustiva y discute los pros y los contras con un m\u00e9dico. <\/p>\n<p>\u00abDesde una perspectiva de longevidad, creo que hay mejores intervenciones para prevenir o tratar el insomnio que tienen menos riesgos para la salud y conducen a menos deterioro mental\u00bb, aconsej\u00f3 Robbins.<\/p>\n<p><i><strong><u>Para m\u00e1s art\u00edculos de salud, visite <\/u><\/strong><\/i><i><strong><u>www.foxnews.com\/Health<\/u><\/strong><\/i><\/p>\n<p>Fox News Digital se comunic\u00f3 con los representantes de Joe Biden y a Cosette Pharmaceuticals, el actual fabricante de Ambien, solicitando comentarios.<\/p>\n<p> <!----> <\/p>\n<div class=\"article-meta\">\n<div class=\"author-bio\">\n<p>Melissa Rudy es editora de salud senior y miembro del equipo de estilo de vida en Fox News Digital. Los consejos de la historia se pueden enviar a melissa.rudy@fox.com.<\/p>\n<\/div>\n<\/div>\n<\/div>\n\n","protected":false},"excerpt":{"rendered":"<p>NUEVO\u00a1Ahora puedes escuchar art\u00edculos de Fox News! Los m\u00e9dicos intervienen despu\u00e9s de que Hunter Biden afirm\u00f3 que las pastillas para dormir podr\u00edan haber contribuido a las aparentes luchas cognitivas de su padre durante los debates presidenciales de 2024. Ex presidente Joe Biden&#8217;s Son hizo las declaraciones durante una entrevista con el presentador de YouTube Andrew &hellip;<\/p>\n","protected":false},"author":1,"featured_media":37196,"comment_status":"open","ping_status":"open","sticky":false,"template":"","format":"standard","meta":{"fifu_image_url":"https:\/\/a57.foxnews.com\/static.foxnews.com\/foxnews.com\/content\/uploads\/2025\/07\/1200\/675\/ambien-joe-biden.jpg?ve=1&tl=1","fifu_image_alt":"","footnotes":""},"categories":[8],"tags":[],"class_list":["post-37194","post","type-post","status-publish","format-standard","has-post-thumbnail","","category-salud"],"_links":{"self":[{"href":"https:\/\/noticiasveraces.com\/index.php?rest_route=\/wp\/v2\/posts\/37194","targetHints":{"allow":["GET"]}}],"collection":[{"href":"https:\/\/noticiasveraces.com\/index.php?rest_route=\/wp\/v2\/posts"}],"about":[{"href":"https:\/\/noticiasveraces.com\/index.php?rest_route=\/wp\/v2\/types\/post"}],"author":[{"embeddable":true,"href":"https:\/\/noticiasveraces.com\/index.php?rest_route=\/wp\/v2\/users\/1"}],"replies":[{"embeddable":true,"href":"https:\/\/noticiasveraces.com\/index.php?rest_route=%2Fwp%2Fv2%2Fcomments&post=37194"}],"version-history":[{"count":0,"href":"https:\/\/noticiasveraces.com\/index.php?rest_route=\/wp\/v2\/posts\/37194\/revisions"}],"wp:featuredmedia":[{"embeddable":true,"href":"https:\/\/noticiasveraces.com\/index.php?rest_route=\/wp\/v2\/media\/37196"}],"wp:attachment":[{"href":"https:\/\/noticiasveraces.com\/index.php?rest_route=%2Fwp%2Fv2%2Fmedia&parent=37194"}],"wp:term":[{"taxonomy":"category","embeddable":true,"href":"https:\/\/noticiasveraces.com\/index.php?rest_route=%2Fwp%2Fv2%2Fcategories&post=37194"},{"taxonomy":"post_tag","embeddable":true,"href":"https:\/\/noticiasveraces.com\/index.php?rest_route=%2Fwp%2Fv2%2Ftags&post=37194"}],"curies":[{"name":"wp","href":"https:\/\/api.w.org\/{rel}","templated":true}]}}