{"id":37183,"date":"2025-07-23T06:26:26","date_gmt":"2025-07-23T10:26:26","guid":{"rendered":"https:\/\/noticiasveraces.com\/?p=37183"},"modified":"2025-07-23T06:26:26","modified_gmt":"2025-07-23T10:26:26","slug":"partido-aleman-afd-mantiene-etiqueta-de-extrema-derecha-dw-23-07-2025","status":"publish","type":"post","link":"https:\/\/noticiasveraces.com\/?p=37183","title":{"rendered":"Partido alem\u00e1n AfD mantiene etiqueta de \u00abextrema derecha\u00bb \u2013 DW \u2013 23\/07\/2025"},"content":{"rendered":"<p> \n<\/p>\n<div>\n<p>La sentencia del martes (22.07.2025) del Tribunal Administrativo Federal de Leipzig es definitiva y confirma la clasificaci\u00f3n del partido AfD\u00a0como \u00abpresuntamente de extrema derecha\u00bb, llevada a cabo por parte de los servicios de inteligencia nacionales. El recurso contra su inclusi\u00f3n como \u00abextremista confirmado\u00bb sigue en tr\u00e1mite.<\/p>\n<p>El veredicto confirma una sentencia de mayo de 2024 de un tribunal administrativo superior de M\u00fcnster, que justificaba la evaluaci\u00f3n alegando que exist\u00edan pruebas suficientes que suger\u00edan\u00a0tendencias antidemocr\u00e1ticas en la plataforma del partido.<\/p>\n<p>Entre otras cosas, el Tribunal de M\u00fcnster declar\u00f3 que exist\u00eda una \u00absospecha justificada\u00bb de que una parte considerable de sus miembros estaba a favor de degradar la situaci\u00f3n legal de los ciudadanos alemanes \u00abde origen migratorio\u00bb.<\/p>\n<p>La clasificaci\u00f3n de AfD y su rama juvenil, ahora disuelta, por parte de la agencia de inteligencia interior alemana, la Oficina Federal para la Protecci\u00f3n de la Constituci\u00f3n (BfV), permite la vigilancia del partido por todos los medios legales.<\/p>\n<p>Estos incluyen el reclutamiento de informantes encubiertos entre las filas del partido.<\/p>\n<p>La evaluaci\u00f3n de \u00absospechosa\u00bb de la BfV se elev\u00f3 en mayo a \u00abconfirmada\u00bb, pero esta ha quedado suspendida a la espera de una sentencia judicial que podr\u00eda tardar a\u00f1os en emitirse.<\/p>\n<p>Sin embargo, algunas de las filiales regionales de AfD ya est\u00e1n siendo vigiladas por agencias de inteligencia de distintos estados alemanes como extremistas \u00abconfirmados\u00bb.<\/p>\n<p>AfD es el partido de oposici\u00f3n m\u00e1s fuerte en el Bundestag, la c\u00e1mara baja del parlamento alem\u00e1n.<\/p>\n<p>CP (DAP, AFP) <\/p>\n<\/div>\n\n","protected":false},"excerpt":{"rendered":"<p>La sentencia del martes (22.07.2025) del Tribunal Administrativo Federal de Leipzig es definitiva y confirma la clasificaci\u00f3n del partido AfD\u00a0como \u00abpresuntamente de extrema derecha\u00bb, llevada a cabo por parte de los servicios de inteligencia nacionales. El recurso contra su inclusi\u00f3n como \u00abextremista confirmado\u00bb sigue en tr\u00e1mite. El veredicto confirma una sentencia de mayo de 2024 &hellip;<\/p>\n","protected":false},"author":1,"featured_media":37184,"comment_status":"open","ping_status":"open","sticky":false,"template":"","format":"standard","meta":{"fifu_image_url":"https:\/\/static.dw.com\/image\/72505930_6.jpg","fifu_image_alt":"","footnotes":""},"categories":[13],"tags":[],"class_list":["post-37183","post","type-post","status-publish","format-standard","has-post-thumbnail","","category-mundo"],"_links":{"self":[{"href":"https:\/\/noticiasveraces.com\/index.php?rest_route=\/wp\/v2\/posts\/37183","targetHints":{"allow":["GET"]}}],"collection":[{"href":"https:\/\/noticiasveraces.com\/index.php?rest_route=\/wp\/v2\/posts"}],"about":[{"href":"https:\/\/noticiasveraces.com\/index.php?rest_route=\/wp\/v2\/types\/post"}],"author":[{"embeddable":true,"href":"https:\/\/noticiasveraces.com\/index.php?rest_route=\/wp\/v2\/users\/1"}],"replies":[{"embeddable":true,"href":"https:\/\/noticiasveraces.com\/index.php?rest_route=%2Fwp%2Fv2%2Fcomments&post=37183"}],"version-history":[{"count":0,"href":"https:\/\/noticiasveraces.com\/index.php?rest_route=\/wp\/v2\/posts\/37183\/revisions"}],"wp:featuredmedia":[{"embeddable":true,"href":"https:\/\/noticiasveraces.com\/index.php?rest_route=\/wp\/v2\/media\/37184"}],"wp:attachment":[{"href":"https:\/\/noticiasveraces.com\/index.php?rest_route=%2Fwp%2Fv2%2Fmedia&parent=37183"}],"wp:term":[{"taxonomy":"category","embeddable":true,"href":"https:\/\/noticiasveraces.com\/index.php?rest_route=%2Fwp%2Fv2%2Fcategories&post=37183"},{"taxonomy":"post_tag","embeddable":true,"href":"https:\/\/noticiasveraces.com\/index.php?rest_route=%2Fwp%2Fv2%2Ftags&post=37183"}],"curies":[{"name":"wp","href":"https:\/\/api.w.org\/{rel}","templated":true}]}}