{"id":37174,"date":"2025-07-23T03:23:23","date_gmt":"2025-07-23T07:23:23","guid":{"rendered":"https:\/\/noticiasveraces.com\/?p=37174"},"modified":"2025-07-23T03:23:23","modified_gmt":"2025-07-23T07:23:23","slug":"ishiba-desmiente-que-vaya-a-dimitir-tras-la-debacle-dw-23-07-2025","status":"publish","type":"post","link":"https:\/\/noticiasveraces.com\/?p=37174","title":{"rendered":"Ishiba desmiente que vaya a dimitir tras la debacle \u2013 DW \u2013 23\/07\/2025"},"content":{"rendered":"<p> \n<\/p>\n<div>\n<p>El primer ministro de Jap\u00f3n, Shigeru Ishiba, desminti\u00f3 este mi\u00e9rcoles (23.07.2025)\u00a0 las informaciones provenientes de medios y de su propio partido que apuntaban a su dimisi\u00f3n inminente, tras la debacle electoral del pasado domingo, y que ha dejado al l\u00edder nip\u00f3n en una posici\u00f3n muy debilitada. <\/p>\n<p>Seg\u00fan los diarios <em>Yomiuri <\/em>Y <em>Mainichi<\/em>Ishiba inform\u00f3 a sus allegados de su intenci\u00f3n de renunciar, luego de que el\u00a0mi\u00e9rcoles\u00a0se anunciara un acuerdo comercial entre Estados Unidos y Jap\u00f3n.<\/p>\n<p>La votaci\u00f3n del domingo para el Senado result\u00f3 calamitosa para el centroderechista Partido Liberal Democr\u00e1tico (PLD) de Ishiba, que ha gobernado casi continuamente dese 1955.<\/p>\n<p>Ishiba piensa dejar el cargo para finales de agosto, seg\u00fan el diario <em>Mainichi<\/em>.<\/p>\n<figure class=\"placeholder-image master_landscape big\"><img data-format=\"MASTER_LANDSCAPE\" data-id=\"73343770\" data-url=\"https:\/\/static.dw.com\/image\/73343770_${formatId}.jpg\" data-aspect-ratio=\"16\/9\" alt=\"Ishiba coloca una rosa junto al nombre de un candidato electoral, durante el recuento de votos del Partido Liberal Democr\u00e1tico, en el cuartel general del partido en Tokio.\" style=\"padding-bottom: 56.25%; height: 0; max-height: 0;\"\/><figcaption class=\"img-caption\">Ishiba coloca una rosa junto al nombre de un candidato electoral, durante el recuento de votos del Partido Liberal Democr\u00e1tico (LDP). (20.07.2025).<small class=\"copyright\">Imagen: Franck Robichon\/AFP<\/small><\/figcaption><\/figure>\n<p>El peri\u00f3dico <em>Yomiuri <\/em>indic\u00f3 que anunciar\u00eda su renuncia en julio pero no dio a conocer hasta cu\u00e1ndo se mantendr\u00eda en el cargo.<\/p>\n<p>Ambos diarios y otras publicaciones han reportado que dentro del PLD han crecido los llamados a la salida de Ishiba, de 68 a\u00f1os, tras los resultados electorales del domingo.<\/p>\n<p>El partido tambi\u00e9n perdi\u00f3 su mayor\u00eda en la C\u00e1mara Baja en una elecci\u00f3n en octubre pasado.<\/p>\n<p>El jefe de gobierno, un exministro de Defensa, lleg\u00f3 al poder en septiembre de 2024 con la promesa de \u00abcrear un nuevo Jap\u00f3n\u00bb.<\/p>\n<p>Pero la inflaci\u00f3n que ha vivido el pa\u00eds desde la invasi\u00f3n rusa a Ucrania de 2022 ha creado enojo entre la poblaci\u00f3n, en particular por los elevados precios del arroz, un componente infaltable en la alimentaci\u00f3n de los japoneses.<\/p>\n<p>El PLD tambi\u00e9n se ha visto golpeado por un esc\u00e1ndalo de financiaci\u00f3n.<\/p>\n<p>CP (AFP, DPA, RTR)<\/p>\n<\/div>\n\n","protected":false},"excerpt":{"rendered":"<p>El primer ministro de Jap\u00f3n, Shigeru Ishiba, desminti\u00f3 este mi\u00e9rcoles (23.07.2025)\u00a0 las informaciones provenientes de medios y de su propio partido que apuntaban a su dimisi\u00f3n inminente, tras la debacle electoral del pasado domingo, y que ha dejado al l\u00edder nip\u00f3n en una posici\u00f3n muy debilitada. Seg\u00fan los diarios Yomiuri Y MainichiIshiba inform\u00f3 a sus &hellip;<\/p>\n","protected":false},"author":1,"featured_media":37175,"comment_status":"open","ping_status":"open","sticky":false,"template":"","format":"standard","meta":{"fifu_image_url":"https:\/\/static.dw.com\/image\/73343792_6.jpg","fifu_image_alt":"","footnotes":""},"categories":[13],"tags":[],"class_list":["post-37174","post","type-post","status-publish","format-standard","has-post-thumbnail","","category-mundo"],"_links":{"self":[{"href":"https:\/\/noticiasveraces.com\/index.php?rest_route=\/wp\/v2\/posts\/37174","targetHints":{"allow":["GET"]}}],"collection":[{"href":"https:\/\/noticiasveraces.com\/index.php?rest_route=\/wp\/v2\/posts"}],"about":[{"href":"https:\/\/noticiasveraces.com\/index.php?rest_route=\/wp\/v2\/types\/post"}],"author":[{"embeddable":true,"href":"https:\/\/noticiasveraces.com\/index.php?rest_route=\/wp\/v2\/users\/1"}],"replies":[{"embeddable":true,"href":"https:\/\/noticiasveraces.com\/index.php?rest_route=%2Fwp%2Fv2%2Fcomments&post=37174"}],"version-history":[{"count":0,"href":"https:\/\/noticiasveraces.com\/index.php?rest_route=\/wp\/v2\/posts\/37174\/revisions"}],"wp:featuredmedia":[{"embeddable":true,"href":"https:\/\/noticiasveraces.com\/index.php?rest_route=\/wp\/v2\/media\/37175"}],"wp:attachment":[{"href":"https:\/\/noticiasveraces.com\/index.php?rest_route=%2Fwp%2Fv2%2Fmedia&parent=37174"}],"wp:term":[{"taxonomy":"category","embeddable":true,"href":"https:\/\/noticiasveraces.com\/index.php?rest_route=%2Fwp%2Fv2%2Fcategories&post=37174"},{"taxonomy":"post_tag","embeddable":true,"href":"https:\/\/noticiasveraces.com\/index.php?rest_route=%2Fwp%2Fv2%2Ftags&post=37174"}],"curies":[{"name":"wp","href":"https:\/\/api.w.org\/{rel}","templated":true}]}}