{"id":37081,"date":"2025-07-22T12:37:01","date_gmt":"2025-07-22T16:37:01","guid":{"rendered":"https:\/\/noticiasveraces.com\/?p=37081"},"modified":"2025-07-22T12:37:01","modified_gmt":"2025-07-22T16:37:01","slug":"como-esta-ivan-rene-valenciano-tras-ser-internado-en-estados-unidos","status":"publish","type":"post","link":"https:\/\/noticiasveraces.com\/?p=37081","title":{"rendered":"\u00bfC\u00f3mo est\u00e1 Iv\u00e1n Ren\u00e9 Valenciano tras ser internado en Estados Unidos?"},"content":{"rendered":"<p> \n<br \/><img decoding=\"async\" src=\"https:\/\/www.futbolred.com\/files\/article_graphic\/uploads\/2023\/11\/01\/65425e8c28eba.jpeg\" \/><\/p>\n<header>\n<h3>\n<p>                Curiosidades de f\u00fatbol<br \/>\n            <\/h3>\n<h1>\n<p>            \u00bfC\u00f3mo est\u00e1 Iv\u00e1n Ren\u00e9 Valenciano tras ser internado en Estados Unidos?<br \/>\n        <\/h1>\n<address>\n            <a>Jenny G\u00e1mez<br \/>\n        <\/address>\n<p>            22 de julio 2025 , 10:20 a.\u00a0m.<\/p>\n<\/header>\n<p>El exfutbolista ha sido dado de alta pero debe seguir en tratamiento.<\/p>\n<p>La salud de Iv\u00e1n Ren\u00e9 Valenciano gener\u00f3 una gran preocupaci\u00f3n en los \u00faltimos d\u00edas, tras confirmarse que debi\u00f3 ser atendido en un hospital de Estados Unidos.&nbsp;<\/p>\n<p>El exfutbolista sufri\u00f3&nbsp;un desbalance de hemoglobina que oblig\u00f3 a que los m\u00e9dicos lo atendieran en un centro m\u00e9dico en el sur de La Florida, donde reside hace unos a\u00f1os, mientras trabaja en una escuela de formaci\u00f3n de futbolistas.<\/p>\n<p><b>\u00bfC\u00f3mo avanza la salud del &#8216;bombardero&#8217;?<br \/><\/b><br \/>Hans Guti\u00e9rrez, amigo del exjugador y quien lider\u00f3 una campa\u00f1a para recaudar fondos que ayudaran a pagar el alto costo de la asistencia m\u00e9dica, cont\u00f3 cu\u00e1les son los avances respecto de su salud.<\/p>\n<p>\u201cLa situaci\u00f3n de Iv\u00e1n es mucho mejor en estos d\u00edas, en comparaci\u00f3n a la semana pasada cuando estuvo internado. El cuadro de \u00e9l presentaba una hemoglobina completamente baja y eso le caus\u00f3 un desbalance en su cuerpo, pues notablemente, tuvo un par de desmayos. Gracias a Dios despu\u00e9s de haberlo llevado a emergencias y estar ah\u00ed internado tres d\u00edas, los ex\u00e1menes le salieron bien\u201d, dijo en el Gol Caracol.&nbsp;<br \/>\u200b<br \/>\u200b\u201cLa endoscopia y la colonoscopia que le hicieron salieron negativas y se descubri\u00f3 que tiene un baj\u00f3n de hierro en su cuerpo y esto como que afecta algo a nivel de hemoglobina\u201d, a\u00f1adi\u00f3.<\/p>\n<p>Guti\u00e9rrez descart\u00f3 problemas con el bypass que se practic\u00f3 hace varios a\u00f1os y neg\u00f3 rumores sobre un posible c\u00e1ncer. La dieta es parte fundamental de su recuperaci\u00f3n en este momento, adem\u00e1s de las visitas al hospital para controlar los niveles de hierro.&nbsp;<\/p>\n\n","protected":false},"excerpt":{"rendered":"<p>Curiosidades de f\u00fatbol \u00bfC\u00f3mo est\u00e1 Iv\u00e1n Ren\u00e9 Valenciano tras ser internado en Estados Unidos? Jenny G\u00e1mez 22 de julio 2025 , 10:20 a.\u00a0m. El exfutbolista ha sido dado de alta pero debe seguir en tratamiento. La salud de Iv\u00e1n Ren\u00e9 Valenciano gener\u00f3 una gran preocupaci\u00f3n en los \u00faltimos d\u00edas, tras confirmarse que debi\u00f3 ser atendido &hellip;<\/p>\n","protected":false},"author":1,"featured_media":37083,"comment_status":"open","ping_status":"open","sticky":false,"template":"","format":"standard","meta":{"fifu_image_url":"https:\/\/www.futbolred.com\/files\/og_thumbnail\/uploads\/2023\/11\/01\/65425e8c28eba.jpeg","fifu_image_alt":"","footnotes":""},"categories":[6],"tags":[],"class_list":["post-37081","post","type-post","status-publish","format-standard","has-post-thumbnail","","category-deportes"],"_links":{"self":[{"href":"https:\/\/noticiasveraces.com\/index.php?rest_route=\/wp\/v2\/posts\/37081","targetHints":{"allow":["GET"]}}],"collection":[{"href":"https:\/\/noticiasveraces.com\/index.php?rest_route=\/wp\/v2\/posts"}],"about":[{"href":"https:\/\/noticiasveraces.com\/index.php?rest_route=\/wp\/v2\/types\/post"}],"author":[{"embeddable":true,"href":"https:\/\/noticiasveraces.com\/index.php?rest_route=\/wp\/v2\/users\/1"}],"replies":[{"embeddable":true,"href":"https:\/\/noticiasveraces.com\/index.php?rest_route=%2Fwp%2Fv2%2Fcomments&post=37081"}],"version-history":[{"count":0,"href":"https:\/\/noticiasveraces.com\/index.php?rest_route=\/wp\/v2\/posts\/37081\/revisions"}],"wp:featuredmedia":[{"embeddable":true,"href":"https:\/\/noticiasveraces.com\/index.php?rest_route=\/wp\/v2\/media\/37083"}],"wp:attachment":[{"href":"https:\/\/noticiasveraces.com\/index.php?rest_route=%2Fwp%2Fv2%2Fmedia&parent=37081"}],"wp:term":[{"taxonomy":"category","embeddable":true,"href":"https:\/\/noticiasveraces.com\/index.php?rest_route=%2Fwp%2Fv2%2Fcategories&post=37081"},{"taxonomy":"post_tag","embeddable":true,"href":"https:\/\/noticiasveraces.com\/index.php?rest_route=%2Fwp%2Fv2%2Ftags&post=37081"}],"curies":[{"name":"wp","href":"https:\/\/api.w.org\/{rel}","templated":true}]}}