{"id":37066,"date":"2025-07-22T08:53:04","date_gmt":"2025-07-22T12:53:04","guid":{"rendered":"https:\/\/noticiasveraces.com\/?p=37066"},"modified":"2025-07-22T08:53:04","modified_gmt":"2025-07-22T12:53:04","slug":"27-reclusos-de-la-prision-de-evin-de-iran-aun-en-general-despues-de-un-ataque-aereo-israeli-informe","status":"publish","type":"post","link":"https:\/\/noticiasveraces.com\/?p=37066","title":{"rendered":"27 reclusos de la prisi\u00f3n de Evin de Ir\u00e1n a\u00fan en general despu\u00e9s de un ataque a\u00e9reo israel\u00ed: informe"},"content":{"rendered":"<p> \n<\/p>\n<div>\n<div id=\"beyondwords-wrapper\" class=\"beyondwords-wrapper\">\n<p><span class=\"label-bg\">NUEVO<\/span>\u00a1Ahora puedes escuchar art\u00edculos de Fox News!\n  <\/p>\n<\/div>\n<p class=\"speakable\">Los medios iran\u00edes informaron que 27 reclusos de la notoria prisi\u00f3n de Evin permanecen en general despu\u00e9s de un ataque a\u00e9reo israel\u00ed el mes pasado.<\/p>\n<p class=\"speakable\">Despu\u00e9s de la huelga de Israel durante la guerra de 12 d\u00edas, 75 reclusos escaparon de la prisi\u00f3n de Evin, seg\u00fan Associated Press, que cit\u00f3 un sitio web de noticias afiliado al poder judicial de Ir\u00e1n. En el art\u00edculo, el portavoz del poder judicial iran\u00ed Asghar Jahangir dijo que de los 75 escapados, 48 fueron recapturados o devueltos voluntariamente, agreg\u00f3 Associated Press. Jahangir tambi\u00e9n declar\u00f3 que los escapados hab\u00edan estado cumpliendo tiempo por delitos menores.<\/p>\n<div class=\"image-ct inline\">\n<div class=\"m\"><picture><source media=\"(max-width: 767px)\" srcset=\"https:\/\/a57.foxnews.com\/static.foxnews.com\/foxnews.com\/content\/uploads\/2025\/06\/343\/192\/iran-evin-prison-strike-damage3.jpg?ve=1&amp;tl=1, https:\/\/a57.foxnews.com\/static.foxnews.com\/foxnews.com\/content\/uploads\/2025\/06\/686\/384\/iran-evin-prison-strike-damage3.jpg?ve=1&amp;tl=1 2x\" height=\"192\" width=\"343\"><source media=\"(min-width: 768px) and (max-width: 1023px)\" srcset=\"https:\/\/a57.foxnews.com\/static.foxnews.com\/foxnews.com\/content\/uploads\/2025\/06\/672\/378\/iran-evin-prison-strike-damage3.jpg?ve=1&amp;tl=1, https:\/\/a57.foxnews.com\/static.foxnews.com\/foxnews.com\/content\/uploads\/2025\/06\/1344\/756\/iran-evin-prison-strike-damage3.jpg?ve=1&amp;tl=1 2x\" height=\"378\" width=\"672\"><source media=\"(min-width: 1024px) and (max-width: 1279px)\" srcset=\"https:\/\/a57.foxnews.com\/static.foxnews.com\/foxnews.com\/content\/uploads\/2025\/06\/931\/523\/iran-evin-prison-strike-damage3.jpg?ve=1&amp;tl=1, https:\/\/a57.foxnews.com\/static.foxnews.com\/foxnews.com\/content\/uploads\/2025\/06\/1862\/1046\/iran-evin-prison-strike-damage3.jpg?ve=1&amp;tl=1 2x\" height=\"523\" width=\"931\"><source media=\"(min-width: 1280px)\" srcset=\"https:\/\/a57.foxnews.com\/static.foxnews.com\/foxnews.com\/content\/uploads\/2025\/06\/720\/405\/iran-evin-prison-strike-damage3.jpg?ve=1&amp;tl=1, https:\/\/a57.foxnews.com\/static.foxnews.com\/foxnews.com\/content\/uploads\/2025\/06\/1440\/810\/iran-evin-prison-strike-damage3.jpg?ve=1&amp;tl=1 2x\" height=\"405\" width=\"720\"><img loading=\"lazy\" decoding=\"async\" src=\"https:\/\/a57.foxnews.com\/static.foxnews.com\/foxnews.com\/content\/uploads\/2025\/06\/1200\/675\/iran-evin-prison-strike-damage3.jpg?ve=1&amp;tl=1\" alt=\"La gente parada afuera destruy\u00f3 la prisi\u00f3n de Evin\" width=\"1200\" height=\"675\"\/><\/source><\/source><\/source><\/source><\/picture><\/div>\n<div class=\"info\">\n<div class=\"caption\">\n<p><span>Una vista muestra las secuelas de una huelga israel\u00ed en la prisi\u00f3n de Evin que tuvo lugar el 23 de junio, despu\u00e9s del alto el fuego entre Israel e Ir\u00e1n, en Teher\u00e1n, Ir\u00e1n, el 29 de junio de 2025.<\/span> <span>(Agencia de noticias Majid Asgaripour\/West Asia) a trav\u00e9s de Reuters)<\/span><\/p>\n<\/div>\n<\/div>\n<\/div>\n<p><strong><u>Ir\u00e1n afirma que su presidente result\u00f3 herido en el ataque a\u00e9reo israel\u00ed el mes pasado<\/u><\/strong><\/p>\n<p>En junio, Israel lanz\u00f3 la Operaci\u00f3n Rising Lion, que ten\u00eda como objetivo destruir las capacidades nucleares de Ir\u00e1n. Mientras que los funcionarios iran\u00edes dijeron que 71 fueron asesinados en la huelga, los medios locales informaron que hubo 80 muertos, incluidos el personal, los soldados, los reclusos y los familiares visitantes, seg\u00fan Associated Press.<\/p>\n<p>Sayeh Seydal, un disidente iran\u00ed encarcelado que sobrevivi\u00f3 a la huelga de Israel en la prisi\u00f3n de Evin, dijo a los familiares que estar en la instalaci\u00f3n era una \u00abmuerte lenta\u00bb, seg\u00fan The Associated Press, que obtuvo una grabaci\u00f3n de la conversaci\u00f3n. <\/p>\n<p>\u00abEl bombardeo de los Estados Unidos e Israel no nos mataron. Luego, la Rep\u00fablica Isl\u00e1mica nos llev\u00f3 a un lugar que pr\u00e1cticamente nos matar\u00e1\u00bb, dijo Seydal.<\/p>\n<p>El martes, Amnist\u00eda Internacional pidi\u00f3 una investigaci\u00f3n de la huelga de Israel en la prisi\u00f3n como un posible crimen de guerra, diciendo que constitu\u00eda \u00abuna grave violaci\u00f3n de la ley humanitaria internacional\u00bb.<\/p>\n<div class=\"image-ct inline\">\n<div class=\"m\"><picture><source media=\"(max-width: 767px)\" srcset=\"https:\/\/a57.foxnews.com\/static.foxnews.com\/foxnews.com\/content\/uploads\/2025\/06\/343\/192\/iran-evin-prison-strike-damage.jpg?ve=1&amp;tl=1, https:\/\/a57.foxnews.com\/static.foxnews.com\/foxnews.com\/content\/uploads\/2025\/06\/686\/384\/iran-evin-prison-strike-damage.jpg?ve=1&amp;tl=1 2x\" height=\"192\" width=\"343\"><source media=\"(min-width: 768px) and (max-width: 1023px)\" srcset=\"https:\/\/a57.foxnews.com\/static.foxnews.com\/foxnews.com\/content\/uploads\/2025\/06\/672\/378\/iran-evin-prison-strike-damage.jpg?ve=1&amp;tl=1, https:\/\/a57.foxnews.com\/static.foxnews.com\/foxnews.com\/content\/uploads\/2025\/06\/1344\/756\/iran-evin-prison-strike-damage.jpg?ve=1&amp;tl=1 2x\" height=\"378\" width=\"672\"><source media=\"(min-width: 1024px) and (max-width: 1279px)\" srcset=\"https:\/\/a57.foxnews.com\/static.foxnews.com\/foxnews.com\/content\/uploads\/2025\/06\/931\/523\/iran-evin-prison-strike-damage.jpg?ve=1&amp;tl=1, https:\/\/a57.foxnews.com\/static.foxnews.com\/foxnews.com\/content\/uploads\/2025\/06\/1862\/1046\/iran-evin-prison-strike-damage.jpg?ve=1&amp;tl=1 2x\" height=\"523\" width=\"931\"><source media=\"(min-width: 1280px)\" srcset=\"https:\/\/a57.foxnews.com\/static.foxnews.com\/foxnews.com\/content\/uploads\/2025\/06\/720\/405\/iran-evin-prison-strike-damage.jpg?ve=1&amp;tl=1, https:\/\/a57.foxnews.com\/static.foxnews.com\/foxnews.com\/content\/uploads\/2025\/06\/1440\/810\/iran-evin-prison-strike-damage.jpg?ve=1&amp;tl=1 2x\" height=\"405\" width=\"720\"><img loading=\"lazy\" decoding=\"async\" src=\"https:\/\/a57.foxnews.com\/static.foxnews.com\/foxnews.com\/content\/uploads\/2025\/06\/1200\/675\/iran-evin-prison-strike-damage.jpg?ve=1&amp;tl=1\" alt=\"Rescatadores en trajes rojos que buscan a trav\u00e9s de los escombros\" width=\"1200\" height=\"675\"\/><\/source><\/source><\/source><\/source><\/picture><\/div>\n<div class=\"info\">\n<div class=\"caption\">\n<p><span>Archivo: la b\u00fasqueda de rescatadores a trav\u00e9s de los escombros de una secci\u00f3n da\u00f1ada de la prisi\u00f3n de Evin luego de una huelga israel\u00ed el d\u00eda anterior, en Teher\u00e1n, Ir\u00e1n, martes 24 de junio de 2025. (Agencia de noticias AP\/Mostafa Roudaki\/Mizan, archivo)<\/span> <span>(AP Photo\/Mostafa Roudaki\/Mizan News Agency, archivo)<\/span><\/p>\n<\/div>\n<\/div>\n<\/div>\n<p><strong>Ir\u00e1n reconoce el n\u00famero de muertos de la huelga de Israel sobre el famoso Evin Priso<\/strong>norte<\/p>\n<p>Erika Guevara Rosas, quien se desempe\u00f1a como directora senior de Amnist\u00eda Internacional para la Investigaci\u00f3n, Defensa, Pol\u00edtica y Campa\u00f1as, dijo que \u00abla evidencia establece motivos razonables para creer que el ej\u00e9rcito israel\u00ed atac\u00f3 de descarada y deliberadamente edificios civiles\u00bb.<\/p>\n<p>La prisi\u00f3n de Evin es infame por sus duras condiciones y se convirti\u00f3 en un lugar para que los funcionarios iran\u00edes arrojen manifestantes.<\/p>\n<div class=\"image-ct inline\">\n<div class=\"m\"><picture><source media=\"(max-width: 767px)\" srcset=\"https:\/\/a57.foxnews.com\/static.foxnews.com\/foxnews.com\/content\/uploads\/2025\/07\/343\/192\/evin-prison-strike.jpg?ve=1&amp;tl=1, https:\/\/a57.foxnews.com\/static.foxnews.com\/foxnews.com\/content\/uploads\/2025\/07\/686\/384\/evin-prison-strike.jpg?ve=1&amp;tl=1 2x\" height=\"192\" width=\"343\"><source media=\"(min-width: 768px) and (max-width: 1023px)\" srcset=\"https:\/\/a57.foxnews.com\/static.foxnews.com\/foxnews.com\/content\/uploads\/2025\/07\/672\/378\/evin-prison-strike.jpg?ve=1&amp;tl=1, https:\/\/a57.foxnews.com\/static.foxnews.com\/foxnews.com\/content\/uploads\/2025\/07\/1344\/756\/evin-prison-strike.jpg?ve=1&amp;tl=1 2x\" height=\"378\" width=\"672\"><source media=\"(min-width: 1024px) and (max-width: 1279px)\" srcset=\"https:\/\/a57.foxnews.com\/static.foxnews.com\/foxnews.com\/content\/uploads\/2025\/07\/931\/523\/evin-prison-strike.jpg?ve=1&amp;tl=1, https:\/\/a57.foxnews.com\/static.foxnews.com\/foxnews.com\/content\/uploads\/2025\/07\/1862\/1046\/evin-prison-strike.jpg?ve=1&amp;tl=1 2x\" height=\"523\" width=\"931\"><source media=\"(min-width: 1280px)\" srcset=\"https:\/\/a57.foxnews.com\/static.foxnews.com\/foxnews.com\/content\/uploads\/2025\/07\/720\/405\/evin-prison-strike.jpg?ve=1&amp;tl=1, https:\/\/a57.foxnews.com\/static.foxnews.com\/foxnews.com\/content\/uploads\/2025\/07\/1440\/810\/evin-prison-strike.jpg?ve=1&amp;tl=1 2x\" height=\"405\" width=\"720\"><img loading=\"lazy\" decoding=\"async\" src=\"https:\/\/a57.foxnews.com\/static.foxnews.com\/foxnews.com\/content\/uploads\/2025\/07\/1200\/675\/evin-prison-strike.jpg?ve=1&amp;tl=1\" alt=\"Escombros en la prisi\u00f3n de Evin en Ir\u00e1n despu\u00e9s de un ataque a\u00e9reo israel\u00ed\" width=\"1200\" height=\"675\"\/><\/source><\/source><\/source><\/source><\/picture><\/div>\n<div class=\"info\">\n<div class=\"caption\">\n<p><span>Una persona se encuentra en los escombros cuando una vista muestra las secuelas de una huelga israel\u00ed en la prisi\u00f3n de Evin que tuvo lugar el 23 de junio, despu\u00e9s del alto el fuego entre Israel e Ir\u00e1n, en Teher\u00e1n, Ir\u00e1n, el 29 de junio de 2025.<\/span> <span>(Agencia de noticias Majid Asgaripour\/West Asia) a trav\u00e9s de Reuters)<\/span><\/p>\n<\/div>\n<\/div>\n<\/div>\n<p><strong><u>Haga clic aqu\u00ed para obtener la aplicaci\u00f3n Fox News<\/u><\/strong><\/p>\n<p>En 2022, el Departamento del Tesoro de los Estados Unidos sancion\u00f3 a los funcionarios y entidades iran\u00edes responsables de una ofensiva contra los manifestantes, incluido el director de la prisi\u00f3n de Evin Hedayat Farzadi, conocido por sus brutales t\u00e1cticas. El departamento dijo que los manifestantes arrojados a la prisi\u00f3n de Evin bajo la vigilancia de Farzadi fueron sometidos a tortura y abuso f\u00edsico.<\/p>\n<p> <!----> <\/p>\n<div class=\"article-meta\">\n<div class=\"author-bio\">\n<p>Rachel Wolf es una escritora de noticias de Fox News Digital y Fox Business.<\/p>\n<\/div>\n<\/div>\n<\/div>\n\n","protected":false},"excerpt":{"rendered":"<p>NUEVO\u00a1Ahora puedes escuchar art\u00edculos de Fox News! Los medios iran\u00edes informaron que 27 reclusos de la notoria prisi\u00f3n de Evin permanecen en general despu\u00e9s de un ataque a\u00e9reo israel\u00ed el mes pasado. Despu\u00e9s de la huelga de Israel durante la guerra de 12 d\u00edas, 75 reclusos escaparon de la prisi\u00f3n de Evin, seg\u00fan Associated Press, &hellip;<\/p>\n","protected":false},"author":1,"featured_media":37068,"comment_status":"open","ping_status":"open","sticky":false,"template":"","format":"standard","meta":{"fifu_image_url":"https:\/\/static.foxnews.com\/foxnews.com\/content\/uploads\/2025\/06\/iran-evin-prison-strike-damage3.jpg","fifu_image_alt":"","footnotes":""},"categories":[13],"tags":[],"class_list":["post-37066","post","type-post","status-publish","format-standard","has-post-thumbnail","","category-mundo"],"_links":{"self":[{"href":"https:\/\/noticiasveraces.com\/index.php?rest_route=\/wp\/v2\/posts\/37066","targetHints":{"allow":["GET"]}}],"collection":[{"href":"https:\/\/noticiasveraces.com\/index.php?rest_route=\/wp\/v2\/posts"}],"about":[{"href":"https:\/\/noticiasveraces.com\/index.php?rest_route=\/wp\/v2\/types\/post"}],"author":[{"embeddable":true,"href":"https:\/\/noticiasveraces.com\/index.php?rest_route=\/wp\/v2\/users\/1"}],"replies":[{"embeddable":true,"href":"https:\/\/noticiasveraces.com\/index.php?rest_route=%2Fwp%2Fv2%2Fcomments&post=37066"}],"version-history":[{"count":0,"href":"https:\/\/noticiasveraces.com\/index.php?rest_route=\/wp\/v2\/posts\/37066\/revisions"}],"wp:featuredmedia":[{"embeddable":true,"href":"https:\/\/noticiasveraces.com\/index.php?rest_route=\/wp\/v2\/media\/37068"}],"wp:attachment":[{"href":"https:\/\/noticiasveraces.com\/index.php?rest_route=%2Fwp%2Fv2%2Fmedia&parent=37066"}],"wp:term":[{"taxonomy":"category","embeddable":true,"href":"https:\/\/noticiasveraces.com\/index.php?rest_route=%2Fwp%2Fv2%2Fcategories&post=37066"},{"taxonomy":"post_tag","embeddable":true,"href":"https:\/\/noticiasveraces.com\/index.php?rest_route=%2Fwp%2Fv2%2Ftags&post=37066"}],"curies":[{"name":"wp","href":"https:\/\/api.w.org\/{rel}","templated":true}]}}