{"id":37061,"date":"2025-07-22T07:51:54","date_gmt":"2025-07-22T11:51:54","guid":{"rendered":"https:\/\/noticiasveraces.com\/?p=37061"},"modified":"2025-07-22T07:51:54","modified_gmt":"2025-07-22T11:51:54","slug":"ministro-aleman-aboga-por-centros-de-deportacion-fuera-de-ue-dw-22-07-2025","status":"publish","type":"post","link":"https:\/\/noticiasveraces.com\/?p=37061","title":{"rendered":"Ministro alem\u00e1n aboga por centros de deportaci\u00f3n fuera de UE \u2013 DW \u2013 22\/07\/2025"},"content":{"rendered":"<p> \n<\/p>\n<div>\n<p>El ministro\u00a0del Interior de Alemania, Alexander Dobrindt, quiere posibilitar la creaci\u00f3n de centros de deportaci\u00f3n fuera de la Uni\u00f3n Europea para personas\u00a0migrantescuya solicitud de\u00a0asilo haya sido\u00a0rechazada\u00a0y aboga por la r\u00e1pida implementaci\u00f3n del concepto de los llamados centros de retorno.<\/p>\n<p>\u00abApoyamos la petici\u00f3n de centros de retorno. Consideramos que se trata de un enfoque innovador y absolutamente necesario\u00bb, declar\u00f3 Dobrindt\u00a0este martes (22.07.2025), al inicio de la reuni\u00f3n informal de ministros del Interior de la Uni\u00f3n Europea en Copenhague.<\/p>\n<p>Sin embargo, esto requiere encontrar pa\u00edses socios lo m\u00e1s cerca posible de los pa\u00edses de origen de los migrantes. Los solicitantes de asilo rechazados ser\u00edan alojados en estos campos provisionales hasta que regresen a sus pa\u00edses de origen. \u00abSabemos que esto es, por supuesto, algo muy dif\u00edcil para los Estados miembros individualmente\u00bb, admiti\u00f3 el pol\u00edtico de la conservadora Uni\u00f3n Social Cristiana (CSU). Las condiciones para ello ser\u00edan creadas conjuntamente dentro de la UE, o incluso con un grupo de Estados, se\u00f1al\u00f3.<\/p>\n<figure class=\"placeholder-image master_landscape big\"><img data-format=\"MASTER_LANDSCAPE\" data-id=\"73323828\" data-url=\"https:\/\/static.dw.com\/image\/73323828_${formatId}.jpg\" data-aspect-ratio=\"16\/9\" alt=\"El ministro del Interior de Alemania, Alexander Dobrindt, durante una reuni\u00f3n de ministros de la UE sobre migraci\u00f3n en Baviera.\" style=\"padding-bottom: 56.25%; height: 0; max-height: 0;\"\/><figcaption class=\"img-caption\">El ministro del Interior de Alemania, Alexander Dobrindt, durante una reuni\u00f3n de ministros de la UE sobre migraci\u00f3n en la cumbre de Zugspitze, Baviera. <small class=\"copyright\">Imagen: Sven Hoppe\/DPA\/Picture Alliance<\/small><\/figcaption><\/figure>\n<p>Para ello, la UE tendr\u00eda que elaborar primero una lista de terceros pa\u00edses seguros a los que se podr\u00edan realizar deportaciones. Si, por ejemplo, las deportaciones directas a Afganist\u00e1n fueran pr\u00e1cticamente imposibles, los solicitantes de asilo rechazados podr\u00edan ser trasladados primero al vecino Pakist\u00e1n.<\/p>\n<p>El viernes (17.07.2025), Dobrindt y los ministros del Interior de otros cinco pa\u00edses aprobaron un documento en la cumbre de Zugspitze, que tambi\u00e9n inclu\u00eda la demanda de centros de retorno. Francia, Dinamarca, Polonia, la Rep\u00fablica Checa y Austria respaldaron las resoluciones. Estas van m\u00e1s all\u00e1 del concepto del Pacto Europeo sobre Asilo y Migraci\u00f3n (Sistema Europeo Com\u00fan de Asilo, SECA), que actualmente se est\u00e1 implementando de manera gradual.<\/p>\n<p>CP (RTR, DPA)<\/p>\n<\/div>\n\n","protected":false},"excerpt":{"rendered":"<p>El ministro\u00a0del Interior de Alemania, Alexander Dobrindt, quiere posibilitar la creaci\u00f3n de centros de deportaci\u00f3n fuera de la Uni\u00f3n Europea para personas\u00a0migrantescuya solicitud de\u00a0asilo haya sido\u00a0rechazada\u00a0y aboga por la r\u00e1pida implementaci\u00f3n del concepto de los llamados centros de retorno. \u00abApoyamos la petici\u00f3n de centros de retorno. Consideramos que se trata de un enfoque innovador y &hellip;<\/p>\n","protected":false},"author":1,"featured_media":37062,"comment_status":"open","ping_status":"open","sticky":false,"template":"","format":"standard","meta":{"fifu_image_url":"https:\/\/static.dw.com\/image\/73352648_6.jpg","fifu_image_alt":"","footnotes":""},"categories":[13],"tags":[],"class_list":["post-37061","post","type-post","status-publish","format-standard","has-post-thumbnail","","category-mundo"],"_links":{"self":[{"href":"https:\/\/noticiasveraces.com\/index.php?rest_route=\/wp\/v2\/posts\/37061","targetHints":{"allow":["GET"]}}],"collection":[{"href":"https:\/\/noticiasveraces.com\/index.php?rest_route=\/wp\/v2\/posts"}],"about":[{"href":"https:\/\/noticiasveraces.com\/index.php?rest_route=\/wp\/v2\/types\/post"}],"author":[{"embeddable":true,"href":"https:\/\/noticiasveraces.com\/index.php?rest_route=\/wp\/v2\/users\/1"}],"replies":[{"embeddable":true,"href":"https:\/\/noticiasveraces.com\/index.php?rest_route=%2Fwp%2Fv2%2Fcomments&post=37061"}],"version-history":[{"count":0,"href":"https:\/\/noticiasveraces.com\/index.php?rest_route=\/wp\/v2\/posts\/37061\/revisions"}],"wp:featuredmedia":[{"embeddable":true,"href":"https:\/\/noticiasveraces.com\/index.php?rest_route=\/wp\/v2\/media\/37062"}],"wp:attachment":[{"href":"https:\/\/noticiasveraces.com\/index.php?rest_route=%2Fwp%2Fv2%2Fmedia&parent=37061"}],"wp:term":[{"taxonomy":"category","embeddable":true,"href":"https:\/\/noticiasveraces.com\/index.php?rest_route=%2Fwp%2Fv2%2Fcategories&post=37061"},{"taxonomy":"post_tag","embeddable":true,"href":"https:\/\/noticiasveraces.com\/index.php?rest_route=%2Fwp%2Fv2%2Ftags&post=37061"}],"curies":[{"name":"wp","href":"https:\/\/api.w.org\/{rel}","templated":true}]}}