{"id":37032,"date":"2025-07-22T05:50:15","date_gmt":"2025-07-22T09:50:15","guid":{"rendered":"https:\/\/noticiasveraces.com\/?p=37032"},"modified":"2025-07-22T05:50:15","modified_gmt":"2025-07-22T09:50:15","slug":"periodistas-en-gaza-podrian-morir-de-hambre-denuncia-afp-dw-22-07-2025","status":"publish","type":"post","link":"https:\/\/noticiasveraces.com\/?p=37032","title":{"rendered":"Periodistas en Gaza podr\u00edan morir de hambre, denuncia AFP \u2013 DW \u2013 22\/07\/2025"},"content":{"rendered":"<p> \n<\/p>\n<div>\n<p>La agencia de noticias francesa AFP denunci\u00f3\u00a0 ayer, lunes (21.07.2025) en un comunicado que sus colaboradores gazat\u00edes (entre ellos redactores, fot\u00f3grafos y videogr\u00e1fos) corren el riesgo de morir de hambre si no hay una \u00abintervenci\u00f3n inmediata\u00bb en la Franja de Gaza, donde la crisis humanitaria sigue acentu\u00e1ndose por el poco acceso que tienen a comida y agua.<\/p>\n<p>\u00abDesde que se fund\u00f3 AFP en agosto de 1944, hemos perdido a periodistas\u00a0en conflictos, hemos tenido heridos y prisioneros en nuestras filas, pero ninguno de nosotros recuerda haber visto morir a un colaborador de hambre\u00bb, recoge su comunicado.<\/p>\n<p>\u00abNos negamos a enterarnos de sus muertes en cualquier momento y es insoportable\u00bb, agrega.<\/p>\n<p>La agencia de noticias francesa tambi\u00e9n detalla las condiciones en las que est\u00e1n viviendo sus colaboradores en la devastada Franja, donde las bombas israel\u00edes no paran de caer, como Bashar, de 30 a\u00f1os, que \u00abdurante m\u00e1s de un a\u00f1o ha vivido en la m\u00e1s absoluta indigencia\u00bb y que sufre problemas intestinales graves.<\/p>\n<figure class=\"placeholder-image master_landscape big\"><img data-format=\"MASTER_LANDSCAPE\" data-id=\"72426096\" data-url=\"https:\/\/static.dw.com\/image\/72426096_${formatId}.jpg\" data-aspect-ratio=\"16\/9\" alt=\"Una periodista palestina camina junto a ni\u00f1os en medio de escombros y con un chaleco que dice &quot;Prensa&quot;en la Franja de Gaza.\" style=\"padding-bottom: 56.25%; height: 0; max-height: 0;\"\/><figcaption class=\"img-caption\">Franja de Gaza: los periodistas trabajan arriesgando su vida.<small class=\"copyright\">Imagen: DW<\/small><\/figcaption><\/figure>\n<p>\u00abBashar vive en las ruinas de su casa en Ciudad de Gaza. El domingo por la ma\u00f1ana inform\u00f3 de que su hermano mayor hab\u00eda muerto de hambre. Ahlam, por su parte, sobrevive en el sur del enclave y confirma que el mayor problema que tiene es la falta de comida y agua\u00bb, reza la nota.<\/p>\n<p>Los periodistas gazat\u00edes se han convertido en los \u00fanicos ojos y narradores de la ofensiva israel\u00ed dentro de la Franja de Gaza, que ha matado ya a m\u00e1s de 59.000 personas, donde el Gobierno de Benjam\u00edn Netanyahu ha vetado su entrada a la prensa internacional desde que empezara su invasi\u00f3n en octubre de 2023, tras los ataques terroristas de Ham\u00e1s contra Israel.<\/p>\n<p>\u00abAunque estos periodistas reciben un salario mensual de la AFP no hay nada que comprar, o a precios desorbitados. Vemos que su situaci\u00f3n empeora. Son j\u00f3venes y las fuerzas los abandonan. La mayor\u00eda ya no tiene la capacidad f\u00edsica para desplazarse por el enclave. Sus desgarradores gritos de socorro ahora son cotidianos\u00bb, agrega.<\/p>\n<p>Adem\u00e1s, las bombas israel\u00edes han matado a m\u00e1s de 200 periodistas desde el inicio de la ofensiva. Seg\u00fan Reporteros Sin Fronteras, el enclave palestino se ha convertido en el lugar m\u00e1s letal del mundo para ejercer el periodismo en 2025.<\/p>\n<p>CP (EFE, AFP)<\/p>\n<\/div>\n\n","protected":false},"excerpt":{"rendered":"<p>La agencia de noticias francesa AFP denunci\u00f3\u00a0 ayer, lunes (21.07.2025) en un comunicado que sus colaboradores gazat\u00edes (entre ellos redactores, fot\u00f3grafos y videogr\u00e1fos) corren el riesgo de morir de hambre si no hay una \u00abintervenci\u00f3n inmediata\u00bb en la Franja de Gaza, donde la crisis humanitaria sigue acentu\u00e1ndose por el poco acceso que tienen a comida &hellip;<\/p>\n","protected":false},"author":1,"featured_media":37033,"comment_status":"open","ping_status":"open","sticky":false,"template":"","format":"standard","meta":{"fifu_image_url":"https:\/\/static.dw.com\/image\/72443970_6.jpg","fifu_image_alt":"","footnotes":""},"categories":[13],"tags":[],"class_list":["post-37032","post","type-post","status-publish","format-standard","has-post-thumbnail","","category-mundo"],"_links":{"self":[{"href":"https:\/\/noticiasveraces.com\/index.php?rest_route=\/wp\/v2\/posts\/37032","targetHints":{"allow":["GET"]}}],"collection":[{"href":"https:\/\/noticiasveraces.com\/index.php?rest_route=\/wp\/v2\/posts"}],"about":[{"href":"https:\/\/noticiasveraces.com\/index.php?rest_route=\/wp\/v2\/types\/post"}],"author":[{"embeddable":true,"href":"https:\/\/noticiasveraces.com\/index.php?rest_route=\/wp\/v2\/users\/1"}],"replies":[{"embeddable":true,"href":"https:\/\/noticiasveraces.com\/index.php?rest_route=%2Fwp%2Fv2%2Fcomments&post=37032"}],"version-history":[{"count":0,"href":"https:\/\/noticiasveraces.com\/index.php?rest_route=\/wp\/v2\/posts\/37032\/revisions"}],"wp:featuredmedia":[{"embeddable":true,"href":"https:\/\/noticiasveraces.com\/index.php?rest_route=\/wp\/v2\/media\/37033"}],"wp:attachment":[{"href":"https:\/\/noticiasveraces.com\/index.php?rest_route=%2Fwp%2Fv2%2Fmedia&parent=37032"}],"wp:term":[{"taxonomy":"category","embeddable":true,"href":"https:\/\/noticiasveraces.com\/index.php?rest_route=%2Fwp%2Fv2%2Fcategories&post=37032"},{"taxonomy":"post_tag","embeddable":true,"href":"https:\/\/noticiasveraces.com\/index.php?rest_route=%2Fwp%2Fv2%2Ftags&post=37032"}],"curies":[{"name":"wp","href":"https:\/\/api.w.org\/{rel}","templated":true}]}}