{"id":37019,"date":"2025-07-22T00:42:10","date_gmt":"2025-07-22T04:42:10","guid":{"rendered":"https:\/\/noticiasveraces.com\/?p=37019"},"modified":"2025-07-22T00:42:10","modified_gmt":"2025-07-22T04:42:10","slug":"expolicia-condenado-a-3-anos-por-muerte-de-breonna-taylor-dw-22-07-2025","status":"publish","type":"post","link":"https:\/\/noticiasveraces.com\/?p=37019","title":{"rendered":"Expolic\u00eda condenado a 3 a\u00f1os por muerte de Breonna Taylor \u2013 DW \u2013 22\/07\/2025"},"content":{"rendered":"<p> \n<\/p>\n<div>\n<p>Un juez federal en Kentucky (EE.UU.) conden\u00f3 el lunes (21.07.2025) a tres a\u00f1os de c\u00e1rcel a un exagente de Polic\u00eda que estuvo involucrado en la muerte de Breonna Taylor, una mujer afroamericana que fue baleada a manos de las autoridades en su casa en 2020.<\/p>\n<p>Cinco a\u00f1os despu\u00e9s del fallecimiento de Taylor, que provoc\u00f3 una oleada de protestas en todo el pa\u00eds, el exagente Brett Hankinson ha sido el \u00fanico polic\u00eda acusado y condenado por este suceso.<\/p>\n<p>La jueza distrital Rebecca Grady desestim\u00f3 la recomendaci\u00f3n emitida la semana pasada por el Departamento de Justicia, que ped\u00eda solo un d\u00eda de c\u00e1rcel para Hankinson y aseguraba que hab\u00eda sufrido \u00abestr\u00e9s psicol\u00f3gico\u00bb por los a\u00f1os de batalla judicial.<\/p>\n<blockquote class=\"tweet embed\" data-id=\"1947426521267790314\"\/>\n<p>El exagente, que cumplir\u00e1 una sentencia de 33 meses en prisi\u00f3n y un a\u00f1o de libertad condicional, dispar\u00f3 tiros hacia el apartamento de Taylor durante el allanamiento, que provoc\u00f3 la muerte de la joven de 26 a\u00f1os.<\/p>\n<p>Los otros dos expolic\u00edas involucrados no han sido condenados. Uno de ellos, Kelly Goodlett, se declar\u00f3 culpable de haber conspirado para obtener una orden de allanamiento fraudulenta y su juicio se posterg\u00f3 hasta febrero del pr\u00f3ximo a\u00f1o.<\/p>\n<p>En noviembre de 2024 Hankinson fue condenado por un jurado en Kentucky por haber violado los derechos civiles de Taylor.<\/p>\n<p>Taylor muri\u00f3 en 2020 en su casa durante una redada policial antidroga. Los agentes ten\u00edan una orden de registro \u00absin llamada\u00bb, que les permit\u00eda entrar en el apartamento sin identificarse. Este tipo de \u00f3rdenes se prohibieron en la ciudad despu\u00e9s del incidente.<\/p>\n<p>Una vez la redada se puso en marcha, los agentes irrumpieron en la vivienda, donde la mujer estaba con su novio, que pose\u00eda legalmente un arma y abri\u00f3 fuego al pensar que eran ladrones. Los polic\u00edas respondieron disparando ciegamente y matando a Taylor.<\/p>\n<p>Su muerte el 13 de marzo de 2020 se produjo meses antes del asesinato del afroamericano George Floyd, en mayo de ese mismo a\u00f1o, que desencaden\u00f3 la mayor ola de protestas y disturbios raciales en EE.UU. desde la d\u00e9cada de 1960.<\/p>\n<p>GS (EFE, AFP, AP)<\/p>\n<\/div>\n\n","protected":false},"excerpt":{"rendered":"<p>Un juez federal en Kentucky (EE.UU.) conden\u00f3 el lunes (21.07.2025) a tres a\u00f1os de c\u00e1rcel a un exagente de Polic\u00eda que estuvo involucrado en la muerte de Breonna Taylor, una mujer afroamericana que fue baleada a manos de las autoridades en su casa en 2020. Cinco a\u00f1os despu\u00e9s del fallecimiento de Taylor, que provoc\u00f3 una &hellip;<\/p>\n","protected":false},"author":1,"featured_media":37020,"comment_status":"open","ping_status":"open","sticky":false,"template":"","format":"standard","meta":{"fifu_image_url":"https:\/\/static.dw.com\/image\/62715420_6.jpg","fifu_image_alt":"","footnotes":""},"categories":[13],"tags":[],"class_list":["post-37019","post","type-post","status-publish","format-standard","has-post-thumbnail","","category-mundo"],"_links":{"self":[{"href":"https:\/\/noticiasveraces.com\/index.php?rest_route=\/wp\/v2\/posts\/37019","targetHints":{"allow":["GET"]}}],"collection":[{"href":"https:\/\/noticiasveraces.com\/index.php?rest_route=\/wp\/v2\/posts"}],"about":[{"href":"https:\/\/noticiasveraces.com\/index.php?rest_route=\/wp\/v2\/types\/post"}],"author":[{"embeddable":true,"href":"https:\/\/noticiasveraces.com\/index.php?rest_route=\/wp\/v2\/users\/1"}],"replies":[{"embeddable":true,"href":"https:\/\/noticiasveraces.com\/index.php?rest_route=%2Fwp%2Fv2%2Fcomments&post=37019"}],"version-history":[{"count":0,"href":"https:\/\/noticiasveraces.com\/index.php?rest_route=\/wp\/v2\/posts\/37019\/revisions"}],"wp:featuredmedia":[{"embeddable":true,"href":"https:\/\/noticiasveraces.com\/index.php?rest_route=\/wp\/v2\/media\/37020"}],"wp:attachment":[{"href":"https:\/\/noticiasveraces.com\/index.php?rest_route=%2Fwp%2Fv2%2Fmedia&parent=37019"}],"wp:term":[{"taxonomy":"category","embeddable":true,"href":"https:\/\/noticiasveraces.com\/index.php?rest_route=%2Fwp%2Fv2%2Fcategories&post=37019"},{"taxonomy":"post_tag","embeddable":true,"href":"https:\/\/noticiasveraces.com\/index.php?rest_route=%2Fwp%2Fv2%2Ftags&post=37019"}],"curies":[{"name":"wp","href":"https:\/\/api.w.org\/{rel}","templated":true}]}}