{"id":37004,"date":"2025-07-21T23:14:25","date_gmt":"2025-07-22T03:14:25","guid":{"rendered":"https:\/\/noticiasveraces.com\/?p=37004"},"modified":"2025-07-21T23:14:25","modified_gmt":"2025-07-22T03:14:25","slug":"billy-joel-de-76-anos-ofrece-una-actualizacion-de-salud-despues-de-ser-diagnosticada-con-trastorno-cerebral-noticias-de-celebridades-showbiz-tv","status":"publish","type":"post","link":"https:\/\/noticiasveraces.com\/?p=37004","title":{"rendered":"Billy Joel, de 76 a\u00f1os, ofrece una actualizaci\u00f3n de salud despu\u00e9s de ser diagnosticada con &#8216;trastorno cerebral&#8217; | Noticias de celebridades | Showbiz &#038; TV"},"content":{"rendered":"<p> \n<\/p>\n<div>\n<p>Billy Joel ha discutido con franqueza su salud despu\u00e9s de la revelaci\u00f3n de que le han diagnosticado un trastorno cerebral. El aclamado cantante y compositor proporcion\u00f3 una actualizaci\u00f3n esta semana. Admiti\u00f3 que si bien se siente \u00abbien\u00bb, su equilibrio \u00abapesta\u00bb y los m\u00e9dicos a\u00fan no han determinado la causa de su condici\u00f3n.<\/p>\n<p>Durante una aparici\u00f3n en el podcast Random Club, el tema de su documental Billy Joel: Y as\u00ed se plante\u00f3. El anfitri\u00f3n del podcast Bill Maher pregunt\u00f3: \u00abAprend\u00ed mucho sobre ti. En primer lugar, tu salud. Quiero decir, todos tus fan\u00e1ticos quieren saber &#8230; ten\u00edas algo. \u00bfLo arreglamos?\u00bb<\/p>\n<\/div>\n<div>\n<p>Billy respondi\u00f3: \u00abNo est\u00e1 arreglado, todav\u00eda se est\u00e1 trabajando\u00bb. Adem\u00e1s, dijo: \u00abMe siento bien. Mi equilibrio apesta, es como estar en un bote\u00bb.<\/p>\n<p>Billy explic\u00f3 que su condici\u00f3n, Hydrocephalus de presi\u00f3n normal, se conoc\u00eda anteriormente como \u00abagua en el cerebro\u00bb.<\/p>\n<p>Cuando se le pregunt\u00f3 sobre su causa, dijo: \u00abNadie lo sabe. No lo saben. Pens\u00e9 que deb\u00eda ser por beber\u00bb.<\/p>\n<\/div>\n<div>\n<p>Billy luego confirm\u00f3 que ya no bebe, diciendo: \u00abPero sol\u00eda hacerlo, como un pez\u00bb.<\/p>\n<p>Concluy\u00f3 diciendo: \u00abMe siento bien. Siguen refiri\u00e9ndose a lo que tengo como un trastorno cerebral, por lo que suena mucho peor de lo que siento, ya sabes\u00bb.<\/p>\n<p>El cantante tuvo que cancelar conciertos debido al diagn\u00f3stico en mayo, y escribi\u00f3 en su Instagram que la condici\u00f3n \u00abse ha exacerbado por las recientes actuaciones de conciertos, lo que provoc\u00f3 problemas con la audici\u00f3n, la visi\u00f3n y el equilibrio\u00bb.<\/p>\n<p>\u00abSeg\u00fan las instrucciones de su m\u00e9dico, Billy est\u00e1 sometido a fisioterapia espec\u00edfica y se le ha aconsejado que se abstenga de desempe\u00f1arse durante este per\u00edodo de recuperaci\u00f3n\u00bb, dijo el comunicado. \u00abBilly est\u00e1 agradecido por la excelente atenci\u00f3n que est\u00e1 recibiendo y est\u00e1 completamente comprometido a priorizar su salud. Est\u00e1 agradecido por el apoyo de los fan\u00e1ticos durante este tiempo y espera el d\u00eda en que pueda subir al escenario\u00bb.<\/p>\n<\/div>\n\n","protected":false},"excerpt":{"rendered":"<p>Billy Joel ha discutido con franqueza su salud despu\u00e9s de la revelaci\u00f3n de que le han diagnosticado un trastorno cerebral. El aclamado cantante y compositor proporcion\u00f3 una actualizaci\u00f3n esta semana. Admiti\u00f3 que si bien se siente \u00abbien\u00bb, su equilibrio \u00abapesta\u00bb y los m\u00e9dicos a\u00fan no han determinado la causa de su condici\u00f3n. Durante una aparici\u00f3n &hellip;<\/p>\n","protected":false},"author":1,"featured_media":37005,"comment_status":"open","ping_status":"open","sticky":false,"template":"","format":"standard","meta":{"fifu_image_url":"https:\/\/cdn.images.express.co.uk\/img\/dynamic\/79\/1200x630\/6309351.jpg","fifu_image_alt":"","footnotes":""},"categories":[766],"tags":[],"class_list":["post-37004","post","type-post","status-publish","format-standard","has-post-thumbnail","","category-musica"],"_links":{"self":[{"href":"https:\/\/noticiasveraces.com\/index.php?rest_route=\/wp\/v2\/posts\/37004","targetHints":{"allow":["GET"]}}],"collection":[{"href":"https:\/\/noticiasveraces.com\/index.php?rest_route=\/wp\/v2\/posts"}],"about":[{"href":"https:\/\/noticiasveraces.com\/index.php?rest_route=\/wp\/v2\/types\/post"}],"author":[{"embeddable":true,"href":"https:\/\/noticiasveraces.com\/index.php?rest_route=\/wp\/v2\/users\/1"}],"replies":[{"embeddable":true,"href":"https:\/\/noticiasveraces.com\/index.php?rest_route=%2Fwp%2Fv2%2Fcomments&post=37004"}],"version-history":[{"count":0,"href":"https:\/\/noticiasveraces.com\/index.php?rest_route=\/wp\/v2\/posts\/37004\/revisions"}],"wp:featuredmedia":[{"embeddable":true,"href":"https:\/\/noticiasveraces.com\/index.php?rest_route=\/wp\/v2\/media\/37005"}],"wp:attachment":[{"href":"https:\/\/noticiasveraces.com\/index.php?rest_route=%2Fwp%2Fv2%2Fmedia&parent=37004"}],"wp:term":[{"taxonomy":"category","embeddable":true,"href":"https:\/\/noticiasveraces.com\/index.php?rest_route=%2Fwp%2Fv2%2Fcategories&post=37004"},{"taxonomy":"post_tag","embeddable":true,"href":"https:\/\/noticiasveraces.com\/index.php?rest_route=%2Fwp%2Fv2%2Ftags&post=37004"}],"curies":[{"name":"wp","href":"https:\/\/api.w.org\/{rel}","templated":true}]}}