{"id":36994,"date":"2025-07-21T22:38:07","date_gmt":"2025-07-22T02:38:07","guid":{"rendered":"https:\/\/noticiasveraces.com\/?p=36994"},"modified":"2025-07-21T22:38:07","modified_gmt":"2025-07-22T02:38:07","slug":"ee-uu-retira-a-los-700-marines-desplegados-en-los-angeles-dw-22-07-2025","status":"publish","type":"post","link":"https:\/\/noticiasveraces.com\/?p=36994","title":{"rendered":"EE.UU. retira a los 700 marines desplegados en Los \u00c1ngeles \u2013 DW \u2013 22\/07\/2025"},"content":{"rendered":"<p> \n<\/p>\n<div>\n<p>El Gobierno de Estados Unidos desmovilizar\u00e1 a los 700 miembros de la Marina desplegados en Los \u00c1ngeles por orden del presidente Donald Trump, para paliar las protestas contra las redadas migratorias que sacudieron la ciudad el pasado junio, inform\u00f3 el Pent\u00e1gono el lunes (21.07.2025).<\/p>\n<p>\u00abCon el regreso de la estabilidad a Los \u00c1ngeles, el Secretario (de Defensa, Pete Hegseth) ha ordenado el redespliegue de los 700 marines, cuya presencia envi\u00f3 un mensaje claro: no se tolerar\u00e1 la anarqu\u00eda\u00bb, inform\u00f3 el portavoz principal del Pent\u00e1gono, Sean Parnell.<\/p>\n<p>El repliegue de estas fuerzas se suma al retiro\u00a0de 2.000 efectivos de la Guardia Nacional que se anunci\u00f3 el pasado jueves.<\/p>\n<p>Trump envi\u00f3 en junio a Los \u00c1ngeles a m\u00e1s de 4.000 miembros de la Guardia Nacional y a otros 700 infantes de la marina, durante las protestas contra las redadas de inmigraci\u00f3n que, pese a que en su mayor\u00eda fueron pac\u00edficas, en ocasiones se tornaron violentas, con enfrentamientos entre los manifestantes y la Polic\u00eda.<\/p>\n<p>La principal funci\u00f3n de estas tropas, desplegadas sin el consentimiento del gobernador de California, Gavin Newsom, era proteger edificios federales y apoyar a las fuerzas del orden durante las protestas masivas contra las redadas migratorias del Servicio de Inmigraci\u00f3n y Control de Aduanas (ICE).<\/p>\n<p>El despliegue de las fuerzas de la Guardia Nacional deriv\u00f3 en un enfrentamiento entre la Casa Blanca y el Gobierno de Newsom, aunque finalmente un tribunal federal de apelaciones de California dictamin\u00f3 que Trump pod\u00eda mantener el control de los soldados.<\/p>\n<p>GS (EFE, AFP)<\/p>\n<div class=\"vjs-wrapper embed big\">\n<h2 aria-label=\"Video integrado \u2014 A fondo - Militares en las calles de EE. UU.: \u00bfqu\u00e9 quiere Trump?\" class=\"headline\"><svg xmlns=\"http:\/\/www.w3.org\/2000\/svg\" viewbox=\"0 0 20 20\"><g fill-rule=\"evenodd\"><path d=\"M14.114 7.599H13.5l.002 4.706h.601l4.582 3.25-.005-11.11zM11.084 4.444l-9.007.002-1.336.797.002 9.514 1.334.793 9.007.006 1.509-.799-.004-9.516z\"\/><\/g><\/svg>A fondo &#8211; Militares en las calles de EE. UU.: \u00bfqu\u00e9 quiere Trump?<\/h2>\n<p><video id=\"video-72890024\" controls=\"\" playsinline=\"\" preload=\"none\" poster=\"data:image\/png;base64,iVBORw0KGgoAAAANSUhEUgAAAAEAAAABCAQAAAC1HAwCAAAAC0lEQVR42mNkYAAAAAYAAjCB0C8AAAAASUVORK5CYII=\" data-id=\"72890024\" data-posterurl=\"https:\/\/static.dw.com\/image\/50130757_605.webp\" data-duration=\"42:34\"><source src=\"https:\/\/hlsvod.dw.com\/i\/dwtv_video\/flv\/cua\/cua250612_AFondoNEUGESAMT_,AVC_480x270,AVC_512x288,AVC_640x360,AVC_960x540,AVC_1280x720,AVC_1920x1080,.mp4.csmil\/master.m3u8\" type=\"application\/x-mpegURL\"><source src=\"https:\/\/tvdownloaddw-a.akamaihd.net\/dwtv_video\/flv\/cua\/cua250612_AFondoNEUGESAMT_AVC_1920x1080.mp4\" type=\"video\/mp4\"><p class=\"vjs-no-js\">Para ver este video, habilite JavaScript y considere actualizar a un navegador web que admite el video HTML5<\/p>\n<p><\/source><\/source><\/video><\/div>\n<\/div>\n\n","protected":false},"excerpt":{"rendered":"<p>El Gobierno de Estados Unidos desmovilizar\u00e1 a los 700 miembros de la Marina desplegados en Los \u00c1ngeles por orden del presidente Donald Trump, para paliar las protestas contra las redadas migratorias que sacudieron la ciudad el pasado junio, inform\u00f3 el Pent\u00e1gono el lunes (21.07.2025). \u00abCon el regreso de la estabilidad a Los \u00c1ngeles, el Secretario &hellip;<\/p>\n","protected":false},"author":1,"featured_media":36995,"comment_status":"open","ping_status":"open","sticky":false,"template":"","format":"standard","meta":{"fifu_image_url":"https:\/\/static.dw.com\/image\/73225294_6.jpg","fifu_image_alt":"","footnotes":""},"categories":[13],"tags":[],"class_list":["post-36994","post","type-post","status-publish","format-standard","has-post-thumbnail","","category-mundo"],"_links":{"self":[{"href":"https:\/\/noticiasveraces.com\/index.php?rest_route=\/wp\/v2\/posts\/36994","targetHints":{"allow":["GET"]}}],"collection":[{"href":"https:\/\/noticiasveraces.com\/index.php?rest_route=\/wp\/v2\/posts"}],"about":[{"href":"https:\/\/noticiasveraces.com\/index.php?rest_route=\/wp\/v2\/types\/post"}],"author":[{"embeddable":true,"href":"https:\/\/noticiasveraces.com\/index.php?rest_route=\/wp\/v2\/users\/1"}],"replies":[{"embeddable":true,"href":"https:\/\/noticiasveraces.com\/index.php?rest_route=%2Fwp%2Fv2%2Fcomments&post=36994"}],"version-history":[{"count":0,"href":"https:\/\/noticiasveraces.com\/index.php?rest_route=\/wp\/v2\/posts\/36994\/revisions"}],"wp:featuredmedia":[{"embeddable":true,"href":"https:\/\/noticiasveraces.com\/index.php?rest_route=\/wp\/v2\/media\/36995"}],"wp:attachment":[{"href":"https:\/\/noticiasveraces.com\/index.php?rest_route=%2Fwp%2Fv2%2Fmedia&parent=36994"}],"wp:term":[{"taxonomy":"category","embeddable":true,"href":"https:\/\/noticiasveraces.com\/index.php?rest_route=%2Fwp%2Fv2%2Fcategories&post=36994"},{"taxonomy":"post_tag","embeddable":true,"href":"https:\/\/noticiasveraces.com\/index.php?rest_route=%2Fwp%2Fv2%2Ftags&post=36994"}],"curies":[{"name":"wp","href":"https:\/\/api.w.org\/{rel}","templated":true}]}}