{"id":36975,"date":"2025-07-21T18:32:22","date_gmt":"2025-07-21T22:32:22","guid":{"rendered":"https:\/\/noticiasveraces.com\/?p=36975"},"modified":"2025-07-21T18:32:22","modified_gmt":"2025-07-21T22:32:22","slug":"inversiones-millonarias-para-alemania-dw-21-07-2025","status":"publish","type":"post","link":"https:\/\/noticiasveraces.com\/?p=36975","title":{"rendered":"inversiones millonarias para Alemania \u2013 DW \u2013 21\/07\/2025"},"content":{"rendered":"<p> \n<\/p>\n<div>\n<p>La econom\u00eda siempre tiene un componente psicol\u00f3gico. Cuando las empresas conf\u00edan en que podr\u00e1n hacer buenos negocios en el futuro, invierten con fuerza. Si las perspectivas parecen malas, retienen el dinero.<\/p>\n<p>La pandemia del coronavirus, con el colapso de las cadenas de suministro internacionales, la guerra en Ucrania, la consiguiente crisis energ\u00e9tica y la inflaci\u00f3n, el debilitamiento de la econom\u00eda china&#8230; Todo ello afect\u00f3 duramente a la econom\u00eda alemana, orientada a la exportaci\u00f3n.<\/p>\n<p>La econom\u00eda se derrumb\u00f3 y Alemania entr\u00f3 en una\u00a0recesi\u00f3n prolongada.\u00a0Desde entonces, el optimismo no ha vuelto a aparecer. Las estad\u00edsticas de la OCDE, la Organizaci\u00f3n para la Cooperaci\u00f3n y el Desarrollo Econ\u00f3micos en los pa\u00edses industrializados, muestran que Alemania segu\u00eda teniendo en 2024 la tasa de inversi\u00f3n m\u00e1s baja en comparaci\u00f3n con los 38 pa\u00edses de la OCDE.<\/p>\n<h2>631 000 millones de euros de inversi\u00f3n<\/h2>\n<p>Esto va a cambiar, prometen los directivos de las principales empresas de Alemania. 61 de ellos, entre los que se encuentran conocidas sociedades an\u00f3nimas como Airbus, BASF, BMW, Deutsche B\u00f6rse, Mercedes-Benz, Rheinmetall, SAP y Volkswagen<em>,<\/em> pero tambi\u00e9n las empresas estadounidenses Nvidia, Blackrock y Blackstone<em>,<\/em> se han unido en la iniciativa <em>\u00ab<\/em>Hecho para Alemania<em>\u00ab.<\/em> El nombre recuerda, no sin raz\u00f3n, al sello de calidad alem\u00e1n <em>\u00ab<\/em>Hecho en Alemania<em>\u00ab.<\/em><\/p>\n<p>Juntas, las empresas quieren invertir 631 000 millones de euros en Alemania en los pr\u00f3ximos tres a\u00f1os. En plantas de producci\u00f3n, maquinaria e instalaciones, as\u00ed como en investigaci\u00f3n y desarrollo. \u00abQueremos crecimiento econ\u00f3mico, queremos reforzar la competitividad de Alemania, queremos defender o seguir ampliando nuestro liderazgo tecnol\u00f3gico\u201d, afirm\u00f3 uno de los dos impulsores de la iniciativa, el presidente del consejo de administraci\u00f3n del grupo Siemens<em>,<\/em> Roland Busch, tras una reuni\u00f3n de la iniciativa con integrantes del Gobierno en la canciller\u00eda.<\/p>\n<p>La pol\u00edtica est\u00e1 entusiasmada. \u00abAlemania ha vuelto, vale la pena volver a invertir en Alemania\u201d, celebr\u00f3\u00a0tras la reuni\u00f3n el canciller,\u00a0Friedrich Merz, del partido democristiano CDU.<\/p>\n<h2>\u00bfDe d\u00f3nde viene este cambio de \u00e1nimo?<\/h2>\n<p>El ambiente en la canciller\u00eda fue\u00a0muy bueno. \u00abTuvimos un intercambio excelente\u201d, resumi\u00f3 el presidente del consejo de administraci\u00f3n del Deutsche Bank, Christian Sewing.\u00a0Pero \u00bfde d\u00f3nde viene este cambio de \u00e1nimo? Alemania sigue estando en una situaci\u00f3n econ\u00f3mica delicada y se enfrenta a un tercer a\u00f1o consecutivo sin crecimiento. Dada la pol\u00edtica arancelaria del presidente estadounidense, Donald Trump, las perspectivas no son nada buenas.<\/p>\n<figure class=\"placeholder-image master_landscape big\"><img data-format=\"MASTER_LANDSCAPE\" data-id=\"73357362\" data-url=\"https:\/\/static.dw.com\/image\/73357362_${formatId}.jpg\" data-aspect-ratio=\"16\/9\" alt=\"3 hombres dan conferencia de pie, ante ellos, pedestales con micr\u00f3fonos. Atr\u00e1s, banceras alemanas y posiblemente de la UE (aunque estas no llegan a verse por completo). \" style=\"padding-bottom: 56.25%; height: 0; max-height: 0;\"\/><figcaption class=\"img-caption\">El presidente del consejo de administraci\u00f3n del Deutsche Bank, Christian Sewing, el canciller federal Friedrich Merz y el presidente del consejo de administraci\u00f3n de Siemens, Roland Busch, hicieron declaraciones tras la reuni\u00f3n en la canciller\u00eda.<small class=\"copyright\">Imagen: Uwe Koch\/Imelo<\/small><\/figcaption><\/figure>\n<p>Sin embargo, el rumbo de la pol\u00edtica es claramente diferente. Reactivar la econom\u00eda es la m\u00e1xima prioridad del nuevo Gobierno. Desde principios de mayo, est\u00e1 en funciones una coalici\u00f3n formada por los partidos conservadores CDU\/CSU y los socialdem\u00f3cratas. Ya se han acordado las primeras medidas. El Bundestag y el Bundesrat (ambas c\u00e1maras parlamentarias) han aprobado un fondo especial financiado con deuda de 500 000 millones de euros para inversiones p\u00fablicas adicionales en infraestructura y protecci\u00f3n del clima.<\/p>\n<p><span data-slot-id=\"Article_InContent-1\" class=\"rich-text-ad\"\/><\/p>\n<h2>Las empresas pagar\u00e1n menos impuestos<\/h2>\n<p>El precio de la electricidad para la industria bajar\u00e1 y la econom\u00eda se beneficiar\u00e1 de una importante reducci\u00f3n de impuestos. Esto es algo que la econom\u00eda hab\u00eda reclamado constantemente, sin \u00e9xito, al Gobierno anterior, una coalici\u00f3n formada por los socialdem\u00f3cratas del SPD,\u00a0los Verdes y el liberal FDP.<\/p>\n<p>Con Friedrich Merz, ahora gobierna un canciller que ha trabajado durante muchos a\u00f1os en el sector econ\u00f3mico. El\u00a0jurista Merz fue, entre otras cosas, presidente del consejo de supervisi\u00f3n del inversor financiero estadounidense Blackrock.<\/p>\n<h2>Una nueva proximidad entre la pol\u00edtica y la econom\u00eda<\/h2>\n<p>\u00abHoy hemos iniciado una nueva forma de colaboraci\u00f3n\u201d, afirm\u00f3 el director general de Siemens<em>,<\/em> Roland Busch. \u00abEl di\u00e1logo\u00a0ha demostrado que la pol\u00edtica y la econom\u00eda remamos en la misma direcci\u00f3n\u201d.<\/p>\n<p>Busch cree\u00a0que, para liberar los miles de millones anunciados, la pol\u00edtica deber\u00eda regular menos y dar m\u00e1s libertad a las empresas. La econom\u00eda exige reformas, especialmente en materia de burocracia y cotizaciones sociales, que encarecen los costos laborales.<\/p>\n<h2>\u00bfSiguen siendo seguras las pensiones?<\/h2>\n<p>El 42 por ciento\u00a0del producto nacional bruto, es decir, del rendimiento econ\u00f3mico total de Alemania, se destina actualmente al presupuesto social. Y Alemania es un pa\u00eds que envejece. Para poder seguir financiando las pensiones, el Estado debe aportar cada a\u00f1o m\u00e1s dinero a las cajas de pensiones.<\/p>\n<p>La OCDE considera que la reforma de la seguridad social es el mayor reto para Alemania como lugar de inversi\u00f3n. Si no se cambia nada, el Estado tendr\u00e1 que seguir endeud\u00e1ndose para poder mantener los sistemas sociales.\u00a0Friedrich Merz ya ha anunciado que\u00a0reformarlos es el siguiente punto en la agenda pol\u00edtica de la coalici\u00f3n.<\/p>\n<p>(MD\/MS)<\/p>\n<\/div>\n\n","protected":false},"excerpt":{"rendered":"<p>La econom\u00eda siempre tiene un componente psicol\u00f3gico. Cuando las empresas conf\u00edan en que podr\u00e1n hacer buenos negocios en el futuro, invierten con fuerza. Si las perspectivas parecen malas, retienen el dinero. La pandemia del coronavirus, con el colapso de las cadenas de suministro internacionales, la guerra en Ucrania, la consiguiente crisis energ\u00e9tica y la inflaci\u00f3n, &hellip;<\/p>\n","protected":false},"author":1,"featured_media":36976,"comment_status":"open","ping_status":"open","sticky":false,"template":"","format":"standard","meta":{"fifu_image_url":"https:\/\/static.dw.com\/image\/73357502_6.jpg","fifu_image_alt":"","footnotes":""},"categories":[13],"tags":[],"class_list":["post-36975","post","type-post","status-publish","format-standard","has-post-thumbnail","","category-mundo"],"_links":{"self":[{"href":"https:\/\/noticiasveraces.com\/index.php?rest_route=\/wp\/v2\/posts\/36975","targetHints":{"allow":["GET"]}}],"collection":[{"href":"https:\/\/noticiasveraces.com\/index.php?rest_route=\/wp\/v2\/posts"}],"about":[{"href":"https:\/\/noticiasveraces.com\/index.php?rest_route=\/wp\/v2\/types\/post"}],"author":[{"embeddable":true,"href":"https:\/\/noticiasveraces.com\/index.php?rest_route=\/wp\/v2\/users\/1"}],"replies":[{"embeddable":true,"href":"https:\/\/noticiasveraces.com\/index.php?rest_route=%2Fwp%2Fv2%2Fcomments&post=36975"}],"version-history":[{"count":0,"href":"https:\/\/noticiasveraces.com\/index.php?rest_route=\/wp\/v2\/posts\/36975\/revisions"}],"wp:featuredmedia":[{"embeddable":true,"href":"https:\/\/noticiasveraces.com\/index.php?rest_route=\/wp\/v2\/media\/36976"}],"wp:attachment":[{"href":"https:\/\/noticiasveraces.com\/index.php?rest_route=%2Fwp%2Fv2%2Fmedia&parent=36975"}],"wp:term":[{"taxonomy":"category","embeddable":true,"href":"https:\/\/noticiasveraces.com\/index.php?rest_route=%2Fwp%2Fv2%2Fcategories&post=36975"},{"taxonomy":"post_tag","embeddable":true,"href":"https:\/\/noticiasveraces.com\/index.php?rest_route=%2Fwp%2Fv2%2Ftags&post=36975"}],"curies":[{"name":"wp","href":"https:\/\/api.w.org\/{rel}","templated":true}]}}