{"id":36944,"date":"2025-07-21T13:25:13","date_gmt":"2025-07-21T17:25:13","guid":{"rendered":"https:\/\/noticiasveraces.com\/?p=36944"},"modified":"2025-07-21T13:25:13","modified_gmt":"2025-07-21T17:25:13","slug":"grupos-cristianos-para-recibir-visas-simplificadas-de-israel-despues-de-una-disputa-diplomatica","status":"publish","type":"post","link":"https:\/\/noticiasveraces.com\/?p=36944","title":{"rendered":"Grupos cristianos para recibir visas simplificadas de Israel despu\u00e9s de una disputa diplom\u00e1tica"},"content":{"rendered":"<p> \n<\/p>\n<div>\n<div id=\"beyondwords-wrapper\" class=\"beyondwords-wrapper\">\n<p><span class=\"label-bg\">NUEVO<\/span>\u00a1Ahora puedes escuchar art\u00edculos de Fox News!\n  <\/p>\n<\/div>\n<p class=\"speakable\">La disputa diplom\u00e1tica provocada por un empleado de bajo nivel en el Ministerio del Interior de Israel sobre las solicitudes de visa para organizaciones cristianas se resolvi\u00f3 el lunes a trav\u00e9s de una \u00abcooperaci\u00f3n fruct\u00edfera\u00bb, dijo el abogado Calev Myers a Fox News Digital.<\/p>\n<p class=\"speakable\">\u00abLas organizaciones cristianas evang\u00e9licas activas en Israel, que representan a la gran mayor\u00eda de los sionistas en el mundo hoy en d\u00eda, recibir\u00e1n todas las visas que necesitan a trav\u00e9s de un proceso de aplicaci\u00f3n simplificado y eficiente\u00bb, dijo.<\/p>\n<p>El problema estall\u00f3 en las noticias la semana pasada cuando el embajador de los Estados Unidos en Israel Mike Huckabee publicit\u00f3 una carta que escribi\u00f3 al ministro del Interior israel\u00ed, Moshe Arbel, en la que expres\u00f3 \u00abgran angustia\u00bb sobre la \u00abrutina de la rutina de visas para organizaciones y trabajadores cristianos, como se ha practicado durante d\u00e9cadas\u00bb.<\/p>\n<p><strong>Huckabee condena los esfuerzos para borrar la historia jud\u00eda a la Tierra Santa como &#8216;absurdo&#8217;<\/strong><\/p>\n<div class=\"image-ct inline\">\n<div class=\"m\"><picture><source media=\"(max-width: 767px)\" srcset=\"https:\/\/a57.foxnews.com\/static.foxnews.com\/foxnews.com\/content\/uploads\/2025\/07\/343\/192\/christian-pilgrims-israel.jpg?ve=1&amp;tl=1, https:\/\/a57.foxnews.com\/static.foxnews.com\/foxnews.com\/content\/uploads\/2025\/07\/686\/384\/christian-pilgrims-israel.jpg?ve=1&amp;tl=1 2x\" height=\"192\" width=\"343\"><source media=\"(min-width: 768px) and (max-width: 1023px)\" srcset=\"https:\/\/a57.foxnews.com\/static.foxnews.com\/foxnews.com\/content\/uploads\/2025\/07\/672\/378\/christian-pilgrims-israel.jpg?ve=1&amp;tl=1, https:\/\/a57.foxnews.com\/static.foxnews.com\/foxnews.com\/content\/uploads\/2025\/07\/1344\/756\/christian-pilgrims-israel.jpg?ve=1&amp;tl=1 2x\" height=\"378\" width=\"672\"><source media=\"(min-width: 1024px) and (max-width: 1279px)\" srcset=\"https:\/\/a57.foxnews.com\/static.foxnews.com\/foxnews.com\/content\/uploads\/2025\/07\/931\/523\/christian-pilgrims-israel.jpg?ve=1&amp;tl=1, https:\/\/a57.foxnews.com\/static.foxnews.com\/foxnews.com\/content\/uploads\/2025\/07\/1862\/1046\/christian-pilgrims-israel.jpg?ve=1&amp;tl=1 2x\" height=\"523\" width=\"931\"><source media=\"(min-width: 1280px)\" srcset=\"https:\/\/a57.foxnews.com\/static.foxnews.com\/foxnews.com\/content\/uploads\/2025\/07\/720\/405\/christian-pilgrims-israel.jpg?ve=1&amp;tl=1, https:\/\/a57.foxnews.com\/static.foxnews.com\/foxnews.com\/content\/uploads\/2025\/07\/1440\/810\/christian-pilgrims-israel.jpg?ve=1&amp;tl=1 2x\" height=\"405\" width=\"720\"><img loading=\"lazy\" decoding=\"async\" src=\"https:\/\/a57.foxnews.com\/static.foxnews.com\/foxnews.com\/content\/uploads\/2025\/07\/1200\/675\/christian-pilgrims-israel.jpg?ve=1&amp;tl=1\" alt=\"Israel-Jerusal\u00e9n-Religi\u00f3n-Cristianity-Good Viernes\" width=\"1200\" height=\"675\"\/><\/source><\/source><\/source><\/source><\/picture><\/div>\n<div class=\"info\">\n<div class=\"caption\">\n<p><span>Los peregrinos cristianos que transportan cruces de madera caminan a trav\u00e9s de la ciudad vieja de Jerusal\u00e9n hacia la Iglesia del Santo Sepulcro durante la procesi\u00f3n ortodoxa del Viernes Santo el 3 de mayo de 2024.<\/span> <span>(Ahmad Gharabli\/AFP a trav\u00e9s de Getty Images)<\/span><\/p>\n<\/div>\n<\/div>\n<\/div>\n<p>Seg\u00fan Huckabee, a partir de principios de 2025, el departamento de visas del Ministerio del Interior dej\u00f3 de seguir las recomendaciones del Ministerio de Asuntos Religiosos y comenz\u00f3 a realizar sus propias investigaciones en cada organizaci\u00f3n cristiana para determinar si deber\u00edan ser reconocidos como \u00abinstituciones religiosas\u00bb y seguir siendo elegibles para las visas.<\/p>\n<p>Cit\u00f3 como ejemplos de la Convenci\u00f3n Bautista de Israel, la Alianza Misionera Cristiana y las Asambleas de Dios, se\u00f1alando que a los miembros de estos grupos se les ha negado las renovaciones de sus visas de cl\u00e9rigo A3 y, en cambio, se les exige que complete cuestionarios largos sobre sus creencias religiosas. Huckabee dijo que el estado de sus solicitudes sigue siendo \u00abbajo investigaci\u00f3n\u00bb.<\/p>\n<blockquote class=\"pull-quote\">\n<p class=\"quote-text\">\u00abCuando el apoyo a Israel en todo el mundo, y en los Estados Unidos, est\u00e1 bajo presi\u00f3n, el respaldo de nuestros amigos cristianos es extremadamente importante\u00bb<\/p>\n<p> <!----><\/p><\/blockquote>\n<p>Tambi\u00e9n nombr\u00f3 a la Embajada Cristiana Internacional en Jerusal\u00e9n como otro grupo cuyas visas estaban \u00abdetenidas\u00bb.<\/p>\n<p>Hab\u00eda amenazado con que, a menos que se hicieran cambios, \u00abno tendr\u00e9 otra opci\u00f3n que instruir a nuestra secci\u00f3n consular para revisar las opciones para el tratamiento rec\u00edproco de los ciudadanos israel\u00edes que buscan visas a los Estados Unidos\u00bb.<\/p>\n<div class=\"image-ct inline\">\n<div class=\"m\"><picture><source media=\"(max-width: 767px)\" srcset=\"https:\/\/a57.foxnews.com\/static.foxnews.com\/foxnews.com\/content\/uploads\/2025\/05\/343\/192\/amb.-huckabee.jpg?ve=1&amp;tl=1, https:\/\/a57.foxnews.com\/static.foxnews.com\/foxnews.com\/content\/uploads\/2025\/05\/686\/384\/amb.-huckabee.jpg?ve=1&amp;tl=1 2x\" height=\"192\" width=\"343\"><source media=\"(min-width: 768px) and (max-width: 1023px)\" srcset=\"https:\/\/a57.foxnews.com\/static.foxnews.com\/foxnews.com\/content\/uploads\/2025\/05\/672\/378\/amb.-huckabee.jpg?ve=1&amp;tl=1, https:\/\/a57.foxnews.com\/static.foxnews.com\/foxnews.com\/content\/uploads\/2025\/05\/1344\/756\/amb.-huckabee.jpg?ve=1&amp;tl=1 2x\" height=\"378\" width=\"672\"><source media=\"(min-width: 1024px) and (max-width: 1279px)\" srcset=\"https:\/\/a57.foxnews.com\/static.foxnews.com\/foxnews.com\/content\/uploads\/2025\/05\/931\/523\/amb.-huckabee.jpg?ve=1&amp;tl=1, https:\/\/a57.foxnews.com\/static.foxnews.com\/foxnews.com\/content\/uploads\/2025\/05\/1862\/1046\/amb.-huckabee.jpg?ve=1&amp;tl=1 2x\" height=\"523\" width=\"931\"><source media=\"(min-width: 1280px)\" srcset=\"https:\/\/a57.foxnews.com\/static.foxnews.com\/foxnews.com\/content\/uploads\/2025\/05\/720\/405\/amb.-huckabee.jpg?ve=1&amp;tl=1, https:\/\/a57.foxnews.com\/static.foxnews.com\/foxnews.com\/content\/uploads\/2025\/05\/1440\/810\/amb.-huckabee.jpg?ve=1&amp;tl=1 2x\" height=\"405\" width=\"720\"><img loading=\"lazy\" decoding=\"async\" src=\"https:\/\/a57.foxnews.com\/static.foxnews.com\/foxnews.com\/content\/uploads\/2025\/05\/1200\/675\/amb.-huckabee.jpg?ve=1&amp;tl=1\" alt=\"Mike Huckabee\" width=\"1200\" height=\"675\"\/><\/source><\/source><\/source><\/source><\/picture><\/div>\n<div class=\"info\">\n<div class=\"caption\">\n<p><span>El embajador en Israel Mike Huckabee habla con Fox News Digital durante una entrevista en la Embajada Americana en Jerusal\u00e9n.<\/span> <span>(Yoav Dudkevitch\/ TPS-IL)<\/span><\/p>\n<\/div>\n<\/div>\n<\/div>\n<p>Una fuente le dijo a Fox News Digital que el problema se origin\u00f3 con un empleado de bajo nivel en el Ministerio del Interior de Israel que \u00abno era particularmente amigable\u00bb con los solicitantes de visas cristianas. Como resultado, el proceso de visa para el clero y los voluntarios se hab\u00eda vuelto \u00abcada vez m\u00e1s problem\u00e1tico\u00bb y lleno de \u00abbarreras durante a\u00f1os\u00bb.<\/p>\n<p>Una segunda fuente le dijo a Fox News Digital que los elementos dentro del Ministerio del Interior israel\u00ed \u00abno son comprensivos, no aprecian la relaci\u00f3n\u00bb con el mundo cristiano.<\/p>\n<p>El ex embajador israel\u00ed en los Estados Unidos Michael Oren le dijo a Fox News Digital que ha estado involucrado en ayudar a obtener visas para las organizaciones cristianas que hacen \u00abtrabajo extraordinario e importante\u00bb y que no hay raz\u00f3n para que les dan dificultades.<\/p>\n<p><strong>El Papa exige el alto el fuego despu\u00e9s de que la Iglesia Cat\u00f3lica de Gaza es golpeada en aparente huelga israel\u00ed<\/strong><\/p>\n<p>\u00abCuando el apoyo a Israel en todo el mundo, y en los Estados Unidos, est\u00e1 bajo presi\u00f3n, el respaldo de nuestros amigos cristianos es extremadamente importante\u00bb, dijo Oren. \u00abEst\u00e1n all\u00ed a trav\u00e9s de las gruesas y delgadas, incluso cuando las bombas se caen sobre nosotros, y contribuyen de muchas maneras. Ya se trate de uvas, atendiendo a personas en hospitales o cocinando comidas para soldados. No debemos hacer nada m\u00e1s que apreciarlos y hacer que se sientan bienvenidos\u00bb.<\/p>\n<p>El Ministerio del Interior, responsable de la Autoridad de Poblaci\u00f3n e Inmigraci\u00f3n, fue dirigido por el Partido Ultra Nortodoxo SHAS, miembro del primer ministro israel\u00ed Benjamin Netanyahu Goberning Coalition, hasta que sali\u00f3 corriendo del gobierno la semana pasada sobre el tema del reclutamiento en el ej\u00e9rcito israel\u00ed de hombres ultraortodoxos.<\/p>\n<div class=\"image-ct inline\">\n<div class=\"m\"><picture><source media=\"(max-width: 767px)\" srcset=\"https:\/\/a57.foxnews.com\/static.foxnews.com\/foxnews.com\/content\/uploads\/2025\/07\/343\/192\/cufi-israel-evangelicals-scaled.jpg?ve=1&amp;tl=1, https:\/\/a57.foxnews.com\/static.foxnews.com\/foxnews.com\/content\/uploads\/2025\/07\/686\/384\/cufi-israel-evangelicals-scaled.jpg?ve=1&amp;tl=1 2x\" height=\"192\" width=\"343\"><source media=\"(min-width: 768px) and (max-width: 1023px)\" srcset=\"https:\/\/a57.foxnews.com\/static.foxnews.com\/foxnews.com\/content\/uploads\/2025\/07\/672\/378\/cufi-israel-evangelicals-scaled.jpg?ve=1&amp;tl=1, https:\/\/a57.foxnews.com\/static.foxnews.com\/foxnews.com\/content\/uploads\/2025\/07\/1344\/756\/cufi-israel-evangelicals-scaled.jpg?ve=1&amp;tl=1 2x\" height=\"378\" width=\"672\"><source media=\"(min-width: 1024px) and (max-width: 1279px)\" srcset=\"https:\/\/a57.foxnews.com\/static.foxnews.com\/foxnews.com\/content\/uploads\/2025\/07\/931\/523\/cufi-israel-evangelicals-scaled.jpg?ve=1&amp;tl=1, https:\/\/a57.foxnews.com\/static.foxnews.com\/foxnews.com\/content\/uploads\/2025\/07\/1862\/1046\/cufi-israel-evangelicals-scaled.jpg?ve=1&amp;tl=1 2x\" height=\"523\" width=\"931\"><source media=\"(min-width: 1280px)\" srcset=\"https:\/\/a57.foxnews.com\/static.foxnews.com\/foxnews.com\/content\/uploads\/2025\/07\/720\/405\/cufi-israel-evangelicals-scaled.jpg?ve=1&amp;tl=1, https:\/\/a57.foxnews.com\/static.foxnews.com\/foxnews.com\/content\/uploads\/2025\/07\/1440\/810\/cufi-israel-evangelicals-scaled.jpg?ve=1&amp;tl=1 2x\" height=\"405\" width=\"720\"><img loading=\"lazy\" decoding=\"async\" src=\"https:\/\/a57.foxnews.com\/static.foxnews.com\/foxnews.com\/content\/uploads\/2025\/07\/1200\/675\/cufi-israel-evangelicals-scaled.jpg?ve=1&amp;tl=1\" alt=\"La cumbre de Cufi Washington\" width=\"1200\" height=\"675\"\/><\/source><\/source><\/source><\/source><\/picture><\/div>\n<div class=\"info\">\n<div class=\"caption\">\n<p><span>Los asistentes saludan a Israel y las banderas de los Estados Unidos en los cristianos unidos para la Cumbre de Israel el 17 de julio de 2023 en Arlington, Virginia.<\/span> <span>(Anna Moneymaker\/Getty Images)<\/span><\/p>\n<\/div>\n<\/div>\n<\/div>\n<p>Seg\u00fan la primera fuente, la rotaci\u00f3n de liderazgo en la Autoridad de Poblaci\u00f3n y Inmigraci\u00f3n ha exacerbado el problema. Amos Arbel, el ex jefe de la autoridad y el t\u00edo del ministro del Interior saliente Moshe Arbel, renunci\u00f3 hace unos cinco a\u00f1os. Sus reemplazos rotaron a trav\u00e9s de la posici\u00f3n en r\u00e1pida sucesi\u00f3n, y el papel est\u00e1 actualmente vacante.<\/p>\n<p>\u00abLa ausencia de liderazgo estable ha permitido que un funcionario de menor rango, el jefe de la secci\u00f3n de visas, tome decisiones unilaterales\u00bb, explic\u00f3 la fuente. \u00abElla rutinariamente ignora las recomendaciones, incluidas las del propio asesor de asuntos religiosos del Ministerio\u00bb.<\/p>\n<p>\u00abEs un problema cr\u00f3nico y es desalentador\u00bb, dijo la fuente. \u00abNo deber\u00eda tomar la intervenci\u00f3n de alguien como el embajador Huckabee para resolver lo que deber\u00eda ser un asunto burocr\u00e1tico de rutina\u00bb.<\/p>\n<p><strong>Los cristianos evang\u00e9licos, que han apoyado durante mucho tiempo a Israel, visitan como voluntarios de la guerra<\/strong><\/p>\n<p>En respuesta, Moshe Arbel envi\u00f3 una carta a Huckabee, reafirmando su \u00abcompromiso de revisar tales solicitudes [for clergy visas] Con la m\u00e1xima eficiencia \u00ab. Escribi\u00f3 que\u00bb inmediatamente despu\u00e9s de nuestra reuni\u00f3n, orden\u00e9 a todos los organismos profesionales relevantes que actuaran de acuerdo con las entendimientos que contactamos, y asign\u00e9 a asesores de mi oficina, encabezados por el Jefe de Gabinete, para garantizar una respuesta personal, continua y efectiva a tales solicitudes \u00ab.<\/p>\n<p>La oficina de Arbel dijo en un comunicado a Fox News Digital: \u00abNo hay miedo a las repercusiones diplom\u00e1ticas. El problema se maneja de manera buena y amigable\u00bb.<\/p>\n<div class=\"image-ct inline\">\n<div class=\"m\"><picture><source media=\"(max-width: 767px)\" srcset=\"https:\/\/a57.foxnews.com\/static.foxnews.com\/foxnews.com\/content\/uploads\/2024\/02\/343\/192\/GettyImages-1251833799.jpg?ve=1&amp;tl=1, https:\/\/a57.foxnews.com\/static.foxnews.com\/foxnews.com\/content\/uploads\/2024\/02\/686\/384\/GettyImages-1251833799.jpg?ve=1&amp;tl=1 2x\" height=\"192\" width=\"343\"><source media=\"(min-width: 768px) and (max-width: 1023px)\" srcset=\"https:\/\/a57.foxnews.com\/static.foxnews.com\/foxnews.com\/content\/uploads\/2024\/02\/672\/378\/GettyImages-1251833799.jpg?ve=1&amp;tl=1, https:\/\/a57.foxnews.com\/static.foxnews.com\/foxnews.com\/content\/uploads\/2024\/02\/1344\/756\/GettyImages-1251833799.jpg?ve=1&amp;tl=1 2x\" height=\"378\" width=\"672\"><source media=\"(min-width: 1024px) and (max-width: 1279px)\" srcset=\"https:\/\/a57.foxnews.com\/static.foxnews.com\/foxnews.com\/content\/uploads\/2024\/02\/931\/523\/GettyImages-1251833799.jpg?ve=1&amp;tl=1, https:\/\/a57.foxnews.com\/static.foxnews.com\/foxnews.com\/content\/uploads\/2024\/02\/1862\/1046\/GettyImages-1251833799.jpg?ve=1&amp;tl=1 2x\" height=\"523\" width=\"931\"><source media=\"(min-width: 1280px)\" srcset=\"https:\/\/a57.foxnews.com\/static.foxnews.com\/foxnews.com\/content\/uploads\/2024\/02\/720\/405\/GettyImages-1251833799.jpg?ve=1&amp;tl=1, https:\/\/a57.foxnews.com\/static.foxnews.com\/foxnews.com\/content\/uploads\/2024\/02\/1440\/810\/GettyImages-1251833799.jpg?ve=1&amp;tl=1 2x\" height=\"405\" width=\"720\"><img loading=\"lazy\" decoding=\"async\" src=\"https:\/\/a57.foxnews.com\/static.foxnews.com\/foxnews.com\/content\/uploads\/2024\/02\/1200\/675\/GettyImages-1251833799.jpg?ve=1&amp;tl=1\" alt=\"Gente caminando a trav\u00e9s de Dolorosa\" width=\"1200\" height=\"675\"\/><\/source><\/source><\/source><\/source><\/picture><\/div>\n<div class=\"info\">\n<div class=\"caption\">\n<p><span>Los cristianos ortodoxos llevan cruces de madera a lo largo de la Via Dolorosa (forma de sufrimiento) en la ciudad antigua de Jerusal\u00e9n durante la procesi\u00f3n del Viernes Santo ortodoxo el 14 de abril de 2023.<\/span> <span>(Saeed QAQ\/SOPA Images\/LighTrocket a trav\u00e9s de Getty Images)<\/span><\/p>\n<\/div>\n<\/div>\n<\/div>\n<p>Cuando fue contactado por Fox News Digital, la oficina del primer ministro en Jerusal\u00e9n declin\u00f3 hacer comentarios.<\/p>\n<p>A finales de 2024, la poblaci\u00f3n cristiana de Israel se estim\u00f3 en 180,300, aproximadamente el 1.8% de la poblaci\u00f3n total, lo que refleja un aumento de 0.6% de 2023, seg\u00fan datos de la Oficina Central de Estad\u00edsticas. Israel es el \u00fanico pa\u00eds en el Medio Oriente donde est\u00e1 creciendo la poblaci\u00f3n cristiana local.<\/p>\n<p><strong>Haga clic aqu\u00ed para obtener la aplicaci\u00f3n Fox News<\/strong><\/p>\n<p>David Parsons, vicepresidente de la Embajada Cristiana Internacional Jerusal\u00e9n, dijo a Fox News Digital que est\u00e1 \u00abmuy agradecido de que el embajador de los Estados Unidos haya intervenido en nombre de todas las organizaciones cristianas.<\/p>\n<p>\u00abEs una pena que tome este tipo de acci\u00f3n cuando el Gobierno y el Ministro del Interior deber\u00edan haberse reinado en el jefe de la secci\u00f3n de visas y corregir sus decisiones equivocadas\u00bb, dijo.<\/p>\n<p>El ex embajador de los Estados Unidos en Israel David Friedman le dijo a Fox News Digital que hab\u00eda hablado con individuos en ambos lados del tema y cre\u00eda que \u00abera un malentendido y que los grupos cristianos obtendr\u00e1n lo que necesitan. Esto no habla en absoluto con la relaci\u00f3n muy importante que Israel tiene con la comunidad cristiana\u00bb, dijo.<\/p>\n<p> <!----> <\/p>\n<div class=\"article-meta\">\n<div class=\"author-bio\">\n<p>Amelie Botbol es una periodista independiente con sede en Tel Aviv. Sus art\u00edculos han aparecido en el New York Post, el National Post de Canad\u00e1 y el Washington Times. Amelie se puede seguir en x @datrePorter <\/p>\n<\/div>\n<\/div>\n<\/div>\n\n","protected":false},"excerpt":{"rendered":"<p>NUEVO\u00a1Ahora puedes escuchar art\u00edculos de Fox News! La disputa diplom\u00e1tica provocada por un empleado de bajo nivel en el Ministerio del Interior de Israel sobre las solicitudes de visa para organizaciones cristianas se resolvi\u00f3 el lunes a trav\u00e9s de una \u00abcooperaci\u00f3n fruct\u00edfera\u00bb, dijo el abogado Calev Myers a Fox News Digital. \u00abLas organizaciones cristianas evang\u00e9licas &hellip;<\/p>\n","protected":false},"author":1,"featured_media":36946,"comment_status":"open","ping_status":"open","sticky":false,"template":"","format":"standard","meta":{"fifu_image_url":"https:\/\/static.foxnews.com\/foxnews.com\/content\/uploads\/2025\/07\/christian-pilgrims-israel.jpg","fifu_image_alt":"","footnotes":""},"categories":[13],"tags":[],"class_list":["post-36944","post","type-post","status-publish","format-standard","has-post-thumbnail","","category-mundo"],"_links":{"self":[{"href":"https:\/\/noticiasveraces.com\/index.php?rest_route=\/wp\/v2\/posts\/36944","targetHints":{"allow":["GET"]}}],"collection":[{"href":"https:\/\/noticiasveraces.com\/index.php?rest_route=\/wp\/v2\/posts"}],"about":[{"href":"https:\/\/noticiasveraces.com\/index.php?rest_route=\/wp\/v2\/types\/post"}],"author":[{"embeddable":true,"href":"https:\/\/noticiasveraces.com\/index.php?rest_route=\/wp\/v2\/users\/1"}],"replies":[{"embeddable":true,"href":"https:\/\/noticiasveraces.com\/index.php?rest_route=%2Fwp%2Fv2%2Fcomments&post=36944"}],"version-history":[{"count":0,"href":"https:\/\/noticiasveraces.com\/index.php?rest_route=\/wp\/v2\/posts\/36944\/revisions"}],"wp:featuredmedia":[{"embeddable":true,"href":"https:\/\/noticiasveraces.com\/index.php?rest_route=\/wp\/v2\/media\/36946"}],"wp:attachment":[{"href":"https:\/\/noticiasveraces.com\/index.php?rest_route=%2Fwp%2Fv2%2Fmedia&parent=36944"}],"wp:term":[{"taxonomy":"category","embeddable":true,"href":"https:\/\/noticiasveraces.com\/index.php?rest_route=%2Fwp%2Fv2%2Fcategories&post=36944"},{"taxonomy":"post_tag","embeddable":true,"href":"https:\/\/noticiasveraces.com\/index.php?rest_route=%2Fwp%2Fv2%2Ftags&post=36944"}],"curies":[{"name":"wp","href":"https:\/\/api.w.org\/{rel}","templated":true}]}}