{"id":36927,"date":"2025-07-21T10:17:48","date_gmt":"2025-07-21T14:17:48","guid":{"rendered":"https:\/\/noticiasveraces.com\/?p=36927"},"modified":"2025-07-21T10:17:48","modified_gmt":"2025-07-21T14:17:48","slug":"escepticismo-ante-el-acuerdo-de-paz-en-rd-del-congo-dw-21-07-2025","status":"publish","type":"post","link":"https:\/\/noticiasveraces.com\/?p=36927","title":{"rendered":"Escepticismo ante el acuerdo de paz en RD del Congo \u2013 DW \u2013 21\/07\/2025"},"content":{"rendered":"<p> \n<\/p>\n<div>\n<p>En una\u00a0declaraci\u00f3n de principios, firmada bajo mediaci\u00f3n catar\u00ed en Doha el s\u00e1bado (19.07.2025), el Gobierno congole\u00f1o y el grupo armado\u00a0AFC\/M23 reafirman\u00a0su compromiso de buscar una soluci\u00f3n pac\u00edfica al conflicto mediante la negociaci\u00f3n, de conformidad con los principios de la Constituci\u00f3n de Rep\u00fablica Democr\u00e1tica del Congo, la Uni\u00f3n Africana y la ONU.<\/p>\n<p>El documento compromete a ambas partes a un alto al fuego permanente, la prohibici\u00f3n de ataques a\u00e9reos, terrestres, mar\u00edtimos y desde lagos, as\u00ed como de\u00a0actos de sabotaje, propaganda de odio y cualquier intento de obtener nuevas posiciones por la fuerza. Tambi\u00e9n acordaron abstenerse de cualquier acci\u00f3n que pueda socavar el proceso.<\/p>\n<p>\u00abLo que convierte este texto en un avance significativo es que est\u00e1 vinculado\u00a0con un cronograma claro\u00bb, comenta a DW\u00a0Yvon Muya, profesor de la Escuela de Estudios de Conflictos de la Universidad de Saint Paul, en Ottawa, Canad\u00e1.<\/p>\n<p>\u00abSe espera que la implementaci\u00f3n comience el 29 de julio y las negociaciones para un acuerdo de paz integral inicien\u00a0el 8 de agosto\u00bb, dice\u00a0Muya a DW.<\/p>\n<p>Estas conversaciones estar\u00e1n alineadas\u00a0con el acuerdo de Washington entre Rep\u00fablica Democr\u00e1tica del Congo y Ruanda, que entra\u00a0en vigor la pr\u00f3xima semana. El objetivo es alcanzar y firmar este acuerdo de paz integral en el plazo de un mes.<\/p>\n<h2>Respeto a la integridad territorial y restablecimiento de la autoridad estatal<\/h2>\n<p>Otro punto clave reconocido por ambas partes es el restablecimiento de la autoridad estatal en todo el territorio nacional. Esto implica el retorno de las instituciones estatales (el Ej\u00e9rcito, la Polic\u00eda, el poder judicial y la administraci\u00f3n civil) a las zonas actualmente bajo control de los rebeldes de AFC\/M23.<\/p>\n<p>\u00abUna de las cl\u00e1usulas m\u00e1s importantes de la declaraci\u00f3n de intenciones es el \u00e9nfasis en extender el control y la autoridad del Estado a todo su territorio\u00bb, se\u00f1ala\u00a0el enviado especial de Estados Unidos para \u00c1frica, Massad Boulos, quien asisti\u00f3 a la ceremonia de la firma.<\/p>\n<p>Pero, a pesar de este optimismo,\u00a0pocas horas despu\u00e9s de la firma comenzaron a surgir divergencias. Por un lado, Kinshasa asegur\u00f3\u00a0haber logrado el compromiso de los rebeldes de retirarse de las zonas ocupadas.<\/p>\n<p>\u00abEsta declaraci\u00f3n tiene en cuenta las l\u00edneas rojas que siempre hemos defendido, en particular la retirada innegociable de AFC\/M23 de las zonas ocupadas\u00bb, escribi\u00f3 el portavoz del Gobierno, Patrick Muyaya, en la red social X.<\/p>\n<figure class=\"placeholder-image master_landscape big\"><img data-format=\"MASTER_LANDSCAPE\" data-id=\"72968236\" data-url=\"https:\/\/static.dw.com\/image\/72968236_${formatId}.jpg\" data-aspect-ratio=\"16\/9\" alt=\"El conflicto en Rep\u00fablica Democr\u00e1tica del Congo ha permitido que los rebeldes tomen el control de partes del este del pa\u00eds\" style=\"padding-bottom: 56.25%; height: 0; max-height: 0;\"\/><figcaption class=\"img-caption\">El conflicto en Rep\u00fablica Democr\u00e1tica del Congo ha permitido que los rebeldes tomen el control de partes del este del pa\u00eds<small class=\"copyright\">Im\u00e1genes: Arlette Bashizi \/ Reuters<\/small><\/figcaption><\/figure>\n<p>Por su parte, el grupo rebelde\u00a0respondi\u00f3 r\u00e1pidamente, acusando al Gobierno de Kinshasa de mala fe. \u00abLa AFC\/M23 no se retroceder\u00e1\u00a0ni un metro. Nos quedaremos donde estamos\u00bb, declar\u00f3 Benjamin Mbonimpa, jefe de la delegaci\u00f3n rebelde en Doha.<\/p>\n<h2>El reto de\u00a0la implementaci\u00f3n<\/h2>\n<p>Seg\u00fan el analista pol\u00edtico congole\u00f1o Christian Moleka, el principal desaf\u00edo, tanto del acuerdo de Washington entre Rep\u00fablica Democr\u00e1tica del Congo y Ruanda, como del acuerdo firmado en\u00a0Doha, sigue siendo la implementaci\u00f3n. <\/p>\n<p>\u00ab\u00bfSer\u00e1 diferente de los acuerdos anteriores en t\u00e9rminos de\u00a0implementaci\u00f3n sostenida? La cuesti\u00f3n\u00a0es: \u00bfexiste voluntad pol\u00edtica para llevarlo a cabo hasta el final?\u00bb, se pregunta Moleka.<\/p>\n<p>El experto expresa sus\u00a0dudas sobre si todas las partes realmente desean\u00a0una paz duradera y si los mecanismos de monitoreo funcionar\u00e1n mejor esta vez que en el pasado.<\/p>\n<p>Los firmantes se han comprometido a adoptar medidas de fomento de la confianza para tranquilizar a la poblaci\u00f3n congole\u00f1a e impulsar\u00a0un clima propicio para el di\u00e1logo.<\/p>\n<p>La declaraci\u00f3n destaca la urgente necesidad de implementar estas medidas, incluyendo la creaci\u00f3n, con el apoyo del Comit\u00e9 Internacional de la Cruz Roja, de un marco que, de conformidad con la legislaci\u00f3n congole\u00f1a, permita la liberaci\u00f3n de los prisioneros o detenidos identificados por ambas partes.<\/p>\n<p>Tambi\u00e9n prev\u00e9 el retorno seguro, voluntario y digno de los refugiados y las personas desplazadas.<\/p>\n<p><span data-slot-id=\"Article_InContent-1\" class=\"rich-text-ad\"\/><\/p>\n<h2>A\u00fan se necesita un mecanismo de monitoreo<\/h2>\n<p>No todos los cabos est\u00e1n atados. El documento no incluye sanciones por incumplimiento del acuerdo. Cabe destacar que el texto no menciona mecanismos de justicia, un punto importante a\u00fan lejos de resolverse. Incluso el acuerdo de Washington, que deb\u00eda entrar en vigor el 27 de junio, a\u00fan no ha mostrado avances tangibles.<\/p>\n<p>Adem\u00e1s, a\u00fan no se ha establecido un mecanismo de monitoreo y verificaci\u00f3n para definir los t\u00e9rminos del alto al fuego y garantizar la implementaci\u00f3n de la declaraci\u00f3n.<\/p>\n<p>\u00abEn teor\u00eda, el cronograma est\u00e1 claro y las partes manifiestan sus intenciones, pero la viabilidad de este calendario depende de m\u00faltiples factores\u00bb, analiza\u00a0Muya, que, al mismo tiempo,\u00a0destaca\u00a0la sinceridad de los compromisos, la presi\u00f3n de los actores regionales y sobre todo la capacidad de convertir los principios en acciones sobre el terreno.<\/p>\n<p>Estados Unidos, en particular bajo la administraci\u00f3n de Donald Trump, ha ejercido presi\u00f3n para lograr un acuerdo de paz duradero en Rep\u00fablica Democr\u00e1tica del Congo y la regi\u00f3n de los Grandes Lagos.<\/p>\n<p>Seg\u00fan Qatar, \u00abla responsabilidad de implementar este acuerdo recae principalmente en ambas partes, es decir, el Gobierno de Kinshasa y el grupo\u00a0rebelde AFC\/M23\u00bb.<\/p>\n<p>(RR\/MS)<\/p>\n<\/p>\n<\/div>\n\n","protected":false},"excerpt":{"rendered":"<p>En una\u00a0declaraci\u00f3n de principios, firmada bajo mediaci\u00f3n catar\u00ed en Doha el s\u00e1bado (19.07.2025), el Gobierno congole\u00f1o y el grupo armado\u00a0AFC\/M23 reafirman\u00a0su compromiso de buscar una soluci\u00f3n pac\u00edfica al conflicto mediante la negociaci\u00f3n, de conformidad con los principios de la Constituci\u00f3n de Rep\u00fablica Democr\u00e1tica del Congo, la Uni\u00f3n Africana y la ONU. El documento compromete a &hellip;<\/p>\n","protected":false},"author":1,"featured_media":36928,"comment_status":"open","ping_status":"open","sticky":false,"template":"","format":"standard","meta":{"fifu_image_url":"https:\/\/static.dw.com\/image\/73335327_6.jpg","fifu_image_alt":"","footnotes":""},"categories":[13],"tags":[],"class_list":["post-36927","post","type-post","status-publish","format-standard","has-post-thumbnail","","category-mundo"],"_links":{"self":[{"href":"https:\/\/noticiasveraces.com\/index.php?rest_route=\/wp\/v2\/posts\/36927","targetHints":{"allow":["GET"]}}],"collection":[{"href":"https:\/\/noticiasveraces.com\/index.php?rest_route=\/wp\/v2\/posts"}],"about":[{"href":"https:\/\/noticiasveraces.com\/index.php?rest_route=\/wp\/v2\/types\/post"}],"author":[{"embeddable":true,"href":"https:\/\/noticiasveraces.com\/index.php?rest_route=\/wp\/v2\/users\/1"}],"replies":[{"embeddable":true,"href":"https:\/\/noticiasveraces.com\/index.php?rest_route=%2Fwp%2Fv2%2Fcomments&post=36927"}],"version-history":[{"count":0,"href":"https:\/\/noticiasveraces.com\/index.php?rest_route=\/wp\/v2\/posts\/36927\/revisions"}],"wp:featuredmedia":[{"embeddable":true,"href":"https:\/\/noticiasveraces.com\/index.php?rest_route=\/wp\/v2\/media\/36928"}],"wp:attachment":[{"href":"https:\/\/noticiasveraces.com\/index.php?rest_route=%2Fwp%2Fv2%2Fmedia&parent=36927"}],"wp:term":[{"taxonomy":"category","embeddable":true,"href":"https:\/\/noticiasveraces.com\/index.php?rest_route=%2Fwp%2Fv2%2Fcategories&post=36927"},{"taxonomy":"post_tag","embeddable":true,"href":"https:\/\/noticiasveraces.com\/index.php?rest_route=%2Fwp%2Fv2%2Ftags&post=36927"}],"curies":[{"name":"wp","href":"https:\/\/api.w.org\/{rel}","templated":true}]}}