{"id":36901,"date":"2025-07-21T07:03:31","date_gmt":"2025-07-21T11:03:31","guid":{"rendered":"https:\/\/noticiasveraces.com\/?p=36901"},"modified":"2025-07-21T07:03:31","modified_gmt":"2025-07-21T11:03:31","slug":"los-enlaces-de-estudio-retrasaron-el-sueno-rem-al-riesgo-de-alzheimer-mas-alto","status":"publish","type":"post","link":"https:\/\/noticiasveraces.com\/?p=36901","title":{"rendered":"Los enlaces de estudio retrasaron el sue\u00f1o REM al riesgo de Alzheimer m\u00e1s alto"},"content":{"rendered":"<p> \n<\/p>\n<div>\n<div id=\"beyondwords-wrapper\" class=\"beyondwords-wrapper\">\n<p><span class=\"label-bg\">NUEVO<\/span>\u00a1Ahora puedes escuchar art\u00edculos de Fox News!\n  <\/p>\n<\/div>\n<p class=\"speakable\">Un nuevo estudio ha encontrado un v\u00ednculo entre el sue\u00f1o de movimiento ocular r\u00e1pido (REM) y la enfermedad de Alzheimer.<\/p>\n<p class=\"speakable\">La investigaci\u00f3n de China, publicada en la revista Alzheimer&#8217;s &#038; Dementia por la Asociaci\u00f3n de Alzheimer, analiz\u00f3 los ciclos de sue\u00f1o de 128 adultos en diferentes estados de cognici\u00f3n.<\/p>\n<p>El estudio encontr\u00f3 que la mayor ocurrencia de latencia REM, que es cuando le toma m\u00e1s tiempo a alguien alcanzar el primer per\u00edodo REM despu\u00e9s de quedarse dormido, se asoci\u00f3 con el mayor riesgo de Alzheimer.<\/p>\n<p><strong>Los hombres se enfrentan al riesgo de doble demencia si tienen una mutaci\u00f3n gen\u00e9tica oculta<\/strong><\/p>\n<p>Los investigadores concluyeron que la latencia REM prolongada puede servir como un \u00abnuevo marcador de factor de riesgo\u00bb para la enfermedad de Alzheimer y las demencias relacionadas.<\/p>\n<p>La Dra. Wendy Troxel, cient\u00edfica de comportamiento senior de Rand Corporation en California, dijo que este estudio se suma a \u00abevidencia creciente\u00bb de que las caracter\u00edsticas espec\u00edficas del sue\u00f1o, como el sue\u00f1o REM prolongado, est\u00e1n vinculadas a los biomarcadores de Alzheimer.<\/p>\n<div class=\"image-ct inline\">\n<div class=\"m\"><picture><source media=\"(max-width: 767px)\" srcset=\"https:\/\/a57.foxnews.com\/static.foxnews.com\/foxnews.com\/content\/uploads\/2025\/07\/343\/192\/man-sleeping.jpg?ve=1&amp;tl=1, https:\/\/a57.foxnews.com\/static.foxnews.com\/foxnews.com\/content\/uploads\/2025\/07\/686\/384\/man-sleeping.jpg?ve=1&amp;tl=1 2x\" height=\"192\" width=\"343\"><source media=\"(min-width: 768px) and (max-width: 1023px)\" srcset=\"https:\/\/a57.foxnews.com\/static.foxnews.com\/foxnews.com\/content\/uploads\/2025\/07\/672\/378\/man-sleeping.jpg?ve=1&amp;tl=1, https:\/\/a57.foxnews.com\/static.foxnews.com\/foxnews.com\/content\/uploads\/2025\/07\/1344\/756\/man-sleeping.jpg?ve=1&amp;tl=1 2x\" height=\"378\" width=\"672\"><source media=\"(min-width: 1024px) and (max-width: 1279px)\" srcset=\"https:\/\/a57.foxnews.com\/static.foxnews.com\/foxnews.com\/content\/uploads\/2025\/07\/931\/523\/man-sleeping.jpg?ve=1&amp;tl=1, https:\/\/a57.foxnews.com\/static.foxnews.com\/foxnews.com\/content\/uploads\/2025\/07\/1862\/1046\/man-sleeping.jpg?ve=1&amp;tl=1 2x\" height=\"523\" width=\"931\"><source media=\"(min-width: 1280px)\" srcset=\"https:\/\/a57.foxnews.com\/static.foxnews.com\/foxnews.com\/content\/uploads\/2025\/07\/720\/405\/man-sleeping.jpg?ve=1&amp;tl=1, https:\/\/a57.foxnews.com\/static.foxnews.com\/foxnews.com\/content\/uploads\/2025\/07\/1440\/810\/man-sleeping.jpg?ve=1&amp;tl=1 2x\" height=\"405\" width=\"720\"><img loading=\"lazy\" decoding=\"async\" src=\"https:\/\/a57.foxnews.com\/static.foxnews.com\/foxnews.com\/content\/uploads\/2025\/07\/1200\/675\/man-sleeping.jpg?ve=1&amp;tl=1\" alt=\"Hombre mayor intentando quedarse dormido en la cama\" width=\"1200\" height=\"675\"\/><\/source><\/source><\/source><\/source><\/picture><\/div>\n<div class=\"info\">\n<div class=\"caption\">\n<p><span>Los investigadores descubrieron que la latencia prolongada del sue\u00f1o REM podr\u00eda ser un marcador para Alzheimer y otras demencias.<\/span> <span>(Istock)<\/span><\/p>\n<\/div>\n<\/div>\n<\/div>\n<p>\u00abREM Sleep es la etapa del sue\u00f1o cuando los sue\u00f1os ocurren principalmente, y es de vital importancia para la consolidaci\u00f3n de la memoria y el procesamiento emocional\u00bb, dijo Troxel, con sede en Utah, quien tambi\u00e9n es autor de \u00abSharing the Covers: cada pareja para el sue\u00f1o mejor\u00bb, dijo Fox News Digital.<\/p>\n<p>Esta nueva investigaci\u00f3n se alinea con los hallazgos del propio laboratorio de Troxel, que han demostrado que otros signos de mala salud del sue\u00f1o, como la duraci\u00f3n m\u00e1s corta y la mala calidad, est\u00e1n asociados con una peor funci\u00f3n cognitiva.<\/p>\n<p><strong>Hacer estos 11 cambios en el estilo de vida podr\u00eda evitar los de Alzheimer, dice el experto<\/strong><\/p>\n<p>\u00abLas interrupciones del sue\u00f1o pueden contribuir a la acumulaci\u00f3n de prote\u00ednas amiloides y tau, caracter\u00edsticas clave de la patolog\u00eda de Alzheimer\u00bb, dijo el experto en el sue\u00f1o. <\/p>\n<p>\u00abPero tambi\u00e9n es importante tener en cuenta que el proceso de la enfermedad del Alzheimer en s\u00ed mismo puede interrumpir el sue\u00f1o, lo que sugiere una asociaci\u00f3n bidireccional entre los problemas del sue\u00f1o y el deterioro cognitivo\u00bb.<\/p>\n<div class=\"image-ct inline\">\n<div class=\"m\"><picture><source media=\"(max-width: 767px)\" srcset=\"https:\/\/a57.foxnews.com\/static.foxnews.com\/foxnews.com\/content\/uploads\/2024\/12\/343\/192\/istock-2160715346.jpg?ve=1&amp;tl=1, https:\/\/a57.foxnews.com\/static.foxnews.com\/foxnews.com\/content\/uploads\/2024\/12\/686\/384\/istock-2160715346.jpg?ve=1&amp;tl=1 2x\" height=\"192\" width=\"343\"><source media=\"(min-width: 768px) and (max-width: 1023px)\" srcset=\"https:\/\/a57.foxnews.com\/static.foxnews.com\/foxnews.com\/content\/uploads\/2024\/12\/672\/378\/istock-2160715346.jpg?ve=1&amp;tl=1, https:\/\/a57.foxnews.com\/static.foxnews.com\/foxnews.com\/content\/uploads\/2024\/12\/1344\/756\/istock-2160715346.jpg?ve=1&amp;tl=1 2x\" height=\"378\" width=\"672\"><source media=\"(min-width: 1024px) and (max-width: 1279px)\" srcset=\"https:\/\/a57.foxnews.com\/static.foxnews.com\/foxnews.com\/content\/uploads\/2024\/12\/931\/523\/istock-2160715346.jpg?ve=1&amp;tl=1, https:\/\/a57.foxnews.com\/static.foxnews.com\/foxnews.com\/content\/uploads\/2024\/12\/1862\/1046\/istock-2160715346.jpg?ve=1&amp;tl=1 2x\" height=\"523\" width=\"931\"><source media=\"(min-width: 1280px)\" srcset=\"https:\/\/a57.foxnews.com\/static.foxnews.com\/foxnews.com\/content\/uploads\/2024\/12\/720\/405\/istock-2160715346.jpg?ve=1&amp;tl=1, https:\/\/a57.foxnews.com\/static.foxnews.com\/foxnews.com\/content\/uploads\/2024\/12\/1440\/810\/istock-2160715346.jpg?ve=1&amp;tl=1 2x\" height=\"405\" width=\"720\"><img loading=\"lazy\" decoding=\"async\" src=\"https:\/\/a57.foxnews.com\/static.foxnews.com\/foxnews.com\/content\/uploads\/2024\/12\/1200\/675\/istock-2160715346.jpg?ve=1&amp;tl=1\" alt=\"El m\u00e9dico apuntando al monitor de computadora de escritorio con tomograf\u00eda computarizada del cerebro del paciente\" width=\"1200\" height=\"675\"\/><\/source><\/source><\/source><\/source><\/picture><\/div>\n<div class=\"info\">\n<div class=\"caption\">\n<p><span>Un experto en salud del cerebro dice que la correlaci\u00f3n entre una buena noche de sue\u00f1o y el riesgo de demencia se ha \u00abentendido durante mucho tiempo\u00bb.<\/span> <span>(Istock)<\/span><\/p>\n<\/div>\n<\/div>\n<\/div>\n<p>El Dr. Giulio Taglialatela, vicepresidente y Director del Instituto de Investigaci\u00f3n del Instituto de Salud Brain de la Rama M\u00e9dica de la Universidad de Texas, reaccion\u00f3 a estos hallazgos en una entrevista separada con Fox News Digital.<\/p>\n<p>Taglialatela dijo que se ha \u00abentendido durante mucho tiempo\u00bb que dormir bien por la noche se asocia con un menor riesgo de desarrollar demencia.<\/p>\n<p><strong><u>Haga clic aqu\u00ed para obtener la aplicaci\u00f3n Fox News<\/u><\/strong><\/p>\n<p>\u00abNuestros cerebros usan el sue\u00f1o para eliminar las prote\u00ednas t\u00f3xicas, como las asociadas con el Alzheimer, y estos resultados muestran que el mecanismo de limpieza es menos efectivo cuando lleva m\u00e1s tiempo ingresar al ciclo REM\u00bb, se\u00f1al\u00f3.<\/p>\n<p>\u00abDesafortunadamente, no hay nada que un individuo pueda hacer para controlar cu\u00e1nto tiempo lleva entrar en el sue\u00f1o REM\u00bb, el experto \u00ab.<\/p>\n<blockquote class=\"pull-quote\">\n<p class=\"quote-text\">\u00abNuestros cerebros usan el sue\u00f1o para eliminar las prote\u00ednas t\u00f3xicas, como las asociadas con el Alzheimer\u00bb.<\/p>\n<p> <!----><\/p><\/blockquote>\n<p>Sin embargo, dijo el experto, los hallazgos proporcionan una \u00abv\u00eda prometedora\u00bb para predecir la probabilidad de que alguien que finalmente desarrolle la demencia.<\/p>\n<p>\u00abLa intervenci\u00f3n temprana en el Alzheimer es esencial para retrasar su progresi\u00f3n, y medir el sue\u00f1o REM podr\u00eda ser un marcador para indicar qui\u00e9n puede ser un candidato para el tratamiento incluso antes de que comiencen a mostrar una funci\u00f3n cognitiva deteriorada\u00bb, dijo Taglialatela.<\/p>\n<div class=\"image-ct inline\">\n<div class=\"m\"><picture><source media=\"(max-width: 767px)\" srcset=\"https:\/\/a57.foxnews.com\/static.foxnews.com\/foxnews.com\/content\/uploads\/2025\/07\/343\/192\/woman-cant-sleep.jpg?ve=1&amp;tl=1, https:\/\/a57.foxnews.com\/static.foxnews.com\/foxnews.com\/content\/uploads\/2025\/07\/686\/384\/woman-cant-sleep.jpg?ve=1&amp;tl=1 2x\" height=\"192\" width=\"343\"><source media=\"(min-width: 768px) and (max-width: 1023px)\" srcset=\"https:\/\/a57.foxnews.com\/static.foxnews.com\/foxnews.com\/content\/uploads\/2025\/07\/672\/378\/woman-cant-sleep.jpg?ve=1&amp;tl=1, https:\/\/a57.foxnews.com\/static.foxnews.com\/foxnews.com\/content\/uploads\/2025\/07\/1344\/756\/woman-cant-sleep.jpg?ve=1&amp;tl=1 2x\" height=\"378\" width=\"672\"><source media=\"(min-width: 1024px) and (max-width: 1279px)\" srcset=\"https:\/\/a57.foxnews.com\/static.foxnews.com\/foxnews.com\/content\/uploads\/2025\/07\/931\/523\/woman-cant-sleep.jpg?ve=1&amp;tl=1, https:\/\/a57.foxnews.com\/static.foxnews.com\/foxnews.com\/content\/uploads\/2025\/07\/1862\/1046\/woman-cant-sleep.jpg?ve=1&amp;tl=1 2x\" height=\"523\" width=\"931\"><source media=\"(min-width: 1280px)\" srcset=\"https:\/\/a57.foxnews.com\/static.foxnews.com\/foxnews.com\/content\/uploads\/2025\/07\/720\/405\/woman-cant-sleep.jpg?ve=1&amp;tl=1, https:\/\/a57.foxnews.com\/static.foxnews.com\/foxnews.com\/content\/uploads\/2025\/07\/1440\/810\/woman-cant-sleep.jpg?ve=1&amp;tl=1 2x\" height=\"405\" width=\"720\"><img loading=\"lazy\" decoding=\"async\" src=\"https:\/\/a57.foxnews.com\/static.foxnews.com\/foxnews.com\/content\/uploads\/2025\/07\/1200\/675\/woman-cant-sleep.jpg?ve=1&amp;tl=1\" alt=\"La mujer mayor no puede dormir - Insomnio\" width=\"1200\" height=\"675\"\/><\/source><\/source><\/source><\/source><\/picture><\/div>\n<div class=\"info\">\n<div class=\"caption\">\n<p><span>\u00abLa intervenci\u00f3n temprana en Alzheimer es esencial para retrasar su progresi\u00f3n, y medir el sue\u00f1o REM podr\u00eda ser un marcador para indicar qui\u00e9n puede ser un candidato para el tratamiento incluso antes de que comiencen a mostrar una funci\u00f3n cognitiva deteriorada\u00bb, dijo un experto.<\/span> <span>(Istock)<\/span><\/p>\n<\/div>\n<\/div>\n<\/div>\n<h2>Limitaciones potenciales<\/h2>\n<p>El estudio ten\u00eda algunas limitaciones, reconocieron los investigadores, principalmente que era transversal y, por lo tanto, no se puede determinar la direcci\u00f3n de la asociaci\u00f3n \u00ab.<\/p>\n<p>El tama\u00f1o de la muestra tambi\u00e9n fue relativamente peque\u00f1o, y los investigadores solo se centraron en un tipo espec\u00edfico de prote\u00edna Tau.<\/p>\n<p><strong><u>Haga clic aqu\u00ed para registrarse en nuestro bolet\u00edn de salud<\/u><\/strong><\/p>\n<p>Tambi\u00e9n existe la posibilidad de que el monitoreo del sue\u00f1o en un entorno cl\u00ednico pueda introducir \u00abtrastornos ambientales\u00bb, lo que impacta la precisi\u00f3n de la medici\u00f3n del sue\u00f1o, se\u00f1alaron los investigadores. \u00abLos estudios futuros se beneficiar\u00e1n de la investigaci\u00f3n en entornos de viviendas del mundo real\u00bb, escribieron. <\/p>\n<h2>Consejos para mejoras del sue\u00f1o<\/h2>\n<p>Si bien estos hallazgos son importantes, dijo Troxel, alienta a las personas a no permitir que la informaci\u00f3n sea \u00abotra fuente de preocupaci\u00f3n que lo mantiene despierto por la noche\u00bb.<\/p>\n<div class=\"image-ct inline\">\n<div class=\"m\"><picture><source media=\"(max-width: 767px)\" srcset=\"https:\/\/a57.foxnews.com\/static.foxnews.com\/foxnews.com\/content\/uploads\/2025\/01\/343\/192\/dementia-brain-scan.jpg?ve=1&amp;tl=1, https:\/\/a57.foxnews.com\/static.foxnews.com\/foxnews.com\/content\/uploads\/2025\/01\/686\/384\/dementia-brain-scan.jpg?ve=1&amp;tl=1 2x\" height=\"192\" width=\"343\"><source media=\"(min-width: 768px) and (max-width: 1023px)\" srcset=\"https:\/\/a57.foxnews.com\/static.foxnews.com\/foxnews.com\/content\/uploads\/2025\/01\/672\/378\/dementia-brain-scan.jpg?ve=1&amp;tl=1, https:\/\/a57.foxnews.com\/static.foxnews.com\/foxnews.com\/content\/uploads\/2025\/01\/1344\/756\/dementia-brain-scan.jpg?ve=1&amp;tl=1 2x\" height=\"378\" width=\"672\"><source media=\"(min-width: 1024px) and (max-width: 1279px)\" srcset=\"https:\/\/a57.foxnews.com\/static.foxnews.com\/foxnews.com\/content\/uploads\/2025\/01\/931\/523\/dementia-brain-scan.jpg?ve=1&amp;tl=1, https:\/\/a57.foxnews.com\/static.foxnews.com\/foxnews.com\/content\/uploads\/2025\/01\/1862\/1046\/dementia-brain-scan.jpg?ve=1&amp;tl=1 2x\" height=\"523\" width=\"931\"><source media=\"(min-width: 1280px)\" srcset=\"https:\/\/a57.foxnews.com\/static.foxnews.com\/foxnews.com\/content\/uploads\/2025\/01\/720\/405\/dementia-brain-scan.jpg?ve=1&amp;tl=1, https:\/\/a57.foxnews.com\/static.foxnews.com\/foxnews.com\/content\/uploads\/2025\/01\/1440\/810\/dementia-brain-scan.jpg?ve=1&amp;tl=1 2x\" height=\"405\" width=\"720\"><img loading=\"lazy\" decoding=\"async\" src=\"https:\/\/a57.foxnews.com\/static.foxnews.com\/foxnews.com\/content\/uploads\/2025\/01\/1200\/675\/dementia-brain-scan.jpg?ve=1&amp;tl=1\" alt=\"Escaneo cerebral de demencia\" width=\"1200\" height=\"675\"\/><\/source><\/source><\/source><\/source><\/picture><\/div>\n<div class=\"info\">\n<div class=\"caption\">\n<p><span>Centrarse en los h\u00e1bitos de sue\u00f1o b\u00e1sicos es la forma \u00abm\u00e1s efectiva\u00bb de apoyar la salud del cerebro y el bienestar general, dijo un experto.<\/span> <span>(Istock)<\/span><\/p>\n<\/div>\n<\/div>\n<\/div>\n<p>\u00abEvite la tendencia a obsesionarse demasiado con las m\u00e9tricas como el porcentaje de sue\u00f1o REM o la latencia de los rastreadores de sue\u00f1o del consumidor, ya que tienen una precisi\u00f3n limitada para determinar la arquitectura del sue\u00f1o\u00bb, advirti\u00f3. \u00abObsesarse en tales datos puede aumentar la ansiedad, que es un poderoso disruptor del sue\u00f1o\u00bb.<\/p>\n<p>El mejor enfoque es centrarse en las bases de la buena salud del sue\u00f1o, dijo el experto.<\/p>\n<p>Los adultos deben esforzarse durante siete a nueve horas de shuteye y deben mantener los tiempos de sue\u00f1o y vigilia constantes, seg\u00fan Troxel.<\/p>\n<blockquote class=\"pull-quote\">\n<p class=\"quote-text\">\u00abObsesarse en tales datos puede aumentar la ansiedad, que es un poderoso disruptor del sue\u00f1o\u00bb.<\/p>\n<p> <!----><\/p><\/blockquote>\n<p>\u00abMinimizar disruptores comunes como la cafe\u00edna y el alcohol excesivos, que se sabe que fragmentan el sue\u00f1o REM, [as well as] Uso de la pantalla antes de acostarse \u00ab, agreg\u00f3.<\/p>\n<p><i><strong>Para m\u00e1s art\u00edculos de salud, visite www.foxnews.com\/Health<\/strong><\/i><\/p>\n<p>\u00abCentrarse en estos h\u00e1bitos de sue\u00f1o b\u00e1sicos es la forma m\u00e1s efectiva y basada en la evidencia de apoyar el cerebro y la salud en general\u00bb.<\/p>\n<p>Taglialatela tambi\u00e9n alienta a las personas a centrarse en crear un \u00abentorno ideal para dormir\u00bb mientras mantiene \u00abbuenos h\u00e1bitos antes de acostarse\u00bb para reducir el riesgo de desarrollar el Alzheimer.<\/p>\n<p> <!----> <\/p>\n<div class=\"article-meta\">\n<div class=\"author-bio\">\n<p>Angelica Stabile es una reportera de estilo de vida para Fox News Digital.<\/p>\n<\/div>\n<\/div>\n<\/div>\n\n","protected":false},"excerpt":{"rendered":"<p>NUEVO\u00a1Ahora puedes escuchar art\u00edculos de Fox News! Un nuevo estudio ha encontrado un v\u00ednculo entre el sue\u00f1o de movimiento ocular r\u00e1pido (REM) y la enfermedad de Alzheimer. La investigaci\u00f3n de China, publicada en la revista Alzheimer&#8217;s &#038; Dementia por la Asociaci\u00f3n de Alzheimer, analiz\u00f3 los ciclos de sue\u00f1o de 128 adultos en diferentes estados de &hellip;<\/p>\n","protected":false},"author":1,"featured_media":36903,"comment_status":"open","ping_status":"open","sticky":false,"template":"","format":"standard","meta":{"fifu_image_url":"https:\/\/a57.foxnews.com\/static.foxnews.com\/foxnews.com\/content\/uploads\/2025\/07\/1200\/675\/man-sleeping.jpg?ve=1&tl=1","fifu_image_alt":"","footnotes":""},"categories":[8],"tags":[],"class_list":["post-36901","post","type-post","status-publish","format-standard","has-post-thumbnail","","category-salud"],"_links":{"self":[{"href":"https:\/\/noticiasveraces.com\/index.php?rest_route=\/wp\/v2\/posts\/36901","targetHints":{"allow":["GET"]}}],"collection":[{"href":"https:\/\/noticiasveraces.com\/index.php?rest_route=\/wp\/v2\/posts"}],"about":[{"href":"https:\/\/noticiasveraces.com\/index.php?rest_route=\/wp\/v2\/types\/post"}],"author":[{"embeddable":true,"href":"https:\/\/noticiasveraces.com\/index.php?rest_route=\/wp\/v2\/users\/1"}],"replies":[{"embeddable":true,"href":"https:\/\/noticiasveraces.com\/index.php?rest_route=%2Fwp%2Fv2%2Fcomments&post=36901"}],"version-history":[{"count":0,"href":"https:\/\/noticiasveraces.com\/index.php?rest_route=\/wp\/v2\/posts\/36901\/revisions"}],"wp:featuredmedia":[{"embeddable":true,"href":"https:\/\/noticiasveraces.com\/index.php?rest_route=\/wp\/v2\/media\/36903"}],"wp:attachment":[{"href":"https:\/\/noticiasveraces.com\/index.php?rest_route=%2Fwp%2Fv2%2Fmedia&parent=36901"}],"wp:term":[{"taxonomy":"category","embeddable":true,"href":"https:\/\/noticiasveraces.com\/index.php?rest_route=%2Fwp%2Fv2%2Fcategories&post=36901"},{"taxonomy":"post_tag","embeddable":true,"href":"https:\/\/noticiasveraces.com\/index.php?rest_route=%2Fwp%2Fv2%2Ftags&post=36901"}],"curies":[{"name":"wp","href":"https:\/\/api.w.org\/{rel}","templated":true}]}}