{"id":36894,"date":"2025-07-21T06:30:14","date_gmt":"2025-07-21T10:30:14","guid":{"rendered":"https:\/\/noticiasveraces.com\/?p=36894"},"modified":"2025-07-21T06:30:14","modified_gmt":"2025-07-21T10:30:14","slug":"almeria-y-sporting-de-portugal-ya-negocian-por-luis-suarez","status":"publish","type":"post","link":"https:\/\/noticiasveraces.com\/?p=36894","title":{"rendered":"Almer\u00eda y Sporting de Portugal ya negocian por Luis Su\u00e1rez"},"content":{"rendered":"<p> \n<\/p>\n<div>\n<p data-mrf-recirculation=\"Links P\u00e1rrafos\" class=\"ue-c-article__paragraph paragraph ue-c-article--first-letter-highlighted\">La venta de <strong>Luis Su\u00e1rez<\/strong> acaba de escribir un nuevo e importante cap\u00edtulo. A pesar del conocido inter\u00e9s del Sporting de Portugal en el actual Pichichi de Segunda, el club de Lisboa no hab\u00eda contactado de manera formal a la entidad almeriense\u2026 hasta ahora. Fabrizio Romano, informaba anoche de que <strong>los contactos entre el Almer\u00eda y el Sporting se hab\u00edan intensificado en las \u00faltimas horas<\/strong>algo que han podido confirmar fuentes del club almeriense a MARCA.<\/p>\n<p data-mrf-recirculation=\"Links P\u00e1rrafos\" class=\"ue-c-article__paragraph paragraph\">Ambos clubes se encuentran en la <strong>primera fase de la negociaci\u00f3n<\/strong>que se espera que no se alargue demasiado. De hecho, Luis Su\u00e1rez deber\u00eda viajar ma\u00f1ana a la concentraci\u00f3n de Marbella con su equipo mientras su fichaje no se haya resuelto del todo. No obstante, esta semana podr\u00eda quedar sellado en funci\u00f3n de c\u00f3mo avance paralelamente uno de los culebrones del mercado de verano: <strong>el traspaso de Viktor Gyokeres al Arsenal<\/strong>.<\/p>\n<p data-mrf-recirculation=\"Links P\u00e1rrafos\" class=\"ue-c-article__paragraph paragraph\">Desde Portugal, el \u2018Diario R\u00e9cord\u2019 a\u00f1ade que incluso ya existe una primera oferta del Sporting Club al Almer\u00eda de <strong>18 millones fijos m\u00e1s otros 5 en variables<\/strong>. Desde el Almer\u00eda no han confirmado ni desmentido estos valores, pero advierten a este medio de que no existe todav\u00eda ning\u00fan acuerdo por el delantero colombiano. Las <strong>exigencias del club ind\u00e1lico son m\u00e1s elevadas, pretendiendo llegar a los 25 millones <\/strong>que convertir\u00edan su traspaso en la venta m\u00e1s importante en la historia de Segunda Divisi\u00f3n, superando la de Darwin N\u00fa\u00f1ez al Benfica por 24, que tambi\u00e9n ostenta hasta el momento la UD Almer\u00eda.<\/p>\n<p data-mrf-recirculation=\"Links P\u00e1rrafos\" class=\"ue-c-article__paragraph paragraph\">Con respecto a Su\u00e1rez, lo tiene todo apalabrado con el conjunto portugu\u00e9s. El goleador <strong>quiere jugar en el actual campe\u00f3n de la liga portuguesa y est\u00e1 deseando disputar la Champions League<\/strong>. En principio, se espera que esta semana sea importante para desencallar el futuro de Su\u00e1rez y que termine fructificando su fichaje por los leones.<\/p>\n<\/div>\n\n","protected":false},"excerpt":{"rendered":"<p>La venta de Luis Su\u00e1rez acaba de escribir un nuevo e importante cap\u00edtulo. A pesar del conocido inter\u00e9s del Sporting de Portugal en el actual Pichichi de Segunda, el club de Lisboa no hab\u00eda contactado de manera formal a la entidad almeriense\u2026 hasta ahora. Fabrizio Romano, informaba anoche de que los contactos entre el Almer\u00eda &hellip;<\/p>\n","protected":false},"author":1,"featured_media":36895,"comment_status":"open","ping_status":"open","sticky":false,"template":"","format":"standard","meta":{"fifu_image_url":"https:\/\/e00-xlk-ue-marca.uecdn.es\/files\/phantom_desktop_1200w\/uploads\/2025\/07\/21\/687e0c461cc72.jpeg","fifu_image_alt":"","footnotes":""},"categories":[6],"tags":[],"class_list":["post-36894","post","type-post","status-publish","format-standard","has-post-thumbnail","","category-deportes"],"_links":{"self":[{"href":"https:\/\/noticiasveraces.com\/index.php?rest_route=\/wp\/v2\/posts\/36894","targetHints":{"allow":["GET"]}}],"collection":[{"href":"https:\/\/noticiasveraces.com\/index.php?rest_route=\/wp\/v2\/posts"}],"about":[{"href":"https:\/\/noticiasveraces.com\/index.php?rest_route=\/wp\/v2\/types\/post"}],"author":[{"embeddable":true,"href":"https:\/\/noticiasveraces.com\/index.php?rest_route=\/wp\/v2\/users\/1"}],"replies":[{"embeddable":true,"href":"https:\/\/noticiasveraces.com\/index.php?rest_route=%2Fwp%2Fv2%2Fcomments&post=36894"}],"version-history":[{"count":0,"href":"https:\/\/noticiasveraces.com\/index.php?rest_route=\/wp\/v2\/posts\/36894\/revisions"}],"wp:featuredmedia":[{"embeddable":true,"href":"https:\/\/noticiasveraces.com\/index.php?rest_route=\/wp\/v2\/media\/36895"}],"wp:attachment":[{"href":"https:\/\/noticiasveraces.com\/index.php?rest_route=%2Fwp%2Fv2%2Fmedia&parent=36894"}],"wp:term":[{"taxonomy":"category","embeddable":true,"href":"https:\/\/noticiasveraces.com\/index.php?rest_route=%2Fwp%2Fv2%2Fcategories&post=36894"},{"taxonomy":"post_tag","embeddable":true,"href":"https:\/\/noticiasveraces.com\/index.php?rest_route=%2Fwp%2Fv2%2Ftags&post=36894"}],"curies":[{"name":"wp","href":"https:\/\/api.w.org\/{rel}","templated":true}]}}